{"id":645725,"date":"2025-12-14T14:26:23","date_gmt":"2025-12-14T14:26:23","guid":{"rendered":"https:\/\/www.europesays.com\/de\/645725\/"},"modified":"2025-12-14T14:26:23","modified_gmt":"2025-12-14T14:26:23","slug":"neue-e-ladesaeulen-im-marktplatz-center-neubrandenburg","status":"publish","type":"post","link":"https:\/\/www.europesays.com\/de\/645725\/","title":{"rendered":"Neue E-Lades\u00e4ulen im Marktplatz-Center Neubrandenburg"},"content":{"rendered":"<p class=\"paragraph tw-mx-auto tw-mb-6\">Das <a data-li-document-ref=\"4135446\" href=\"https:\/\/www.nordkurier.de\/regional\/neubrandenburg\/manager-von-grossem-einkaufscenter-macht-deutlich-das-ist-nicht-unser-anspruch-4135446\" rel=\"nofollow noopener\" target=\"_blank\">Neubrandenburger Marktplatz-Center<\/a> hat neue E-Lades\u00e4ulen bekommen. In der Tiefgarage des Einkaufszentrums stehen ab sofort zehn Ladepunkte mit 50 beziehungsweise 150 kW Ladeleistung zur Verf\u00fcgung.<\/p>\n<p><img decoding=\"async\" src=\"https:\/\/www.europesays.com\/de\/wp-content\/uploads\/2025\/12\/9c45e824-a5a4-4c2e-9d1c-319b0c2591e9.jpg\" loading=\"lazy\" alt=\"In der Tiefgarage des Marktplatz-Centers gibt es nun Lades\u00e4ulen.\"\/><img decoding=\"async\" alt=\"Bild vergr\u00f6\u00dfern\" class=\"sm:tw-w-9 sm:tw-h-9\" src=\"https:\/\/www.nordkurier.de\/_next\/static\/media\/imageExpand.10dba927.svg\"\/><\/p>\n<p>In der Tiefgarage des Marktplatz-Centers gibt es nun Lades\u00e4ulen. (Foto: ZVG)<\/p>\n<p>So kann bezahlt werden<\/p>\n<p class=\"paragraph tw-mx-auto tw-mb-6\">Wie aus der entsprechenden Mitteilung des Centers hervorgeht, sind alle gro\u00dfen Ladestromanbieter Akzeptanzstellen, \u201eaber auch vertraglose Zahlungen mit EC- oder Kreditkarten sind selbstverst\u00e4ndlich m\u00f6glich\u201c.<\/p>\n<p class=\"tw-text-neutral-10 tw-text-title-md tw-pt-2 tw-pb-4 tw-font-primary tw-border-t tw-mb-0 tw-border-neutral-10 tw-border-solid\">Empfohlene Artikel<\/p>\n<p><a href=\"https:\/\/www.nordkurier.de\/regional\/neubrandenburg\/diese-niedlichen-vierbeiner-duerfen-sich-ueber-ein-vorweihnachtliches-geschenk-freuen-4180075\" class=\"sve-teaser_large\" aria-label=\"Diese niedlichen Vierbeiner d\u00fcrfen sich \u00fcber ein vorweihnachtliches Geschenk freuen\" rel=\"nofollow noopener\" target=\"_blank\"><img decoding=\"async\" width=\"998\" height=\"561\" src=\"https:\/\/www.europesays.com\/de\/wp-content\/uploads\/2025\/12\/bac05fd3-9296-41d4-8c5b-ec47878a7d91.jpg\" loading=\"lazy\" alt=\"Diese niedlichen Vierbeiner d\u00fcrfen sich \u00fcber ein vorweihnachtliches Geschenk freuen\"\/><\/a><a href=\"https:\/\/www.nordkurier.de\/regional\/neubrandenburg\/alles-wird-teurer-nein-millionen-deutsche-und-ich-koennen-sich-gluecklich-schaetzen-4177257\" class=\"sve-teaser_large\" aria-label=\"Alles wird teurer? Nein, Millionen Deutsche und ich k\u00f6nnen sich gl\u00fccklich sch\u00e4tzen!\" rel=\"nofollow noopener\" target=\"_blank\"><img decoding=\"async\" width=\"998\" height=\"561\" src=\"https:\/\/www.europesays.com\/de\/wp-content\/uploads\/2025\/12\/94980f78-0c51-4473-9fe1-73eef6de1ae2.jpg\" loading=\"lazy\" alt=\"Alles wird teurer? Nein, Millionen Deutsche und ich k\u00f6nnen sich gl\u00fccklich sch\u00e4tzen!\"\/><\/a><\/p>\n","protected":false},"excerpt":{"rendered":"Das Neubrandenburger Marktplatz-Center hat neue E-Lades\u00e4ulen bekommen. In der Tiefgarage des Einkaufszentrums stehen ab sofort zehn Ladepunkte mit&hellip;\n","protected":false},"author":2,"featured_media":645726,"comment_status":"","ping_status":"","sticky":false,"template":"","format":"standard","meta":{"footnotes":"","_share_on_mastodon":"0"},"categories":[134],"tags":[175,170,169,29,30,171,174,151764,15672,173,172],"class_list":["post-645725","post","type-post","status-publish","format-standard","has-post-thumbnail","category-unternehmen-maerkte","tag-business","tag-companies","tag-companies-markets","tag-deutschland","tag-germany","tag-markets","tag-maerkte","tag-marktplatz-center","tag-neubrandenburg","tag-unternehmen","tag-unternehmen-maerkte"],"share_on_mastodon":{"url":"https:\/\/pubeurope.com\/@de\/115718389395122366","error":""},"_links":{"self":[{"href":"https:\/\/www.europesays.com\/de\/wp-json\/wp\/v2\/posts\/645725","targetHints":{"allow":["GET"]}}],"collection":[{"href":"https:\/\/www.europesays.com\/de\/wp-json\/wp\/v2\/posts"}],"about":[{"href":"https:\/\/www.europesays.com\/de\/wp-json\/wp\/v2\/types\/post"}],"author":[{"embeddable":true,"href":"https:\/\/www.europesays.com\/de\/wp-json\/wp\/v2\/users\/2"}],"replies":[{"embeddable":true,"href":"https:\/\/www.europesays.com\/de\/wp-json\/wp\/v2\/comments?post=645725"}],"version-history":[{"count":0,"href":"https:\/\/www.europesays.com\/de\/wp-json\/wp\/v2\/posts\/645725\/revisions"}],"wp:featuredmedia":[{"embeddable":true,"href":"https:\/\/www.europesays.com\/de\/wp-json\/wp\/v2\/media\/645726"}],"wp:attachment":[{"href":"https:\/\/www.europesays.com\/de\/wp-json\/wp\/v2\/media?parent=645725"}],"wp:term":[{"taxonomy":"category","embeddable":true,"href":"https:\/\/www.europesays.com\/de\/wp-json\/wp\/v2\/categories?post=645725"},{"taxonomy":"post_tag","embeddable":true,"href":"https:\/\/www.europesays.com\/de\/wp-json\/wp\/v2\/tags?post=645725"}],"curies":[{"name":"wp","href":"https:\/\/api.w.org\/{rel}","templated":true}]}}