{"id":645738,"date":"2025-12-14T14:37:13","date_gmt":"2025-12-14T14:37:13","guid":{"rendered":"https:\/\/www.europesays.com\/de\/645738\/"},"modified":"2025-12-14T14:37:13","modified_gmt":"2025-12-14T14:37:13","slug":"musikwinter-bringt-adventsstimmung-auf-den-wegberger-rathausplatz","status":"publish","type":"post","link":"https:\/\/www.europesays.com\/de\/645738\/","title":{"rendered":"Musikwinter bringt Adventsstimmung auf den Wegberger Rathausplatz"},"content":{"rendered":"<p class=\"text_ohne_einzug richtext text-em-55 !leading-serif mx-6 desktop:mx-0\"> Bereits seit Beginn der Adventszeit hat sich der Wegberger Rathausplatz in ein kleines Winter-Wunderland verwandelt: Die Eisbahn der Werbegemeinschaft, der Gl\u00fchweinstand und das \u201eRudolph\u2019s\u201c machen es im Herzen der M\u00fchlenstadt so richtig gem\u00fctlich. Seit dem letzten Jahr ist auch der NEW-Musikwinter Teil des Programms rund um den Rathausplatz zur Adventszeit. Am Samstagabend brachte der Energieversorger mit Just:is und Sara van Hellemond K\u00fcnstler auf die B\u00fchne, die das Wegberger Publikum in Feierstimmung brachten. Die Konzertreihe ist, genau wie der NEW-Musiksommer, immer kostenfrei f\u00fcr alle Besucherinnen und Besucher. Das Angebot gibt K\u00fcnstlern aus der Region eine B\u00fchne und soll Menschen in der Adventszeit zusammen- und in Adventsstimmung bringen. Ganz nebenbei k\u00f6nnen Besucherinnen und Besucher dazu noch was Gutes tun: Zwei Vertreter des Hilfsnetzwerks \u201eSt. Martin hilft\u201c gingen durch die Reihen und sammelten Spenden f\u00fcr ihre gemeinn\u00fctzigen Projekte.<\/p>\n","protected":false},"excerpt":{"rendered":"Bereits seit Beginn der Adventszeit hat sich der Wegberger Rathausplatz in ein kleines Winter-Wunderland verwandelt: Die Eisbahn der&hellip;\n","protected":false},"author":2,"featured_media":645739,"comment_status":"","ping_status":"","sticky":false,"template":"","format":"standard","meta":{"footnotes":""},"categories":[1849],"tags":[125302,140295,96,151768,3364,29,548,663,3934,151767,30,140033,13,151766,4455,810,9803,56853,3710,151765,14,15,1209,95771,12,9593,33605,10142,39781,124876,4951],"class_list":{"0":"post-645738","1":"post","2":"type-post","3":"status-publish","4":"format-standard","5":"has-post-thumbnail","7":"category-moenchengladbach","8":"tag-eisbahn","9":"tag-adventsstimmung","10":"tag-buehne","11":"tag-buehnenerfahrung","12":"tag-de","13":"tag-deutschland","14":"tag-eu","15":"tag-europa","16":"tag-europe","17":"tag-feierstimmung","18":"tag-germany","19":"tag-gluehweinstand","20":"tag-headlines","21":"tag-hellemond","22":"tag-moenchengladbach","23":"tag-musik","24":"tag-musikalische","25":"tag-musikgeschichte","26":"tag-musiksommer","27":"tag-musikwinter","28":"tag-nachrichten","29":"tag-news","30":"tag-nordrhein-westfalen","31":"tag-rathausplatz","32":"tag-schlagzeilen","33":"tag-stand","34":"tag-stimmung","35":"tag-van","36":"tag-wegberg","37":"tag-weihnachtsstimmung","38":"tag-winter"},"share_on_mastodon":{"url":"https:\/\/pubeurope.com\/@de\/115718432032588631","error":""},"_links":{"self":[{"href":"https:\/\/www.europesays.com\/de\/wp-json\/wp\/v2\/posts\/645738","targetHints":{"allow":["GET"]}}],"collection":[{"href":"https:\/\/www.europesays.com\/de\/wp-json\/wp\/v2\/posts"}],"about":[{"href":"https:\/\/www.europesays.com\/de\/wp-json\/wp\/v2\/types\/post"}],"author":[{"embeddable":true,"href":"https:\/\/www.europesays.com\/de\/wp-json\/wp\/v2\/users\/2"}],"replies":[{"embeddable":true,"href":"https:\/\/www.europesays.com\/de\/wp-json\/wp\/v2\/comments?post=645738"}],"version-history":[{"count":0,"href":"https:\/\/www.europesays.com\/de\/wp-json\/wp\/v2\/posts\/645738\/revisions"}],"wp:featuredmedia":[{"embeddable":true,"href":"https:\/\/www.europesays.com\/de\/wp-json\/wp\/v2\/media\/645739"}],"wp:attachment":[{"href":"https:\/\/www.europesays.com\/de\/wp-json\/wp\/v2\/media?parent=645738"}],"wp:term":[{"taxonomy":"category","embeddable":true,"href":"https:\/\/www.europesays.com\/de\/wp-json\/wp\/v2\/categories?post=645738"},{"taxonomy":"post_tag","embeddable":true,"href":"https:\/\/www.europesays.com\/de\/wp-json\/wp\/v2\/tags?post=645738"}],"curies":[{"name":"wp","href":"https:\/\/api.w.org\/{rel}","templated":true}]}}