{"id":645766,"date":"2025-12-14T14:57:15","date_gmt":"2025-12-14T14:57:15","guid":{"rendered":"https:\/\/www.europesays.com\/de\/645766\/"},"modified":"2025-12-14T14:57:15","modified_gmt":"2025-12-14T14:57:15","slug":"russland-greift-die-frontnahe-ukrainische-grossstadt-saporischschja-wieder-mit-gleitbomben-an","status":"publish","type":"post","link":"https:\/\/www.europesays.com\/de\/645766\/","title":{"rendered":"Russland greift die frontnahe ukrainische Gro\u00dfstadt Saporischschja wieder mit Gleitbomben an."},"content":{"rendered":"<p>&#13;<br \/>\n\t&#13;<br \/>\n\t\t<a href=\"https:\/\/www.ad-hoc-news.de\/themen\/Ukraine\" class=\"keywords\" style=\"color:#9e0f15;\" target=\"_blank\" rel=\"noopener\">Ukraine<\/a>, <a href=\"https:\/\/www.ad-hoc-news.de\/themen\/Russland\" class=\"keywords\" style=\"color:#9e0f15;\" target=\"_blank\" rel=\"noopener\">Russland<\/a>\t\t&#13;<br \/>\n\t\t14.12.2025 &#8211; 15:53:20&#13;<br \/>\n\t&#13;<\/p>\n<p class=\"standfirst\">Verletzte nach Bombenangriffen auf Saporischschja. Unter den Verletzten sind auch Rettungskr\u00e4fte.<\/p>\n<p>&#13;<br \/>\n\t\t&#13;<br \/>\n\t&#13;<br \/>\n\t&#13;<\/p>\n<p>Bei russischen Gleitbombenangriffen auf die s\u00fcdostukrainische Gro\u00dfstadt Saporischschja sind mindestens elf Menschen verletzt worden. Unter den Verletzten seien zwei Rettungskr\u00e4fte und ein Polizist, teilte der Gouverneur des Gebiets Iwan Fedorow bei Telegram mit. Von der Verwaltung ver\u00f6ffentlichte Bilder zeigten Sch\u00e4den an einem Supermarkt in einem Wohngebiet. Saporischschja liegt nur gut 25 Kilometer von der Frontlinie entfernt und wird regelm\u00e4\u00dfig mit Gleitbomben angegriffen.<\/p>\n<p>Die Ukraine wehrt sich seit fast vier Jahren gegen eine russische Invasion.<\/p>\n<p>\t\t\t\t\t&#13;<\/p>\n","protected":false},"excerpt":{"rendered":"&#13; &#13; Ukraine, Russland &#13; 14.12.2025 &#8211; 15:53:20&#13; &#13; Verletzte nach Bombenangriffen auf Saporischschja. Unter den Verletzten sind&hellip;\n","protected":false},"author":2,"featured_media":645767,"comment_status":"","ping_status":"","sticky":false,"template":"","format":"standard","meta":{"footnotes":""},"categories":[4013],"tags":[331,332,13,8221,4046,14,15,4043,4044,850,307,12,317],"class_list":{"0":"post-645766","1":"post","2":"type-post","3":"status-publish","4":"format-standard","5":"has-post-thumbnail","7":"category-russland","8":"tag-aktuelle-nachrichten","9":"tag-aktuelle-news","10":"tag-headlines","11":"tag-konflikte","12":"tag-krieg","13":"tag-nachrichten","14":"tag-news","15":"tag-russia","16":"tag-russian-federation","17":"tag-russische-foederation","18":"tag-russland","19":"tag-schlagzeilen","20":"tag-ukraine"},"share_on_mastodon":{"url":"https:\/\/pubeurope.com\/@de\/115718510745651738","error":""},"_links":{"self":[{"href":"https:\/\/www.europesays.com\/de\/wp-json\/wp\/v2\/posts\/645766","targetHints":{"allow":["GET"]}}],"collection":[{"href":"https:\/\/www.europesays.com\/de\/wp-json\/wp\/v2\/posts"}],"about":[{"href":"https:\/\/www.europesays.com\/de\/wp-json\/wp\/v2\/types\/post"}],"author":[{"embeddable":true,"href":"https:\/\/www.europesays.com\/de\/wp-json\/wp\/v2\/users\/2"}],"replies":[{"embeddable":true,"href":"https:\/\/www.europesays.com\/de\/wp-json\/wp\/v2\/comments?post=645766"}],"version-history":[{"count":0,"href":"https:\/\/www.europesays.com\/de\/wp-json\/wp\/v2\/posts\/645766\/revisions"}],"wp:featuredmedia":[{"embeddable":true,"href":"https:\/\/www.europesays.com\/de\/wp-json\/wp\/v2\/media\/645767"}],"wp:attachment":[{"href":"https:\/\/www.europesays.com\/de\/wp-json\/wp\/v2\/media?parent=645766"}],"wp:term":[{"taxonomy":"category","embeddable":true,"href":"https:\/\/www.europesays.com\/de\/wp-json\/wp\/v2\/categories?post=645766"},{"taxonomy":"post_tag","embeddable":true,"href":"https:\/\/www.europesays.com\/de\/wp-json\/wp\/v2\/tags?post=645766"}],"curies":[{"name":"wp","href":"https:\/\/api.w.org\/{rel}","templated":true}]}}