{"id":645941,"date":"2025-12-14T16:42:18","date_gmt":"2025-12-14T16:42:18","guid":{"rendered":"https:\/\/www.europesays.com\/de\/645941\/"},"modified":"2025-12-14T16:42:18","modified_gmt":"2025-12-14T16:42:18","slug":"knappe-kiste-gegen-nuernberg-schalke-kracht-sich-zum-herbstmeister-sport","status":"publish","type":"post","link":"https:\/\/www.europesays.com\/de\/645941\/","title":{"rendered":"Knappe Kiste gegen N\u00fcrnberg: Schalke kracht sich zum Herbstmeister! | Sport"},"content":{"rendered":"<p><b>Der <\/b><a href=\"https:\/\/www.bild.de\/sport\/fussball\/schalke\/startseite-schalke-31074428.bild.html\" class=\"text-link\" rel=\"nofollow noopener\" target=\"_blank\"><b>FC Schalke 04<\/b><\/a><b> ist Herbstmeister! <\/b><\/p>\n<p>Der Pottklub \u00fcbertrifft damit alle Erwartungen. Nach dem knappen 1:0-Sieg gegen N\u00fcrnberg ist klar, dass die Truppe von Miron Muslic (43) auch bei einer Niederlage in Braunschweig (21.12.\/13.30 Uhr) nicht mehr einzuholen ist. Allerdings: In der Trainingswoche hat es ordentlich gekracht. <\/p>\n<p><b>Knappe Kiste gegen N\u00fcrnberg: Schalke kracht sich zur Herbstmeisterschaft!<\/b><\/p>\n<p>Mehr zum Thema<\/p>\n<p><b>Fakt ist:<\/b> Die Leistung gegen den Klose-Klub war richtig schwach. Bis auf den Angriff zum Siegtreffer (Vitalie Becker, 52. Minute) war von K\u00f6nigsblau erschreckend wenig zu sehen. Viele Fehlp\u00e4sse, wenig Dominanz und etliche Abstimmungsprobleme. <\/p>\n<p>Auch dank Keeper Loris Karius (32\/bereits 9 Spiele ohne Gegentor), der mehrere Chancen hervorragend entsch\u00e4rfte, bleiben die drei Punkte in Gelsenkirchen. <b>Karius ehrlich: \u201eLetzte Woche (beim 2:0 in D\u00fcsseldorf\/d. Red.) war es durchwachsen. Jetzt war es auch kein gutes Spiel. Es ist wichtig, dass wir das Spiel gewonnen haben, aber wir m\u00fcssen schauen, dass wir das Niveau wieder hochbekommen.\u201c <\/b><\/p>\n<p>Aufregung um Pride-Spiel bei WM: \u201eWenn die Mullahs das nicht aushalten, ist das ihr Pech\u201c<a class=\"anchor video-teaser__anchor\" href=\"https:\/\/www.bild.de\/sport\/fussball\/nouripour-knallhart-wenn-die-mullahs-das-nicht-aushalten-ist-das-ihr-pech-693ec44b3b230755182ac9fd\" rel=\"nofollow noopener\" target=\"_blank\"><img decoding=\"async\" width=\"992\" height=\"558\" alt=\"\" src=\"https:\/\/www.europesays.com\/de\/wp-content\/uploads\/2025\/12\/467afa888545b5824a96de3c30aa2c0c,447f34ba\"   class=\"landscape teaser__image\" loading=\"lazy\"\/><\/a><\/p>\n<p>Quelle: BILD14.12.2025<\/p>\n<p>Und weiter: \u201eAuf Dauer k\u00f6nnen wir uns auf so eine Leistung nicht verlassen. Wir haben aber bereits gezeigt, dass wir es k\u00f6nnen. Wir hatten die Woche auch in einer Einheit einen Schlendrian drin. Wenn du nicht bei 100 Prozent im Training bist, ist es schwer, den Schalter im Spiel umzulegen.\u201c Laut Sportdirektor Youri Mulder (56) wurde die Trainingseinheit zum Ende sogar abgebrochen.  <\/p>\n<p>Auch interessant<\/p>\n<p>Anzeige<\/p>\n<p>Auch interessant<\/p>\n<p>Anzeige<\/p>\n<p><b>Muslic: \u201eWenn Loris das sagt, stimmt und passt das auch. Er war es auch, der die Einheit gestoppt hat und dann lautstark war. Genau das erwarte ich mir von einem F\u00fchrungsspieler. Dass er der beste Spieler auf dem Platz war, ist f\u00fcr mich keine \u00dcberraschung.\u201c <\/b><\/p>\n<p>Der geb\u00fcrtige Bosnier war nicht wirklich mit dem Auftreten seiner Mannschaft zufrieden. \u201eWir haben nicht in unser Spiel gefunden. Die Wucht und Intensit\u00e4t haben wir nicht auf den Platz bekommen. N\u00fcrnberg hat es uns schwer gemacht, da sie die technisch sauberen L\u00f6sungen gehabt haben.\u201c <\/p>\n<p>F\u00fcr die kommende Trainingswoche und das Spiel in Braunschweig scheint es Steigerungsbedarf zu geben\u00a0\u2026 <\/p>\n<p>\u201eMan h\u00f6rt ja auch &#8230;\u201c: So steht es um Schlotterbecks Bayern-Wechsel<a class=\"anchor video-teaser__anchor\" href=\"https:\/\/www.bild.de\/sport\/fussball\/man-hoert-ja-auch-so-steht-es-um-schlotterbecks-bayern-wechsel-693edced629fc38b106a3609\" rel=\"nofollow noopener\" target=\"_blank\"><img decoding=\"async\" width=\"992\" height=\"558\" alt=\"\" src=\"https:\/\/www.europesays.com\/de\/wp-content\/uploads\/2025\/12\/a70cad589b32a689009615666a656a1c-landscape,3904d904\"   class=\"landscape teaser__image\" loading=\"lazy\"\/><\/a><\/p>\n<p>Quelle: Bild14.12.2025<\/p>\n","protected":false},"excerpt":{"rendered":"Der FC Schalke 04 ist Herbstmeister! Der Pottklub \u00fcbertrifft damit alle Erwartungen. Nach dem knappen 1:0-Sieg gegen N\u00fcrnberg&hellip;\n","protected":false},"author":2,"featured_media":645942,"comment_status":"","ping_status":"","sticky":false,"template":"","format":"standard","meta":{"footnotes":"","_share_on_mastodon":"0"},"categories":[1837],"tags":[621,46551,772,3364,29,18391,347,30,151788,39616,86590,123355,3783,265,819,45,784],"class_list":["post-645941","post","type-post","status-publish","format-standard","has-post-thumbnail","category-nuernberg","tag-2-bundesliga","tag-baumann-frank","tag-bayern","tag-de","tag-deutschland","tag-fc-schalke","tag-fussball","tag-germany","tag-herbstmeister","tag-karaman-kenan","tag-karius-loris","tag-muslic-miron","tag-nuernberg","tag-sport","tag-sport-leuchtturm-essen","tag-texttospeech","tag-zweite-bundesliga"],"share_on_mastodon":{"url":"","error":""},"_links":{"self":[{"href":"https:\/\/www.europesays.com\/de\/wp-json\/wp\/v2\/posts\/645941","targetHints":{"allow":["GET"]}}],"collection":[{"href":"https:\/\/www.europesays.com\/de\/wp-json\/wp\/v2\/posts"}],"about":[{"href":"https:\/\/www.europesays.com\/de\/wp-json\/wp\/v2\/types\/post"}],"author":[{"embeddable":true,"href":"https:\/\/www.europesays.com\/de\/wp-json\/wp\/v2\/users\/2"}],"replies":[{"embeddable":true,"href":"https:\/\/www.europesays.com\/de\/wp-json\/wp\/v2\/comments?post=645941"}],"version-history":[{"count":0,"href":"https:\/\/www.europesays.com\/de\/wp-json\/wp\/v2\/posts\/645941\/revisions"}],"wp:featuredmedia":[{"embeddable":true,"href":"https:\/\/www.europesays.com\/de\/wp-json\/wp\/v2\/media\/645942"}],"wp:attachment":[{"href":"https:\/\/www.europesays.com\/de\/wp-json\/wp\/v2\/media?parent=645941"}],"wp:term":[{"taxonomy":"category","embeddable":true,"href":"https:\/\/www.europesays.com\/de\/wp-json\/wp\/v2\/categories?post=645941"},{"taxonomy":"post_tag","embeddable":true,"href":"https:\/\/www.europesays.com\/de\/wp-json\/wp\/v2\/tags?post=645941"}],"curies":[{"name":"wp","href":"https:\/\/api.w.org\/{rel}","templated":true}]}}