{"id":646082,"date":"2025-12-14T18:07:12","date_gmt":"2025-12-14T18:07:12","guid":{"rendered":"https:\/\/www.europesays.com\/de\/646082\/"},"modified":"2025-12-14T18:07:12","modified_gmt":"2025-12-14T18:07:12","slug":"angelika-milster-erobert-die-herzen-der-zuhoerer","status":"publish","type":"post","link":"https:\/\/www.europesays.com\/de\/646082\/","title":{"rendered":"Angelika Milster erobert die Herzen der Zuh\u00f6rer"},"content":{"rendered":"<p class=\"text_ohne_einzug richtext text-em-55 !leading-serif mx-6 desktop:mx-0\"> Kaum jemand ist auf den B\u00fchnen Deutschlands so oft unterwegs wie Angelika Milster. Der Musical- und Fernsehstar beeindruckt immer wieder aufs Neue mit einer fabelhaften Stimme. Mit ihrem neuen Programm ist sie jetzt auf Kirchentour und machte Station in der Herz-Jesu-Kirche in Neum\u00fchl. Die Kirchenb\u00e4nke waren gut besetzt. Das Gotteshaus war sch\u00f6n weihnachtlich geschm\u00fcckt, einigen Besuchern war es aber auch ein wenig zu dunkel. Nur Kerzenschein und ein indirektes Licht gaben indes eine warme Atmosph\u00e4re. Ganz vorne am Altar stand sie, die gro\u00dfe Diva mit ihrer sch\u00f6nen Stimme, die schon zu Anfang mit einem gro\u00dfen Applaus begr\u00fc\u00dft wurde.<\/p>\n","protected":false},"excerpt":{"rendered":"Kaum jemand ist auf den B\u00fchnen Deutschlands so oft unterwegs wie Angelika Milster. Der Musical- und Fernsehstar beeindruckt&hellip;\n","protected":false},"author":2,"featured_media":646083,"comment_status":"","ping_status":"","sticky":false,"template":"","format":"standard","meta":{"footnotes":""},"categories":[1838],"tags":[151822,151820,60762,3364,29,3715,30,3914,19967,151821,27900,12368,88163,1209,5209,9593,39437,124232],"class_list":{"0":"post-646082","1":"post","2":"type-post","3":"status-publish","4":"format-standard","5":"has-post-thumbnail","7":"category-duisburg","8":"tag-abendliedern","9":"tag-angelika-milster","10":"tag-aufstand","11":"tag-de","12":"tag-deutschland","13":"tag-duisburg","14":"tag-germany","15":"tag-herz","16":"tag-jesu","17":"tag-kirchenliedern","18":"tag-lied","19":"tag-musical","20":"tag-neumuehl","21":"tag-nordrhein-westfalen","22":"tag-publikum","23":"tag-stand","24":"tag-stimme","25":"tag-volkslied"},"share_on_mastodon":{"url":"https:\/\/pubeurope.com\/@de\/115719257748136072","error":""},"_links":{"self":[{"href":"https:\/\/www.europesays.com\/de\/wp-json\/wp\/v2\/posts\/646082","targetHints":{"allow":["GET"]}}],"collection":[{"href":"https:\/\/www.europesays.com\/de\/wp-json\/wp\/v2\/posts"}],"about":[{"href":"https:\/\/www.europesays.com\/de\/wp-json\/wp\/v2\/types\/post"}],"author":[{"embeddable":true,"href":"https:\/\/www.europesays.com\/de\/wp-json\/wp\/v2\/users\/2"}],"replies":[{"embeddable":true,"href":"https:\/\/www.europesays.com\/de\/wp-json\/wp\/v2\/comments?post=646082"}],"version-history":[{"count":0,"href":"https:\/\/www.europesays.com\/de\/wp-json\/wp\/v2\/posts\/646082\/revisions"}],"wp:featuredmedia":[{"embeddable":true,"href":"https:\/\/www.europesays.com\/de\/wp-json\/wp\/v2\/media\/646083"}],"wp:attachment":[{"href":"https:\/\/www.europesays.com\/de\/wp-json\/wp\/v2\/media?parent=646082"}],"wp:term":[{"taxonomy":"category","embeddable":true,"href":"https:\/\/www.europesays.com\/de\/wp-json\/wp\/v2\/categories?post=646082"},{"taxonomy":"post_tag","embeddable":true,"href":"https:\/\/www.europesays.com\/de\/wp-json\/wp\/v2\/tags?post=646082"}],"curies":[{"name":"wp","href":"https:\/\/api.w.org\/{rel}","templated":true}]}}