{"id":646710,"date":"2025-12-15T00:30:31","date_gmt":"2025-12-15T00:30:31","guid":{"rendered":"https:\/\/www.europesays.com\/de\/646710\/"},"modified":"2025-12-15T00:30:31","modified_gmt":"2025-12-15T00:30:31","slug":"ukraine-beratungen-in-berlin-witkoff-sieht-grosse-fortschritte","status":"publish","type":"post","link":"https:\/\/www.europesays.com\/de\/646710\/","title":{"rendered":"Ukraine-Beratungen in Berlin: Witkoff sieht &#8222;gro\u00dfe Fortschritte&#8220;"},"content":{"rendered":"<p>Beratungen in Berlin beendet <\/p>\n<p>Witkoff sieht &#8222;gro\u00dfe Fortschritte&#8220;<\/p>\n<p>Aktualisiert am 14.12.2025 &#8211; 22:11 UhrLesedauer: 2 Min.<\/p>\n<p><a href=\"#focus-0\" class=\"transition-colors duration-200 block text-current relative\" data-sctrack=\"FocusGalleryImage.Reference\"><img fetchpriority=\"high\" data-testid=\"Opener.Image\" style=\"--lqipURL:url('https:\/\/images.t-online.de\/2025\/12\/riydcsZNGd1n\/367x353:1455x819\/fit-in\/150x0\/filters:blur(25)\/vertreter-der-us-delegation-im-kanzleramt-laut-steve-witkoff-konnten-bei-den-beratungen-in-berlin-fortschritte-erzielt-werden.jpg')\"   loading=\"eager\" src=\"https:\/\/www.europesays.com\/de\/wp-content\/uploads\/2025\/12\/vertreter-der-us-delegation-im-kanzleramt-laut-steve-witkoff-konnten-bei-den-beratungen-in-berlin-fo.jpeg\" alt=\"UKRAINE-CRISIS\/GERMANY\" title=\"UKRAINE-CRISIS\/GERMANY\" width=\"1455\" height=\"819\" class=\"bg-[url:var(--lqipURL)] bg-cover bg-center flex h-full w-full max-w-full\" decoding=\"async\"\/><img style=\"--width:32;--height:32\" loading=\"lazy\" src=\"https:\/\/www.t-online.de\/s\/paper\/_next\/static\/media\/zoom-in.f7dae02f.svg\" alt=\"Vergr\u00f6\u00dfern des Bildes\" title=\"Vergr\u00f6\u00dfern des Bildes\" class=\"block h-[calc(var(--height)_\/_16_*_1rem)] w-[calc(var(--width)_\/_16_*_1rem)] max-w-none absolute bottom-8 right-8 rounded-4 bg-snow p-8\" decoding=\"async\"\/><\/a><\/p>\n<p>Vertreter der US-Delegation im Kanzleramt: Laut Steve Witkoff konnten bei den Beratungen in Berlin Fortschritte erzielt werden. (Quelle: Ukrainian Presidential Press Service\/reuters)<\/p>\n<p class=\"font-bold text-18 leading-17\">Nach mehr als f\u00fcnf Stunden sind die Verhandlungen zum Ukraine-Krieg im Kanzleramt geendet. Am Montag sollen die Gespr\u00e4che weitergehen.<\/p>\n<p class=\"text-18 leading-17\">Die Gespr\u00e4che zwischen dem ukrainischen Pr\u00e4sidenten <a class=\"transition-colors duration-200 cursor-pointer text-inherit no-underline text-salemsfur md:hover:text-magenta md:hover:border-magenta md:focus:text-magenta border-current border-b border-solid break-words\" href=\"https:\/\/www.t-online.de\/themen\/wolodymyr-selenskyj\/\" data-sctrack=\"BodyAnchor\" rel=\"nofollow noopener\" target=\"_blank\">Wolodymyr Selenskyj<\/a> und den US-Gesandten Steve Witkoff und <a class=\"transition-colors duration-200 cursor-pointer text-inherit no-underline text-salemsfur md:hover:text-magenta md:hover:border-magenta md:focus:text-magenta border-current border-b border-solid break-words\" href=\"https:\/\/www.t-online.de\/themen\/jared-kushner\/\" data-sctrack=\"BodyAnchor\" rel=\"nofollow noopener\" target=\"_blank\">Jared Kushner<\/a> im Kanzleramt in <a class=\"transition-colors duration-200 cursor-pointer text-inherit no-underline text-salemsfur md:hover:text-magenta md:hover:border-magenta md:focus:text-magenta border-current border-b border-solid break-words\" href=\"https:\/\/berlin.t-online.de\/region\/berlin\/\" data-sctrack=\"BodyAnchor\" rel=\"nofollow noopener\" target=\"_blank\">Berlin<\/a> sind am Sonntagabend vorerst zu Ende gegangen. Selenskyjs Berater Dmytro Lytwyn teilte mit, nach dem gut f\u00fcnfst\u00fcndigen Austausch sei vereinbart worden, die Gespr\u00e4che am Montag fortzusetzen. Der ukrainische Pr\u00e4sident werde sich am Montag dazu \u00e4u\u00dfern.<\/p>\n<p class=\"text-18 leading-17\">Positiv \u00e4u\u00dferte sich auch Witkoff. Es seien &#8222;gro\u00dfe Fortschritte&#8220; erreicht worden, erkl\u00e4rte Witkoff nach dem Treffen im Kanzleramt im Onlinedienst X. Es seien &#8222;intensive Diskussionen \u00fcber den 20-Punkte-Friedensplan, wirtschaftliche Agenden&#8220; und weitere Themen gef\u00fchrt worden. Die Beratungen sollen nach Angaben der <a class=\"transition-colors duration-200 cursor-pointer text-inherit no-underline text-salemsfur md:hover:text-magenta md:hover:border-magenta md:focus:text-magenta border-current border-b border-solid break-words\" href=\"https:\/\/www.t-online.de\/themen\/usa\/\" data-sctrack=\"BodyAnchor\" rel=\"nofollow noopener\" target=\"_blank\">USA<\/a> und der <a class=\"transition-colors duration-200 cursor-pointer text-inherit no-underline text-salemsfur md:hover:text-magenta md:hover:border-magenta md:focus:text-magenta border-current border-b border-solid break-words\" href=\"https:\/\/www.t-online.de\/themen\/ukraine\/\" data-sctrack=\"BodyAnchor\" rel=\"nofollow noopener\" target=\"_blank\">Ukraine<\/a> am Montag fortgesetzt werden.<\/p>\n<p class=\"text-18 leading-17\">Bundeskanzler <a class=\"transition-colors duration-200 cursor-pointer text-inherit no-underline text-salemsfur md:hover:text-magenta md:hover:border-magenta md:focus:text-magenta border-current border-b border-solid break-words\" href=\"https:\/\/www.t-online.de\/themen\/friedrich-merz\/\" data-sctrack=\"BodyAnchor\" rel=\"nofollow noopener\" target=\"_blank\">Friedrich Merz<\/a> (CDU) hatte Selenskyj und die US-Delegation am Nachmittag in Berlin empfangen. &#8222;Wir wollen einen dauerhaften Frieden in der Ukraine&#8220;, erkl\u00e4rte Merz dazu im Onlinedienst X. &#8222;Es liegen schwierige Fragen vor uns, aber wir sind entschlossen, voranzukommen.&#8220;<\/p>\n<p class=\"text-18 leading-17\">An dem Gespr\u00e4ch mit den Gesandten von US-Pr\u00e4sident <a class=\"transition-colors duration-200 cursor-pointer text-inherit no-underline text-salemsfur md:hover:text-magenta md:hover:border-magenta md:focus:text-magenta border-current border-b border-solid break-words\" href=\"https:\/\/www.t-online.de\/themen\/donald-trump\/\" data-sctrack=\"BodyAnchor\" rel=\"nofollow noopener\" target=\"_blank\">Donald Trump<\/a> nahmen auch der ukrainische Unterh\u00e4ndler Rustem Umerow sowie der Oberbefehlshaber der Nato-Truppen in Europa, der US-General Alexus Grynkewich, teil.<\/p>\n<p class=\"text-18 leading-17\">Konkrete Ergebnisse lagen zun\u00e4chst nicht vor. Sicherheitsgarantien der USA sowie europ\u00e4ischer und anderer Partner anstelle einer Nato-Mitgliedschaft f\u00fcr die Ukraine seien ein Kompromiss von ukrainischer Seite, sagte Selenskyj im Vorfeld auf Reporterfragen in einem WhatsApp-Chat. Zudem pl\u00e4dierte der ukrainische Pr\u00e4sident im Vorfeld der Gespr\u00e4che f\u00fcr ein Einfrieren des Krieges entlang der aktuellen Frontlinie.<\/p>\n<p class=\"text-18 leading-17\">Berlin ist f\u00fcr zwei Tage das Zentrum der internationalen Bem\u00fchungen um ein Ende des Ukraine-Kriegs. Der Kanzler wird Selenskyj am Montag nach Angaben der <a class=\"transition-colors duration-200 cursor-pointer text-inherit no-underline text-salemsfur md:hover:text-magenta md:hover:border-magenta md:focus:text-magenta border-current border-b border-solid break-words\" href=\"https:\/\/www.t-online.de\/themen\/bundesregierung\/\" data-sctrack=\"BodyAnchor\" rel=\"nofollow noopener\" target=\"_blank\">Bundesregierung<\/a> zu deutsch-ukrainischen Wirtschaftsgespr\u00e4chen und einem &#8222;Austausch \u00fcber den Stand der Friedensverhandlungen&#8220; treffen. Am Montagabend sollen dann zahlreiche europ\u00e4ische Staats- und Regierungschefs sowie die Spitzen von EU und <a class=\"transition-colors duration-200 cursor-pointer text-inherit no-underline text-salemsfur md:hover:text-magenta md:hover:border-magenta md:focus:text-magenta border-current border-b border-solid break-words\" href=\"https:\/\/www.t-online.de\/themen\/nato\/\" data-sctrack=\"BodyAnchor\" rel=\"nofollow noopener\" target=\"_blank\">Nato<\/a> zu den Gespr\u00e4chen hinzusto\u00dfen.<\/p>\n<p class=\"text-18 leading-17\">Merz hatte im Vorfeld in Aussicht gestellt, dass noch am Wochenende in Berlin die Ans\u00e4tze f\u00fcr ein Ende des Ukraine-Kriegs &#8222;abschlie\u00dfend&#8220; er\u00f6rtert w\u00fcrden. Vor seiner Ankunft in Berlin sagte Selenskyj zu Reportern, er wolle die US-Unterh\u00e4ndler bei dem Treffen davon \u00fcberzeugen, den Frontverlauf in der Ukraine einzufrieren. Zum Verhandlungsziel der Ukraine erkl\u00e4rte er: &#8222;Die gerechteste m\u00f6gliche Option ist, stehenzubleiben, wo wir sind.&#8220;<\/p>\n","protected":false},"excerpt":{"rendered":"Beratungen in Berlin beendet Witkoff sieht &#8222;gro\u00dfe Fortschritte&#8220; Aktualisiert am 14.12.2025 &#8211; 22:11 UhrLesedauer: 2 Min. Vertreter der&hellip;\n","protected":false},"author":2,"featured_media":646711,"comment_status":"","ping_status":"","sticky":false,"template":"","format":"standard","meta":{"footnotes":""},"categories":[1825],"tags":[326,296,29,548,7891,775,30,120304,17402,317,64,107],"class_list":{"0":"post-646710","1":"post","2":"type-post","3":"status-publish","4":"format-standard","5":"has-post-thumbnail","7":"category-berlin","8":"tag-326","9":"tag-berlin","10":"tag-deutschland","11":"tag-eu","12":"tag-fortschritt","13":"tag-friedrich-merz","14":"tag-germany","15":"tag-jared-kushner","16":"tag-kanzleramt","17":"tag-ukraine","18":"tag-usa","19":"tag-wolodymyr-selenskyj"},"share_on_mastodon":{"url":"https:\/\/pubeurope.com\/@de\/115720764858936821","error":""},"_links":{"self":[{"href":"https:\/\/www.europesays.com\/de\/wp-json\/wp\/v2\/posts\/646710","targetHints":{"allow":["GET"]}}],"collection":[{"href":"https:\/\/www.europesays.com\/de\/wp-json\/wp\/v2\/posts"}],"about":[{"href":"https:\/\/www.europesays.com\/de\/wp-json\/wp\/v2\/types\/post"}],"author":[{"embeddable":true,"href":"https:\/\/www.europesays.com\/de\/wp-json\/wp\/v2\/users\/2"}],"replies":[{"embeddable":true,"href":"https:\/\/www.europesays.com\/de\/wp-json\/wp\/v2\/comments?post=646710"}],"version-history":[{"count":0,"href":"https:\/\/www.europesays.com\/de\/wp-json\/wp\/v2\/posts\/646710\/revisions"}],"wp:featuredmedia":[{"embeddable":true,"href":"https:\/\/www.europesays.com\/de\/wp-json\/wp\/v2\/media\/646711"}],"wp:attachment":[{"href":"https:\/\/www.europesays.com\/de\/wp-json\/wp\/v2\/media?parent=646710"}],"wp:term":[{"taxonomy":"category","embeddable":true,"href":"https:\/\/www.europesays.com\/de\/wp-json\/wp\/v2\/categories?post=646710"},{"taxonomy":"post_tag","embeddable":true,"href":"https:\/\/www.europesays.com\/de\/wp-json\/wp\/v2\/tags?post=646710"}],"curies":[{"name":"wp","href":"https:\/\/api.w.org\/{rel}","templated":true}]}}