{"id":646996,"date":"2025-12-15T03:31:26","date_gmt":"2025-12-15T03:31:26","guid":{"rendered":"https:\/\/www.europesays.com\/de\/646996\/"},"modified":"2025-12-15T03:31:26","modified_gmt":"2025-12-15T03:31:26","slug":"ukraine-gespraeche-gehen-am-montag-in-berlin-weiter-3","status":"publish","type":"post","link":"https:\/\/www.europesays.com\/de\/646996\/","title":{"rendered":"Ukraine-Gespr\u00e4che gehen am Montag in Berlin weiter"},"content":{"rendered":"<p>              14.12.2025 21:30<\/p>\n<p>              (Akt. 14.12.2025 21:30)<\/p>\n<p>      <img decoding=\"async\" src=\"https:\/\/www.europesays.com\/de\/wp-content\/uploads\/2025\/12\/1490125182_BLD_Online-4-3-400533033-533x400.jpg\"   alt=\"Deutschlands Kanzler Merz l\u00e4dt zu Ukraine-Gespr\u00e4chen\" title=\"Deutschlands Kanzler Merz l\u00e4dt zu Ukraine-Gespr\u00e4chen\"\/><\/p>\n<p>                    Deutschlands Kanzler Merz l\u00e4dt zu Ukraine-Gespr\u00e4chen<br \/>\n                     \u00a9APA\/dpa<\/p>\n<p>\n        Die Bem\u00fchungen um einen m\u00f6glichen Waffenstillstand zwischen der Ukraine und dem Angreifer Russland werden an diesem Montag in Berlin fortgesetzt. F\u00fcr Montagabend hat Deutschlands Kanzler Friedrich Merz europ\u00e4ische Staats- und Regierungschefs in Kanzleramt eingeladen, um \u00fcber den Stand der Ukraine-Gespr\u00e4che zu beraten. Welche Vorschl\u00e4ge dabei aktuell konkret auf dem Tisch liegen, ist \u00f6ffentlich bisher nicht bekannt.\n      <\/p>\n<p>Klar ist nur, dass die US-Regierung den Verhandlungen in Berlin zumindest im Voraus Erfolgsaussichten einger\u00e4umt hat &#8211; denn davon hatte sie die Entsendung einer Delegation nach Deutschland abh\u00e4ngig gemacht, die dann am Sonntag eintraf.<\/p>\n<p>Russland blickt argw\u00f6hnisch auf Verhandlungen<\/p>\n<p>Am Montagnachmittag werden Merz und der ukrainische Pr\u00e4sident Wolodymyr Selenskyj bei deutsch-ukrainischen Wirtschaftsgespr\u00e4chen erwartet. Selenskyj und mehrere Berater waren am Sonntag im Berliner Kanzleramt mit dem Sondergesandten Steve Witkoff und dem Schwiegersohn von US-Pr\u00e4sident Donald Trump, Jared Kushner, zu Beratungen zusammengekommen.<\/p>\n<p>Russland blickt eher argw\u00f6hnisch auf die Verhandlungen. Die Beitr\u00e4ge der Europ\u00e4er und der Ukraine zum Friedensplan von US-Pr\u00e4sident Donald Trump w\u00fcrden &#8222;wohl kaum konstruktiv sein&#8220;, wie der au\u00dfenpolitische Berater von Kremlchef Wladimir Putin, Juri Uschakow, vor Beginn der Gespr\u00e4che in Berlin dem russischen Staatsfernsehen sagte.<\/p>\n","protected":false},"excerpt":{"rendered":"14.12.2025 21:30 (Akt. 14.12.2025 21:30) Deutschlands Kanzler Merz l\u00e4dt zu Ukraine-Gespr\u00e4chen \u00a9APA\/dpa Die Bem\u00fchungen um einen m\u00f6glichen Waffenstillstand&hellip;\n","protected":false},"author":2,"featured_media":646997,"comment_status":"","ping_status":"","sticky":false,"template":"","format":"standard","meta":{"footnotes":"","_share_on_mastodon":"0"},"categories":[1825],"tags":[296,29,30,36084,8221,4046,16,30628,307,317],"class_list":["post-646996","post","type-post","status-publish","format-standard","has-post-thumbnail","category-berlin","tag-berlin","tag-deutschland","tag-germany","tag-kaempfe","tag-konflikte","tag-krieg","tag-politik","tag-primavista","tag-russland","tag-ukraine"],"share_on_mastodon":{"url":"https:\/\/pubeurope.com\/@de\/115721475725470461","error":""},"_links":{"self":[{"href":"https:\/\/www.europesays.com\/de\/wp-json\/wp\/v2\/posts\/646996","targetHints":{"allow":["GET"]}}],"collection":[{"href":"https:\/\/www.europesays.com\/de\/wp-json\/wp\/v2\/posts"}],"about":[{"href":"https:\/\/www.europesays.com\/de\/wp-json\/wp\/v2\/types\/post"}],"author":[{"embeddable":true,"href":"https:\/\/www.europesays.com\/de\/wp-json\/wp\/v2\/users\/2"}],"replies":[{"embeddable":true,"href":"https:\/\/www.europesays.com\/de\/wp-json\/wp\/v2\/comments?post=646996"}],"version-history":[{"count":0,"href":"https:\/\/www.europesays.com\/de\/wp-json\/wp\/v2\/posts\/646996\/revisions"}],"wp:featuredmedia":[{"embeddable":true,"href":"https:\/\/www.europesays.com\/de\/wp-json\/wp\/v2\/media\/646997"}],"wp:attachment":[{"href":"https:\/\/www.europesays.com\/de\/wp-json\/wp\/v2\/media?parent=646996"}],"wp:term":[{"taxonomy":"category","embeddable":true,"href":"https:\/\/www.europesays.com\/de\/wp-json\/wp\/v2\/categories?post=646996"},{"taxonomy":"post_tag","embeddable":true,"href":"https:\/\/www.europesays.com\/de\/wp-json\/wp\/v2\/tags?post=646996"}],"curies":[{"name":"wp","href":"https:\/\/api.w.org\/{rel}","templated":true}]}}