{"id":647297,"date":"2025-12-15T06:58:13","date_gmt":"2025-12-15T06:58:13","guid":{"rendered":"https:\/\/www.europesays.com\/de\/647297\/"},"modified":"2025-12-15T06:58:13","modified_gmt":"2025-12-15T06:58:13","slug":"us-regisseur-rob-reiner-und-seine-frau-tot-in-ihrem-haus-aufgefunden","status":"publish","type":"post","link":"https:\/\/www.europesays.com\/de\/647297\/","title":{"rendered":"US-Regisseur Rob Reiner und seine Frau tot in ihrem Haus aufgefunden"},"content":{"rendered":"<p class=\"tspCAnd tspCAne\">Der <strong>US-Regisseur Rob Reiner und seine Frau Michele sollen tot<\/strong> in ihrem Haus in Los Angeles<strong> aufgefunden worden<\/strong> sein, berichtet der US-Sender CNN unter Berufung auf eine Mitteilung der Familie.\u00a0<\/p>\n<p class=\"tspCAnd\">\u201eMit tiefster Trauer geben wir den tragischen Tod von Michele und Rob Reiner bekannt. Wir sind untr\u00f6stlich \u00fcber diesen pl\u00f6tzlichen Verlust und bitten in dieser unvorstellbar schweren Zeit um Wahrung unserer Privatsph\u00e4re,\u201c hei\u00dft es laut CNN in der Mitteilung der Familie Reiner.\u00a0<\/p>\n<p class=\"tspCAnd\"><strong>Gro\u00dfes Polizeiaufgebot am Haus des Regisseurs<\/strong><\/p>\n<p class=\"tspCAnd\">Man habe Leichname am Sonntagnachmittag (Ortszeit) gefunden, werde sich aber nicht zur Identit\u00e4t der Toten \u00e4u\u00dfern, sagte ein Sprecher der Polizei Los Angeles in der Nacht zum Montag. US-Medien berichten von einem <strong>gro\u00dfen Polizeiaufgebot vor dem Haus des Regisseurs<\/strong> im Stadtteil Brentwood.\u00a0<\/p>\n<p class=\"tspCAnd\">Mit Filmen wie \u201eStand By Me &#8211; Das Geheimnis eines Sommers\u201c, \u201eHarry und Sally\u201c und \u201eEine Frage der Ehre\u201c stieg Reiner in die Riege von Hollywoods gefragtesten Regisseuren auf. (dpa)<\/p>\n","protected":false},"excerpt":{"rendered":"Der US-Regisseur Rob Reiner und seine Frau Michele sollen tot in ihrem Haus in Los Angeles aufgefunden worden&hellip;\n","protected":false},"author":2,"featured_media":647298,"comment_status":"","ping_status":"","sticky":false,"template":"","format":"standard","meta":{"footnotes":""},"categories":[155],"tags":[29,214,553,30,215],"class_list":{"0":"post-647297","1":"post","2":"type-post","3":"status-publish","4":"format-standard","5":"has-post-thumbnail","7":"category-unterhaltung","8":"tag-deutschland","9":"tag-entertainment","10":"tag-familie","11":"tag-germany","12":"tag-unterhaltung"},"share_on_mastodon":{"url":"","error":""},"_links":{"self":[{"href":"https:\/\/www.europesays.com\/de\/wp-json\/wp\/v2\/posts\/647297","targetHints":{"allow":["GET"]}}],"collection":[{"href":"https:\/\/www.europesays.com\/de\/wp-json\/wp\/v2\/posts"}],"about":[{"href":"https:\/\/www.europesays.com\/de\/wp-json\/wp\/v2\/types\/post"}],"author":[{"embeddable":true,"href":"https:\/\/www.europesays.com\/de\/wp-json\/wp\/v2\/users\/2"}],"replies":[{"embeddable":true,"href":"https:\/\/www.europesays.com\/de\/wp-json\/wp\/v2\/comments?post=647297"}],"version-history":[{"count":0,"href":"https:\/\/www.europesays.com\/de\/wp-json\/wp\/v2\/posts\/647297\/revisions"}],"wp:featuredmedia":[{"embeddable":true,"href":"https:\/\/www.europesays.com\/de\/wp-json\/wp\/v2\/media\/647298"}],"wp:attachment":[{"href":"https:\/\/www.europesays.com\/de\/wp-json\/wp\/v2\/media?parent=647297"}],"wp:term":[{"taxonomy":"category","embeddable":true,"href":"https:\/\/www.europesays.com\/de\/wp-json\/wp\/v2\/categories?post=647297"},{"taxonomy":"post_tag","embeddable":true,"href":"https:\/\/www.europesays.com\/de\/wp-json\/wp\/v2\/tags?post=647297"}],"curies":[{"name":"wp","href":"https:\/\/api.w.org\/{rel}","templated":true}]}}