{"id":647460,"date":"2025-12-15T08:39:19","date_gmt":"2025-12-15T08:39:19","guid":{"rendered":"https:\/\/www.europesays.com\/de\/647460\/"},"modified":"2025-12-15T08:39:19","modified_gmt":"2025-12-15T08:39:19","slug":"sv-wehen-wiesbaden-ergebnisse-spiele-und-tabelle-in-der-saison-2025-2026-7","status":"publish","type":"post","link":"https:\/\/www.europesays.com\/de\/647460\/","title":{"rendered":"SV Wehen Wiesbaden: Ergebnisse, Spiele und Tabelle in der Saison 2025\/2026"},"content":{"rendered":"<p>In der laufenden Saison 2025\/2026 hat <a href=\"https:\/\/www.news.de\/thema\/sv-wehen-&lt;a href=\" https:=\"\" target=\"_blank\" rel=\"noopener\"><strong>wiesbaden<\/strong><\/a>\/1\/&#8220;&gt;SV Wehen Wiesbaden bereits 18 Spiele hinter sich gebracht und dabei 28 Punkte errungen. Das Team befindet sich aktuell auf dem 9. Tabellenplatz.  <\/p>\n<p>Ergebnisse der letzten 5 Spiele von SV Wehen Wiesbaden in der Saison 2025\/2026<\/p>\n<p>3 Siege (2 Heimsiege und 1 Ausw\u00e4rtssieg) und 2 Niederlagen &#8211; das ist die Bilanz der letzten f\u00fcnf Spiele f\u00fcr SV Wehen Wiesbaden in der <a href=\"https:\/\/www.news.de\/thema\/3-liga\/1\/\" target=\"_blank\" rel=\"noopener\"><strong>3. Liga<\/strong><\/a>.  <\/p>\n<tr>DatumHeimGastErgebnis<\/tr>\n<tr>\n<td>14.12.2025<\/td>\n<td>SV Wehen Wiesbaden<\/td>\n<td>FC Energie Cottbus<\/td>\n<td>3:1<\/td>\n<\/tr>\n<tr>\n<td>06.12.2025<\/td>\n<td>VfL Osnabr\u00fcck<\/td>\n<td>SV Wehen Wiesbaden<\/td>\n<td>0:1<\/td>\n<\/tr>\n<tr>\n<td>28.11.2025<\/td>\n<td>SV Wehen Wiesbaden<\/td>\n<td>FC Erzgebirge Aue<\/td>\n<td>3:1<\/td>\n<\/tr>\n<tr>\n<td>22.11.2025<\/td>\n<td>SV Waldhof Mannheim<\/td>\n<td>SV Wehen Wiesbaden<\/td>\n<td>1:0<\/td>\n<\/tr>\n<tr>\n<td>09.11.2025<\/td>\n<td>SV Wehen Wiesbaden<\/td>\n<td>Viktoria K\u00f6ln<\/td>\n<td>0:1<\/td>\n<\/tr>\n<p>Die n\u00e4chsten Spiele f\u00fcr SV Wehen Wiesbaden in der 3. Liga<\/p>\n<p>Im n\u00e4chsten Spiel trifft SV Wehen Wiesbaden ausw\u00e4rts auf TSG 1899 Hoffenheim II, welcher aktuell auf Rang 8 in der Tabelle der 3. Liga steht. Anpfiff ist am Sonntag, den 21.12.2025 um 16.30 Uhr. F\u00fcr die n\u00e4chsten Spieltage sind noch Matches gegen SSV Ulm 1846 <a href=\"https:\/\/www.news.de\/thema\/fussball\/1\/\" target=\"_blank\" rel=\"noopener\"><strong>Fu\u00dfball<\/strong><\/a>, SC Verl, Rot-Weiss Essen und 1. FC Schweinfurt 05 angesetzt.  <\/p>\n<tr>DatumHeimGast<\/tr>\n<tr>\n<td>21.12.2025, 16.30 Uhr<\/td>\n<td>TSG 1899 Hoffenheim II<\/td>\n<td>SV Wehen Wiesbaden<\/td>\n<\/tr>\n<tr>\n<td>17.01.2026, 14.00 Uhr<\/td>\n<td>SSV Ulm 1846 Fu\u00dfball<\/td>\n<td>SV Wehen Wiesbaden<\/td>\n<\/tr>\n<tr>\n<td>25.01.2026, 19.30 Uhr<\/td>\n<td>SV Wehen Wiesbaden<\/td>\n<td>SC Verl<\/td>\n<\/tr>\n<tr>\n<td>31.01.2026, 14.00 Uhr<\/td>\n<td>Rot-Weiss Essen<\/td>\n<td>SV Wehen Wiesbaden<\/td>\n<\/tr>\n<tr>\n<td>07.02.2026, 14.00 Uhr<\/td>\n<td>SV Wehen Wiesbaden<\/td>\n<td>1. FC Schweinfurt 05<\/td>\n<\/tr>\n<p><a href=\"https:\/\/www.news.de\/sport\/857002838\/fussball-heute-im-tv-und-live-stream-vorschau-fuer-das-erste-zdf-eurosport-1-3sat-sport1-sat-1-naechste-termine-und-sender-fuer-uebertragung-der-sport-sendungen-im-fernsehen\/1\/\" rel=\"nofollow noopener\" target=\"_blank\"><strong>Fu\u00dfball live im Fernsehen: Von 3. Liga bis Champions League &#8211; Die aktuellen TV-Termine f\u00fcr Fu\u00dfballspiele im \u00dcberblick!<\/strong><\/a>  <\/p>\n<p>Statistik und Highlights der laufenden Saison 2025\/2026<\/p>\n<tr>Statistik<\/tr>\n<tr>\n<td>H\u00f6chste Heimsiege<\/td>\n<td>3:1 (SV Wehen Wiesbaden &#8211; FC Energie Cottbus), 3:1 (SV Wehen Wiesbaden &#8211; FC Erzgebirge Aue), 2:0 (SV Wehen Wiesbaden &#8211; SSV Jahn Regensburg), 3:1 (SV Wehen Wiesbaden &#8211; SSV Ulm 1846 Fu\u00dfball)<\/td>\n<\/tr>\n<tr>\n<td>H\u00f6chster Ausw\u00e4rtssieg<\/td>\n<td>0:2 (TSV Havelse &#8211; SV Wehen Wiesbaden)<\/td>\n<\/tr>\n<tr>\n<td>Spiele zu Null<\/td>\n<td>7<\/td>\n<\/tr>\n<tr>\n<td>Torreichstes Spiel<\/td>\n<td>3:4 (SV Wehen Wiesbaden &#8211; Rot-Weiss Essen)<\/td>\n<\/tr>\n<p>SV Wehen Wiesbaden News 2025: Aktuelle Nachrichten zum Verein<\/p>\n<p>Hier erhalten Sie einen \u00dcberblick \u00fcber aktuelle News wie Spielberichte zu den letzten Partien der 3. Liga, Vorberichte mit Infos zu bevorstehenden Live-\u00dcbertragungen und mehr. Weitere Nachrichten zum Verein finden Sie auf der <a href=\"https:\/\/www.news.de\/thema\/sv-wehen-wiesbaden\/1\/\" target=\"_blank\" rel=\"noopener\"><strong>news.de-Themenseite f\u00fcr SV Wehen Wiesbaden<\/strong><\/a>.  <\/p>\n<tr>Nachrichten \u00fcber SV Wehen Wiesbaden<\/tr>\n<tr>\n<td><a href=\"https:\/\/www.news.de\/sport\/857931940\/sv-wehen-wiesbaden-ergebnisse-statistik-und-fussball-news-vom-06-08-2024-tabelle-und-spielplan-fuer-naechste-spiele-in-der-3-liga-2024-2025\/1\/\" target=\"_blank\" title=\"Weiterlesen\" rel=\"noopener\"><strong>SV Wehen Wiesbaden: News, Ergebnisse, Statistik und n\u00e4chste Gegner in der 3. Liga<\/strong><\/a>: Spannende Einblicke in die laufende Spielzeit f\u00fcr SV Wehen Wiesbaden! Erfahren Sie, wie sich das Team bisher geschlagen hat, wer als n\u00e4chster Gegner ansteht und welchen Platz SV Wehen Wiesbaden aktuell in der Tabelle belegt. Bleiben Sie am Ball mit News, Statistiken, H\u00f6hepunkten und den frischesten Ergebnissen aus der 3. Liga 2025\/2026.<\/td>\n<\/tr>\n<tr>\n<td><a href=\"https:\/\/www.news.de\/sport\/859184860\/sv-wehen-wiesbaden-fc-energie-cottbus-im-live-stream-tv-uebertragung-vorbericht-und-tabelle-am-14-12-2025-in-der-3-liga-25-26\/1\/\" target=\"_blank\" title=\"Weiterlesen\" rel=\"noopener\"><strong>SV Wehen Wiesbaden vs. FC Energie Cottbus: Cottbus verabschiedet sich ohne Punkte aus Wiesbaden<\/strong><\/a>: Der 18. Spieltag der 3. Liga ist f\u00fcr die Mannschaften des SV Wehen Wiesbaden und des FC Energie Cottbus pass\u00e9! Welche Spieler ran durften und welche Highlights die Partie hergab, lesen Sie jetzt hier in unserer Zusammenfassung.<\/td>\n<\/tr>\n<tr>\n<td><a href=\"https:\/\/www.news.de\/sport\/859162444\/vfl-osnabrueck-sv-wehen-wiesbaden-im-live-stream-tv-uebertragung-vorbericht-und-tabelle-am-06-12-2025-in-der-3-liga-25-26\/1\/\" target=\"_blank\" title=\"Weiterlesen\" rel=\"noopener\"><strong>VfL Osnabr\u00fcck vs. SV Wehen Wiesbaden: Kaya macht den Unterschied! SV Wehen siegt gl\u00fccklich in Osnabr\u00fcck<\/strong><\/a>: Die Partie VfL Osnabr\u00fcck gegen SV Wehen Wiesbaden am 17. Spieltag der 3. Liga ist vorbei und die Teams gehen in die Nachanalyse. Den vollst\u00e4ndigen Matchverlauf, alle Tore und alle Karten haben wir hier f\u00fcr Sie im Spielbericht zusammengestellt.<\/td>\n<\/tr>\n<tr>\n<td><a href=\"https:\/\/www.news.de\/sport\/859142383\/sv-wehen-wiesbaden-fc-erzgebirge-aue-im-live-stream-tv-uebertragung-vorbericht-und-tabelle-am-28-11-2025-in-der-3-liga-25-26\/1\/\" target=\"_blank\" title=\"Weiterlesen\" rel=\"noopener\"><strong>SV Wehen Wiesbaden vs. FC Erzgebirge Aue: Aue verabschiedet sich ohne Punkte aus Wiesbaden<\/strong><\/a>: Zum 16. Spieltag der 3. Liga traf am 28.11.2025 die Mannschaft des SV Wehen Wiesbaden auf den FC Erzgebirge Aue. Auf welcher Seite die Erwartungen von Fans und Verantwortlichen erf\u00fcllt wurden, erfahren Sie hier in unserem Spielbericht bei news.de.<\/td>\n<\/tr>\n<tr>\n<td><a href=\"https:\/\/www.news.de\/sport\/859125952\/sv-waldhof-mannheim-sv-wehen-wiesbaden-im-live-stream-tv-uebertragung-vorbericht-und-tabelle-am-22-11-2025-in-der-3-liga-25-26\/1\/\" target=\"_blank\" title=\"Weiterlesen\" rel=\"noopener\"><strong>SV Waldhof Mannheim vs. SV Wehen Wiesbaden: Boyd macht den Unterschied! SV Wehen verliert in Mannheim<\/strong><\/a>: Der 15. Spieltag der 3. Liga ist f\u00fcr die Mannschaften des SV Waldhof Mannheim und des SV Wehen Wiesbaden pass\u00e9! In unserer Zusammenfassung bekommen Sie alle Infos \u00fcber die Teams und den Matchverlauf mit Aufstellungen, allen Karten und den Highlights der Partie im \u00dcberblick.<\/td>\n<\/tr>\n<p>SV Wehen Wiesbaden in der aktuellen 3. Liga-Tabelle 2025\/2026<\/p>\n<tr>PlatzTeamSpieleSUNToreDiff.Pkt.<\/tr>\n<tr>\n<td>1<\/td>\n<td>FC Energie<\/td>\n<td>18<\/td>\n<td>11<\/td>\n<td>2<\/td>\n<td>5<\/td>\n<td>40:31<\/td>\n<td>9<\/td>\n<td>35<\/td>\n<\/tr>\n<tr>\n<td>2<\/td>\n<td>MSV Duisburg<\/td>\n<td>18<\/td>\n<td>9<\/td>\n<td>6<\/td>\n<td>3<\/td>\n<td>32:22<\/td>\n<td>10<\/td>\n<td>33<\/td>\n<\/tr>\n<tr>\n<td>3<\/td>\n<td>SC Verl<\/td>\n<td>18<\/td>\n<td>8<\/td>\n<td>8<\/td>\n<td>2<\/td>\n<td>42:26<\/td>\n<td>16<\/td>\n<td>32<\/td>\n<\/tr>\n<tr>\n<td>4<\/td>\n<td>VfL Osnabr\u00fcck<\/td>\n<td>18<\/td>\n<td>9<\/td>\n<td>5<\/td>\n<td>4<\/td>\n<td>25:19<\/td>\n<td>6<\/td>\n<td>32<\/td>\n<\/tr>\n<tr>\n<td>5<\/td>\n<td>F.C. Hansa<\/td>\n<td>18<\/td>\n<td>8<\/td>\n<td>7<\/td>\n<td>3<\/td>\n<td>30:18<\/td>\n<td>12<\/td>\n<td>31<\/td>\n<\/tr>\n<tr>\n<td>6<\/td>\n<td>RW Essen<\/td>\n<td>18<\/td>\n<td>8<\/td>\n<td>7<\/td>\n<td>3<\/td>\n<td>33:28<\/td>\n<td>5<\/td>\n<td>31<\/td>\n<\/tr>\n<tr>\n<td>7<\/td>\n<td>TSV 1860<\/td>\n<td>18<\/td>\n<td>9<\/td>\n<td>3<\/td>\n<td>6<\/td>\n<td>29:27<\/td>\n<td>2<\/td>\n<td>30<\/td>\n<\/tr>\n<tr>\n<td>8<\/td>\n<td>Hoffenheim II<\/td>\n<td>18<\/td>\n<td>8<\/td>\n<td>4<\/td>\n<td>6<\/td>\n<td>37:26<\/td>\n<td>11<\/td>\n<td>28<\/td>\n<\/tr>\n<tr>\n<td><strong>9<\/strong><\/td>\n<td><strong>SV Wehen Wie<\/strong><\/td>\n<td><strong>18<\/strong><\/td>\n<td><strong>8<\/strong><\/td>\n<td><strong>4<\/strong><\/td>\n<td><strong>6<\/strong><\/td>\n<td><strong>24:20<\/strong><\/td>\n<td><strong>4<\/strong><\/td>\n<td><strong>28<\/strong><\/td>\n<\/tr>\n<tr>\n<td>10<\/td>\n<td>SV Waldhof<\/td>\n<td>18<\/td>\n<td>9<\/td>\n<td>1<\/td>\n<td>8<\/td>\n<td>30:29<\/td>\n<td>1<\/td>\n<td>28<\/td>\n<\/tr>\n<tr>\n<td>11<\/td>\n<td>Viktoria K\u00f6ln<\/td>\n<td>18<\/td>\n<td>8<\/td>\n<td>2<\/td>\n<td>8<\/td>\n<td>28:25<\/td>\n<td>3<\/td>\n<td>26<\/td>\n<\/tr>\n<tr>\n<td>12<\/td>\n<td>VfB Stuttg. II<\/td>\n<td>18<\/td>\n<td>7<\/td>\n<td>5<\/td>\n<td>6<\/td>\n<td>24:25<\/td>\n<td>-1<\/td>\n<td>26<\/td>\n<\/tr>\n<tr>\n<td>13<\/td>\n<td>SSV Jahn<\/td>\n<td>18<\/td>\n<td>7<\/td>\n<td>2<\/td>\n<td>9<\/td>\n<td>26:27<\/td>\n<td>-1<\/td>\n<td>23<\/td>\n<\/tr>\n<tr>\n<td>14<\/td>\n<td>Ingolstadt<\/td>\n<td>18<\/td>\n<td>5<\/td>\n<td>6<\/td>\n<td>7<\/td>\n<td>30:28<\/td>\n<td>2<\/td>\n<td>21<\/td>\n<\/tr>\n<tr>\n<td>15<\/td>\n<td>Saarbr\u00fccken<\/td>\n<td>18<\/td>\n<td>5<\/td>\n<td>6<\/td>\n<td>7<\/td>\n<td>28:30<\/td>\n<td>-2<\/td>\n<td>21<\/td>\n<\/tr>\n<tr>\n<td>16<\/td>\n<td>Alemannia Aachen<\/td>\n<td>18<\/td>\n<td>6<\/td>\n<td>2<\/td>\n<td>10<\/td>\n<td>27:33<\/td>\n<td>-6<\/td>\n<td>20<\/td>\n<\/tr>\n<tr>\n<td>17<\/td>\n<td>Erzgeb.  Aue<\/td>\n<td>18<\/td>\n<td>4<\/td>\n<td>7<\/td>\n<td>7<\/td>\n<td>19:28<\/td>\n<td>-9<\/td>\n<td>19<\/td>\n<\/tr>\n<tr>\n<td>18<\/td>\n<td>SSV Ulm<\/td>\n<td>18<\/td>\n<td>5<\/td>\n<td>1<\/td>\n<td>12<\/td>\n<td>24:41<\/td>\n<td>-17<\/td>\n<td>16<\/td>\n<\/tr>\n<tr>\n<td>19<\/td>\n<td>TSV Havelse<\/td>\n<td>18<\/td>\n<td>2<\/td>\n<td>6<\/td>\n<td>10<\/td>\n<td>24:39<\/td>\n<td>-15<\/td>\n<td>12<\/td>\n<\/tr>\n<tr>\n<td>20<\/td>\n<td>Schweinfurt<\/td>\n<td>18<\/td>\n<td>2<\/td>\n<td>0<\/td>\n<td>16<\/td>\n<td>16:46<\/td>\n<td>-30<\/td>\n<td>6<\/td>\n<\/tr>\n<p>        FOTOSTRECKE: Maskottchen-Parade: Von Storch bis Panda: Kennen Sie alle Maskottchen der deutschen Fu\u00dfball-Vereine?    <\/p>\n<p>        <a title=\"Von Storch bis Panda: Kennen Sie alle Maskottchen der deutschen Fu\u00dfball-Vereine?\" class=\"position-relative d-block iconmoon-overlay\" data-article-id=\"857931940\" href=\"https:\/\/www.news.de\/fotostrecke\/850720374\/fussball-maskottchen-der-1-und-2-bundesliga-berni-bulli-emma-und-co-bringen-ihren-vereinen-glueck\/1\/\" target=\"_blank\" rel=\"noopener\"><img decoding=\"async\" src=\"https:\/\/www.europesays.com\/de\/wp-content\/uploads\/2025\/08\/fuechsle-vom-sc-freiburg_858059007_1200x675_335e026473bdece0fb238f8fe6ee77de.jpg\" loading=\"lazy\" class=\"img-cover\" alt=\"F\u00fcchsle vom SC Freiburg (Foto)\" title=\"F\u00fcchsle vom SC Freiburg\" width=\"1200\" height=\"675\"\/><\/a>        Bild:<br \/>\n            picture alliance\/dpa | Tom Weller<\/p>\n<p>+++ Redaktioneller Hinweis: Dieser Text wurde auf Basis aktueller Sportdaten generiert und wird regelm\u00e4\u00dfig datengetrieben aktualisiert. Feedback und Anmerkungen nehmen wir unter hinweis@news.de entgegen. +++  <\/p>\n<p><a href=\"https:\/\/www.news.de\/thema\/3-liga\/1\/\" target=\"_blank\" rel=\"noopener\"><strong>Noch mehr News zur 3. Liga lesen Sie hier.<\/strong><\/a>  <\/p>\n<p><a href=\"https:\/\/www.news.de\/autor\/Sarah+Knauth\/\" rel=\"author noopener\" target=\"_blank\">kns<\/a>\/roj\/news.de<\/p>\n","protected":false},"excerpt":{"rendered":"In der laufenden Saison 2025\/2026 hat wiesbaden\/1\/&#8220;&gt;SV Wehen Wiesbaden bereits 18 Spiele hinter sich gebracht und dabei 28&hellip;\n","protected":false},"author":2,"featured_media":119117,"comment_status":"","ping_status":"","sticky":false,"template":"","format":"standard","meta":{"footnotes":""},"categories":[1847],"tags":[3364,29,548,663,3934,30,13,2052,14,15,12,265,4544],"class_list":{"0":"post-647460","1":"post","2":"type-post","3":"status-publish","4":"format-standard","5":"has-post-thumbnail","7":"category-wiesbaden","8":"tag-de","9":"tag-deutschland","10":"tag-eu","11":"tag-europa","12":"tag-europe","13":"tag-germany","14":"tag-headlines","15":"tag-hessen","16":"tag-nachrichten","17":"tag-news","18":"tag-schlagzeilen","19":"tag-sport","20":"tag-wiesbaden"},"share_on_mastodon":{"url":"https:\/\/pubeurope.com\/@de\/115722688081294302","error":""},"_links":{"self":[{"href":"https:\/\/www.europesays.com\/de\/wp-json\/wp\/v2\/posts\/647460","targetHints":{"allow":["GET"]}}],"collection":[{"href":"https:\/\/www.europesays.com\/de\/wp-json\/wp\/v2\/posts"}],"about":[{"href":"https:\/\/www.europesays.com\/de\/wp-json\/wp\/v2\/types\/post"}],"author":[{"embeddable":true,"href":"https:\/\/www.europesays.com\/de\/wp-json\/wp\/v2\/users\/2"}],"replies":[{"embeddable":true,"href":"https:\/\/www.europesays.com\/de\/wp-json\/wp\/v2\/comments?post=647460"}],"version-history":[{"count":0,"href":"https:\/\/www.europesays.com\/de\/wp-json\/wp\/v2\/posts\/647460\/revisions"}],"wp:featuredmedia":[{"embeddable":true,"href":"https:\/\/www.europesays.com\/de\/wp-json\/wp\/v2\/media\/119117"}],"wp:attachment":[{"href":"https:\/\/www.europesays.com\/de\/wp-json\/wp\/v2\/media?parent=647460"}],"wp:term":[{"taxonomy":"category","embeddable":true,"href":"https:\/\/www.europesays.com\/de\/wp-json\/wp\/v2\/categories?post=647460"},{"taxonomy":"post_tag","embeddable":true,"href":"https:\/\/www.europesays.com\/de\/wp-json\/wp\/v2\/tags?post=647460"}],"curies":[{"name":"wp","href":"https:\/\/api.w.org\/{rel}","templated":true}]}}