{"id":647493,"date":"2025-12-15T09:04:13","date_gmt":"2025-12-15T09:04:13","guid":{"rendered":"https:\/\/www.europesays.com\/de\/647493\/"},"modified":"2025-12-15T09:04:13","modified_gmt":"2025-12-15T09:04:13","slug":"ep-vorschau-stopp-fuer-russisches-gas-eu-verteidigung-automobilpaket","status":"publish","type":"post","link":"https:\/\/www.europesays.com\/de\/647493\/","title":{"rendered":"EP-Vorschau: Stopp f\u00fcr russisches Gas, EU-Verteidigung, Automobilpaket, &#8230;"},"content":{"rendered":"<p class=\"date\">15.12.2025 \u2013 09:47<\/p>\n<p class=\"customer\">\n                        <a class=\"story-customer\" title=\"weiter zum newsroom von Europ\u00e4isches Parlament\" href=\"https:\/\/www.presseportal.de\/nr\/106967\" target=\"_blank\" rel=\"noopener\">Europ\u00e4isches Parlament<\/a>\n                    <\/p>\n<p><a data-category=\"citylink-story-view\" data-action=\"click\" data-label=\"Citylink in Meldungsansicht\" class=\"story-city event-trigger\" href=\"https:\/\/www.presseportal.de\/regional\/Stra%DFburg%252FBerlin\" title=\"News aus Stra\u00dfburg\/Berlin \" target=\"_blank\" rel=\"noopener\">Stra\u00dfburg\/Berlin<\/a> (ots)<\/p>\n<p> <a target=\"_blank\" class=\"uri-ext outbound\" rel=\"noopener\" href=\"https:\/\/www.europarl.europa.eu\/news\/de\/agenda\/plenary-news\/2025-12-15\"><b>Vorschau:<\/b><\/a><\/p>\n<p> <a target=\"_blank\" class=\"uri-ext outbound\" rel=\"noopener\" href=\"https:\/\/www.europarl.europa.eu\/news\/de\/agenda\/plenary-news\/2025-12-15\"><b>Plenartagung vom 15. bis 18. Dezember<\/b><\/a><\/p>\n<p> Das Europ\u00e4ische Parlament tagt vom 15. bis 18. Dezember im Plenum in Stra\u00dfburg. Auf der Tagesordnung stehen unter anderem die unten folgenden Themen. <\/p>\n<p> Die laufend aktualisierte Tagesordnung finden Sie <b> <a target=\"_blank\" class=\"uri-ext outbound\" rel=\"noopener\" href=\"https:\/\/www.europarl.europa.eu\/doceo\/document\/OJ-10-2025-12-15-SYN_DE.html\">unter diesem Link<\/a><\/b>. Die Plenartagung k\u00f6nnen Sie im  <a target=\"_blank\" class=\"uri-ext outbound\" rel=\"noopener\" href=\"https:\/\/multimedia.europarl.europa.eu\/de\/webstreaming?view=day\"><b>Livestream<\/b><\/a>im Originalton oder mit Simultanverdolmetschung verfolgen. <\/p>\n<p> Sacharow-Preis 2025: Am Dienstagmittag wird Parlamentspr\u00e4sidentin Pr\u00e4sidentin Metsola den  <a target=\"_blank\" class=\"uri-ext outbound\" rel=\"noopener\" href=\"https:\/\/www.europarl.europa.eu\/news\/de\/press-room\/20251016IPR30949\/andrzej-poczobut-and-mzia-amaglobeli-erhalten-den-sacharow-preis-2025\">Sacharow-Preis f\u00fcr geistige Freiheit 2025 an Andrzej Poczobut und Mzia Amaglobeli<\/a> verleihen, zwei Journalisten, die in Belarus bzw. Georgien inhaftiert sind. Vor der Zeremonie werden Pr\u00e4sidentin Roberta Metsola und Vertreter beider Preistr\u00e4ger eine gemeinsame Pressekonferenz abhalten.  <a target=\"_blank\" class=\"uri-ext outbound\" rel=\"noopener\" href=\"https:\/\/www.europarl.europa.eu\/news\/de\/agenda\/plenary-news\/2025-12-15\/0\/verleihung-des-sacharow-preises-an-andrzej-poczobut-und-mzia-amaglobeli\">Weitere Informationen<\/a>. <\/p>\n<p> Pressekonferenz: Di., 16.12., 11:30-12:00 Uhr:  <a target=\"_blank\" class=\"uri-ext outbound\" rel=\"noopener\" href=\"https:\/\/multimedia.europarl.europa.eu\/de\/webstreaming\/press-conference-by-ep-president-and-representatives-of-sakharov-prize-laureates_20251216-1130-SPECIAL-PRESSER\">Livestream<\/a>. <\/p>\n<p> Preisverleihung: Di., 16.12., 12:00-12:30 Uhr:  <a target=\"_blank\" class=\"uri-ext outbound\" rel=\"noopener\" href=\"https:\/\/multimedia.europarl.europa.eu\/de\/webstreaming\/sakharov-prize-for-freedom-of-thought-award-ceremony_20251216-1200-SPECIAL-SAKHAROVPRIZE\">Livestream<\/a>. <\/p>\n<p> EU-Gipfel im Dezember: Am Mittwochvormittag werden die Abgeordneten in einer Debatte mit der Europ\u00e4ischen Kommission und der d\u00e4nischen Ratspr\u00e4sidentschaft ihre Erwartungen an den EU-Gipfel vom 18. bis 19. Dezember darlegen, insbesondere hinsichtlich der Notwendigkeit, die Ukraine zu unterst\u00fctzen, der transatlantischen Beziehungen und der strategischen Autonomie der EU. <\/p>\n<p><b>Debatte: Mi., 17.12., 09:00-11:50 Uhr:  <a target=\"_blank\" class=\"uri-ext outbound\" rel=\"noopener\" href=\"https:\/\/multimedia.europarl.europa.eu\/de\/webstreaming\/plenary-session_20251217-0900-PLENARY\">Livestream<\/a>.<\/b><\/p>\n<p> Ausstieg aus russischen Gasimporten: Am Dienstagmorgen werden die Abgeordneten einen Entwurf f\u00fcr ein neues Gesetz pr\u00fcfen, das den Import von russischem Erdgas verbietet und die Energiesicherheit der EU vor einer Instrumentalisierung der Lieferungen durch die Russische F\u00f6deration sch\u00fctzen soll. Die endg\u00fcltige Abstimmung findet am Mittwoch statt. Im Anschluss an die Abstimmung wird eine Pressekonferenz stattfinden.  <a target=\"_blank\" class=\"uri-ext outbound\" rel=\"noopener\" href=\"https:\/\/www.europarl.europa.eu\/news\/de\/agenda\/plenary-news\/2025-12-15\/2\/ausstieg-aus-russischen-gasimporten\">Weitere Informationen<\/a>. <\/p>\n<p> Debatte: Di., 16.12., ab 09:00 Uhr:  <a target=\"_blank\" class=\"uri-ext outbound\" rel=\"noopener\" href=\"https:\/\/multimedia.europarl.europa.eu\/de\/webstreaming\/plenary-session_20251216-0900-PLENARY\">Livestream<\/a>. <\/p>\n<p> Abstimmung: Mi., 17.12., 12:00-13:00 Uhr:  <a target=\"_blank\" class=\"uri-ext outbound\" rel=\"noopener\" href=\"https:\/\/multimedia.europarl.europa.eu\/de\/webstreaming\/plenary-session_20251217-0900-PLENARY\">Livestream<\/a>. <\/p>\n<p> Pressekonferenz: Mi., 17.12., 13:00 Uhr:  <a target=\"_blank\" class=\"uri-ext outbound\" rel=\"noopener\" href=\"https:\/\/multimedia.europarl.europa.eu\/de\/webstreaming\/efa-finland-rapporteur-and-inese-vaidere-epp-latvia-rappor_20251217-1300-SPECIAL-PRESSER\">Livestream<\/a>. <\/p>\n<p> Vereinfachung: Am Dienstag wird das Plenum endg\u00fcltig \u00fcber die Aktualisierung der Vorschriften zur Nachhaltigkeitsberichterstattung und zu den Sorgfaltspflichten f\u00fcr Unternehmen (gefolgt von einer Pressekonferenz), \u00fcber die Vereinfachung und Verschiebung der Anwendung des EU-Gesetzes zur Entwaldung sowie \u00fcber mehr Flexibilit\u00e4t und Unterst\u00fctzung f\u00fcr Landwirte bei der Einhaltung der Vorschriften der gemeinsamen Agrarpolitik der EU abstimmen.  <a target=\"_blank\" class=\"uri-ext outbound\" rel=\"noopener\" href=\"https:\/\/www.europarl.europa.eu\/news\/de\/agenda\/plenary-news\/2025-12-15\/3\/vereinfachung-der-regeln-fur-nachhaltigkeit-und-sorgfaltspflichten\">Weitere Informationen zu Nachhaltigkeit und Sorgfaltspflichten<\/a>.  <a target=\"_blank\" class=\"uri-ext outbound\" rel=\"noopener\" href=\"https:\/\/www.europarl.europa.eu\/news\/de\/agenda\/plenary-news\/2025-12-15\/4\/eu-entwaldungsgesetz-abstimmung-uber-aufschub-und-vereinfachung-der-regeln\">Weitere Informationen zum EU-Entwaldungsgesetz<\/a>.  <a target=\"_blank\" class=\"uri-ext outbound\" rel=\"noopener\" href=\"https:\/\/www.europarl.europa.eu\/news\/de\/agenda\/plenary-news\/2025-12-15\/7\/vereinfachung-der-eu-agrarregeln\">Weitere Informationen zur Vereinfachung der EU-Agrarregeln<\/a>. <\/p>\n<p><b>Abstimmung: Di., 16.12., 12:30-13:30 Uhr:  <a target=\"_blank\" class=\"uri-ext outbound\" rel=\"noopener\" href=\"https:\/\/multimedia.europarl.europa.eu\/de\/webstreaming\/plenary-session_20251216-0900-PLENARY\">Livestream<\/a>.<\/b><\/p>\n<p><b>Pressekonferenz: Di., 16.12., 15:00 Uhr:  <a target=\"_blank\" class=\"uri-ext outbound\" rel=\"noopener\" href=\"https:\/\/multimedia.europarl.europa.eu\/de\/webstreaming\/press-conference-by-jorgen-warborn-epp-se-rapporteur-on-omnibus-i-updated-rules-on-sustainability-fo_20251216-1500-SPECIAL-PRESSER\">Livestream<\/a>.<\/b><\/p>\n<p> Mercosur\/Schutzma\u00dfnahmen f\u00fcr die Landwirtschaft: Am Dienstag stimmen die Abgeordneten \u00fcber ihren Standpunkt zu Schutzmechanismen f\u00fcr Agrarimporte im Zusammenhang mit dem Handelsabkommen mit den Mercosur-L\u00e4ndern ab. Nach der Abstimmung ist eine Pressekonferenz geplant.  <a target=\"_blank\" class=\"uri-ext outbound\" rel=\"noopener\" href=\"https:\/\/www.europarl.europa.eu\/news\/de\/agenda\/plenary-news\/2025-12-15\/6\/eu-mercosur-abstimmung-uber-zusatzliche-schutzmassnahmen-fur-agrarprodukte\">Weitere Informationen<\/a>. <\/p>\n<p><b>Abstimmung: Di., 16.12., 12:30-13:30 Uhr:  <a target=\"_blank\" class=\"uri-ext outbound\" rel=\"noopener\" href=\"https:\/\/multimedia.europarl.europa.eu\/de\/webstreaming\/plenary-session_20251216-0900-PLENARY\">Livestream<\/a>.<\/b><\/p>\n<p><b>Pressekonferenz: Di., 16.12., 14:00 Uhr:  <a target=\"_blank\" class=\"uri-ext outbound\" rel=\"noopener\" href=\"https:\/\/multimedia.europarl.europa.eu\/de\/webstreaming\/press-conference-by-gabriel-mato-epp-es-rapporteur-and-bernd-lange-s-d-de-inta-chair-on-bilateral-sa_20251216-1400-SPECIAL-PRESSER\">Livestream<\/a>.<\/b><\/p>\n<p> St\u00e4rkung der EU-Verteidigung: Nach einer Debatte am Montag werden die Abgeordneten am Dienstag voraussichtlich Ma\u00dfnahmen zur St\u00e4rkung der technologischen und industriellen Basis Europas im Verteidigungsbereich durch die Bereitstellung von EU-Mitteln f\u00fcr die Verteidigung verabschieden. Ebenfalls am Dienstag werden sie \u00fcber zwei Berichte zur Erleichterung der Bewegung von Truppen und milit\u00e4rischer Ausr\u00fcstung innerhalb der EU und zur Vorbereitung der europ\u00e4ischen Verteidigung auf eine m\u00f6gliche russische Aggression debattieren, gefolgt von Abstimmungen am Mittwoch. Weitere Informationen:  <a target=\"_blank\" class=\"uri-ext outbound\" rel=\"noopener\" href=\"https:\/\/www.europarl.europa.eu\/news\/de\/agenda\/plenary-news\/2025-12-15\/5\/mehr-eu-unterstutzung-fur-verteidigungsinvestitionen\">Mehr EU-Unterst\u00fctzung f\u00fcr Verteidigungsinvestitionen<\/a>.  <a target=\"_blank\" class=\"uri-ext outbound\" rel=\"noopener\" href=\"https:\/\/www.europarl.europa.eu\/news\/de\/agenda\/plenary-news\/2025-12-15\/10\/militar-schengen-zur-starkung-der-europaischen-sicherheit\">&#8222;Milit\u00e4r-Schengen&#8220; zur St\u00e4rkung der europ\u00e4ischen Sicherheit<\/a>. <\/p>\n<p> Plan f\u00fcr erschwinglichen Wohnraum: Am Dienstag werden die Abgeordneten des Europ\u00e4ischen Parlaments und die Kommission dar\u00fcber beraten, wie durch eine spezielle Baustrategie und die Beschleunigung der Renovierung bestehender Wohnungen der Zugang zu erschwinglichem Wohnraum in der gesamten EU sichergestellt werden kann.  <a target=\"_blank\" class=\"uri-ext outbound\" rel=\"noopener\" href=\"https:\/\/www.europarl.europa.eu\/news\/de\/agenda\/plenary-news\/2025-12-15\/13\/kommission-stellt-eu-plan-fur-erschwinglichen-wohnraum-vor\">Weitere Informationen<\/a>. <\/p>\n<p><b>Debatte: Di., 16.12., 15:00 Uhr:  <a target=\"_blank\" class=\"uri-ext outbound\" rel=\"noopener\" href=\"https:\/\/multimedia.europarl.europa.eu\/de\/webstreaming\/plenary-session_20251216-0900-PLENARY\">Livestream<\/a>.<\/b><\/p>\n<p> Automobilpaket: Am Dienstag wird die Europ\u00e4ische Kommission ein neues Ma\u00dfnahmenpaket zur St\u00e4rkung der Wettbewerbsf\u00e4higkeit des Automobilsektors in der EU vorstellen und anschlie\u00dfend mit den Abgeordneten des Europ\u00e4ischen Parlaments dar\u00fcber diskutieren.  <a target=\"_blank\" class=\"uri-ext outbound\" rel=\"noopener\" href=\"https:\/\/www.europarl.europa.eu\/news\/de\/agenda\/plenary-news\/2025-12-15\/8\/automobilpaket-aussprache-mit-der-kommission\">Weitere Informationen<\/a>. <\/p>\n<p><b>Debatte: Di., 16.12., nach 15:00 Uhr:  <a target=\"_blank\" class=\"uri-ext outbound\" rel=\"noopener\" href=\"https:\/\/multimedia.europarl.europa.eu\/de\/webstreaming\/plenary-session_20251216-0900-PLENARY\">Livestream<\/a>.<\/b><\/p>\n<p> Terminkalender der Pr\u00e4sidentin: Am Dienstag empf\u00e4ngt Parlamentspr\u00e4sidentin Roberta Metsola die Vertreter der Sacharow-Preistr\u00e4ger 2025 und spricht gemeinsam mit ihnen um  <a target=\"_blank\" class=\"uri-ext outbound\" rel=\"noopener\" href=\"https:\/\/multimedia.europarl.europa.eu\/de\/webstreaming\/press-conference-by-ep-president-and-representatives-of-sakharov-prize-laureates_20251216-1130-SPECIAL-PRESSER\"><b>11:30 Uhr auf einer Pressekonferenz<\/b><\/a>, bevor sie  <a target=\"_blank\" class=\"uri-ext outbound\" rel=\"noopener\" href=\"https:\/\/multimedia.europarl.europa.eu\/de\/webstreaming\/sakharov-prize-for-freedom-of-thought-award-ceremony_20251216-1200-SPECIAL-SAKHAROVPRIZE\"><b>ab 12:00 Uhr die Preisverleihung im Plenum<\/b><\/a> leitet. Am Mittwoch trifft sie in Br\u00fcssel den Pr\u00e4sidenten des Europ\u00e4ischen Rates, Antonio Costa, und nimmt am Gipfeltreffen EU-Westbalkan teil. Am Donnerstag h\u00e4lt Pr\u00e4sidentin Metsola eine Rede vor den Staats- und Regierungschefs im Europ\u00e4ischen Rat, gefolgt von einer Pressekonferenz. <\/p>\n<p><b>Aussch\u00fcsse:<\/b><\/p>\n<p><b>Verteidigungs-Omnibuspaket:<\/b> Die Aussch\u00fcsse f\u00fcr Sicherheit und Verteidigung (SEDE), Industrie, Forschung und Energie (ITRE), Umwelt, Klima und Lebensmittelsicherheit (ENVI) und Binnenmarkt und Verbraucherschutz (IMCO) werden ihre Standpunkte zu einer Reihe von Legislativvorschl\u00e4gen verabschieden, die darauf abzielen, Vorschriften zu vereinfachen und administrative H\u00fcrden zu beseitigen, um die Verteidigungsindustrie der EU anzukurbeln. Dazu geh\u00f6ren Ma\u00dfnahmen zur F\u00f6rderung gemeinsamer Beschaffung im Verteidigungsbereich, beschleunigte Genehmigungsverfahren f\u00fcr Infrastrukturprojekte, die Gew\u00e4hrleistung, dass chemische Vorschriften den Verteidigungsanforderungen Rechnung tragen, und die Verbesserung des Zugangs zu Finanzmitteln. <\/p>\n<p><b>Mo., 15.12.<\/b><\/p>\n<p><b>Medientermine:<\/b><\/p>\n<p> Last-Minute-Briefing zur Plenartagung <\/p>\n<p> Der Sprecherdienst des Parlaments pr\u00e4sentiert die Themen der Plenartagung. <\/p>\n<p> Mo., 15.12., 16:30-17:00 Uhr, Daphne-Caruana-Galizia-Pressekonferenzraum:  <a target=\"_blank\" class=\"uri-ext outbound\" rel=\"noopener\" href=\"https:\/\/multimedia.europarl.europa.eu\/de\/webstreaming\/last-minute-session-briefing_20251215-1630-SPECIAL-PRESSER\">Livestream<\/a>. <\/p>\n<p> Medienseminar: Sacharow-Preis f\u00fcr geistige Freiheit 2025 <\/p>\n<p><b>mit EP-Vizepr\u00e4sidentin Sophie Wilm\u00e8s und Vertretern der  <a target=\"_blank\" class=\"uri-ext outbound\" rel=\"noopener\" href=\"https:\/\/www.europarl.europa.eu\/news\/de\/press-room\/20251016IPR30949\/andrzej-poczobut-and-mzia-amaglobeli-erhalten-den-sacharow-preis-2025\">Preistr\u00e4ger <\/a>und Finalisten<\/b><\/p>\n<p> Di., 16.12., 09:00-11:15 Uhr, Europ\u00e4isches Parlament in Stra\u00dfburg, Raum De Madariaga S7, und im  <a target=\"_blank\" class=\"uri-ext outbound\" rel=\"noopener\" href=\"https:\/\/www.europarl.europa.eu\/streaming\/?event=20251216-0900-SPECIAL-OTHER\">Livestream<\/a>. <\/p>\n<p> <a target=\"_blank\" class=\"uri-ext outbound\" rel=\"noopener\" href=\"https:\/\/www.europarl.europa.eu\/resources\/library\/media\/20251205RES32029\/20251205RES32029.pdf\">Detailliertes Programm unter diesem Link (PDF)<\/a><\/p>\n<p> Anmeldung f\u00fcr Vor-Ort-Teilnahme: <b> <a target=\"_blank\" class=\"uri-ext outbound\" rel=\"noopener\" href=\"https:\/\/www.presseportal.de\/pm\/106967\/mailto:presse-berlin@ep.europa.eu\">presse-berlin@ep.europa.eu<\/a><\/b>. <\/p>\n<p> Informeller Austausch mit 15 Journalistinnen und Journalisten aus Belarus, Georgien, Serbien, Ukraine, Pal\u00e4stina <\/p>\n<p> Mi., 17.12., 11:00-13:00 Uhr, Europ\u00e4isches Parlament in Stra\u00dfburg <\/p>\n<p> Details und Anmeldung:  <a target=\"_blank\" class=\"uri-ext outbound\" rel=\"noopener\" href=\"https:\/\/www.presseportal.de\/pm\/106967\/mailto:presse-berlin@ep.europa.eu\">presse-berlin@ep.europa.eu<\/a><\/p>\n<p> <a target=\"_blank\" class=\"uri-ext outbound\" rel=\"noopener\" href=\"https:\/\/multimedia.europarl.europa.eu\/de\/webstreaming\"><b>Laufend aktualisierte Liste aller Livestreams<\/b><\/a>, inklusive weiterer Pressekonferenzen, sobald diese festgelegt wurden. <\/p>\n<p><b>Weitere Informationen:<\/b><\/p>\n<p><b> <a target=\"_blank\" class=\"uri-ext outbound\" rel=\"noopener\" href=\"https:\/\/www.europarl.europa.eu\/news\/de\/agenda\">Die Woche im \u00dcberblick<\/a><\/b><\/p>\n<p><b> <a target=\"_blank\" class=\"uri-ext outbound\" rel=\"noopener\" href=\"https:\/\/www.europarl.europa.eu\/news\/de\">Aktuelle Pressemitteilungen<\/a><\/b><\/p>\n<p><b> <a target=\"_blank\" class=\"uri-ext outbound\" rel=\"noopener\" href=\"https:\/\/www.europarl.europa.eu\/doceo\/document\/OJ-10-2025-12-15-SYN_DE.html\">Tagesordnung<\/a><\/b><\/p>\n<p><b> <a target=\"_blank\" class=\"uri-ext outbound\" rel=\"noopener\" href=\"https:\/\/multimedia.europarl.europa.eu\/de\/webstreaming\">Webstreams im \u00dcberblick<\/a><\/b><\/p>\n<p class=\"contact-headline\">Pressekontakt:<\/p>\n<p class=\"contact-text\">Philipp BAUER<br \/>Pressereferent | Verbindungsb\u00fcro des Europ\u00e4ischen Parlaments in<br \/>Deutschland<br \/>+ 49 (0)30 2280 1025<br \/>+ 49 (0)171 801 8603<br \/><a href=\"https:\/\/www.presseportal.de\/pm\/106967\/mailto: philipp.bauer@ep.europa.eu\" class=\"uri-mailto\" target=\"_blank\" rel=\"noopener\"> philipp.bauer@ep.europa.eu<\/a><br \/><a href=\"https:\/\/www.presseportal.de\/pm\/106967\/mailto: presse-berlin@europarl.europa.eu\" class=\"uri-mailto\" target=\"_blank\" rel=\"noopener\"> presse-berlin@europarl.europa.eu<\/a><\/p>\n<p>Thilo KUNZEMANN<br \/>Pressereferent | Verbindungsb\u00fcro des Europ\u00e4ischen Parlaments in<br \/>Deutschland<br \/>+ 49 (0)30 2280 1030<br \/>+ 49 (0)171 388 47 75<br \/><a href=\"https:\/\/www.presseportal.de\/pm\/106967\/mailto: thilo.kunzemann@ep.europa.eu\" class=\"uri-mailto\" target=\"_blank\" rel=\"noopener\"> thilo.kunzemann@ep.europa.eu<\/a><br \/><a href=\"https:\/\/www.presseportal.de\/pm\/106967\/mailto: presse-berlin@europarl.europa.eu\" class=\"uri-mailto\" target=\"_blank\" rel=\"noopener\"> presse-berlin@europarl.europa.eu<\/a><\/p>\n<p>Judit HERCEGFALVI<br \/>Pressereferentin in Deutschland<br \/>(+49) 30 2280 1080<br \/>(+49) 177 323 5202<br \/><a href=\"https:\/\/www.presseportal.de\/pm\/106967\/mailto: judit.hercegfalvi@europarl.europa.eu\" class=\"uri-mailto\" target=\"_blank\" rel=\"noopener\"> judit.hercegfalvi@europarl.europa.eu<\/a><br \/><a href=\"https:\/\/www.presseportal.de\/pm\/106967\/mailto: presse-berlin@europarl.europa.eu\" class=\"uri-mailto\" target=\"_blank\" rel=\"noopener\"> presse-berlin@europarl.europa.eu<\/a><\/p>\n<p class=\"originator\">Original-Content von: Europ\u00e4isches Parlament, \u00fcbermittelt durch news aktuell<\/p>\n","protected":false},"excerpt":{"rendered":"15.12.2025 \u2013 09:47 Europ\u00e4isches Parlament Stra\u00dfburg\/Berlin (ots) Vorschau: Plenartagung vom 15. bis 18. Dezember Das Europ\u00e4ische Parlament tagt&hellip;\n","protected":false},"author":2,"featured_media":386213,"comment_status":"","ping_status":"","sticky":false,"template":"","format":"standard","meta":{"footnotes":""},"categories":[3933],"tags":[331,332,6800,548,663,158,3934,3935,13,14,15,178,180,179,181,12,18867],"class_list":{"0":"post-647493","1":"post","2":"type-post","3":"status-publish","4":"format-standard","5":"has-post-thumbnail","7":"category-eu","8":"tag-aktuelle-nachrichten","9":"tag-aktuelle-news","10":"tag-auenpolitik","11":"tag-eu","12":"tag-europa","13":"tag-europaeische-union","14":"tag-europe","15":"tag-european-union","16":"tag-headlines","17":"tag-nachrichten","18":"tag-news","19":"tag-presse","20":"tag-pressemeldung","21":"tag-pressemitteilung","22":"tag-pressemitteilungen","23":"tag-schlagzeilen","24":"tag-terminvorschau"},"share_on_mastodon":{"url":"https:\/\/pubeurope.com\/@de\/115722784914412441","error":""},"_links":{"self":[{"href":"https:\/\/www.europesays.com\/de\/wp-json\/wp\/v2\/posts\/647493","targetHints":{"allow":["GET"]}}],"collection":[{"href":"https:\/\/www.europesays.com\/de\/wp-json\/wp\/v2\/posts"}],"about":[{"href":"https:\/\/www.europesays.com\/de\/wp-json\/wp\/v2\/types\/post"}],"author":[{"embeddable":true,"href":"https:\/\/www.europesays.com\/de\/wp-json\/wp\/v2\/users\/2"}],"replies":[{"embeddable":true,"href":"https:\/\/www.europesays.com\/de\/wp-json\/wp\/v2\/comments?post=647493"}],"version-history":[{"count":0,"href":"https:\/\/www.europesays.com\/de\/wp-json\/wp\/v2\/posts\/647493\/revisions"}],"wp:featuredmedia":[{"embeddable":true,"href":"https:\/\/www.europesays.com\/de\/wp-json\/wp\/v2\/media\/386213"}],"wp:attachment":[{"href":"https:\/\/www.europesays.com\/de\/wp-json\/wp\/v2\/media?parent=647493"}],"wp:term":[{"taxonomy":"category","embeddable":true,"href":"https:\/\/www.europesays.com\/de\/wp-json\/wp\/v2\/categories?post=647493"},{"taxonomy":"post_tag","embeddable":true,"href":"https:\/\/www.europesays.com\/de\/wp-json\/wp\/v2\/tags?post=647493"}],"curies":[{"name":"wp","href":"https:\/\/api.w.org\/{rel}","templated":true}]}}