{"id":647636,"date":"2025-12-15T10:28:15","date_gmt":"2025-12-15T10:28:15","guid":{"rendered":"https:\/\/www.europesays.com\/de\/647636\/"},"modified":"2025-12-15T10:28:15","modified_gmt":"2025-12-15T10:28:15","slug":"eu-beschliesst-unbefristetes-einfrieren-der-vermoegenswerte-der-russischen-zentralbank-in-europa_china-org-cn","status":"publish","type":"post","link":"https:\/\/www.europesays.com\/de\/647636\/","title":{"rendered":"EU beschlie\u00dft unbefristetes Einfrieren der Verm\u00f6genswerte der russischen Zentralbank in Europa_China.org.cn"},"content":{"rendered":"<p style=\"text-align: center; margin-bottom: 15px;\"><img decoding=\"async\" src=\"https:\/\/www.europesays.com\/de\/wp-content\/uploads\/2025\/12\/118228856_4a3119ac-8df8-4f2d-9dbd-3383ee6d1d24.jpg\" style=\"max-width:100%;\" \/><\/p>\n<p style=\"text-align: left; margin-bottom: 15px;\">Die d\u00e4nische EU-Ratspr\u00e4sidentschaft teilte am Freitag mit, dass sich die Mitgliedstaaten der Europ\u00e4ischen Union darauf geeinigt haben, die Verm\u00f6genswerte der russischen Zentralbank in Europa unbefristet einzufrieren.<\/p>\n<p style=\"text-align: left; margin-bottom: 15px;\">Der Pr\u00e4sident des Europ\u00e4ischen Rates, Ant\u00f3nio Costa, erkl\u00e4rte, die EU-Vertreter h\u00e4tten ihr Versprechen zur Einfrierung russischer Verm\u00f6genswerte eingel\u00f6st. Auf dem kommenden EU-Gipfel solle zudem die Frage der Finanzierung der Ukraine f\u00fcr die Jahre 2026 bis 2027 gekl\u00e4rt werden.<\/p>\n<p style=\"text-align: left; margin-bottom: 15px;\">Die Pr\u00e4sidentin der Europ\u00e4ischen Kommission, Ursula von der Leyen, begr\u00fc\u00dfte die Entscheidung des Europ\u00e4ischen Rates \u00fcber den Vorschlag zur unbefristeten Einfrierung russischer Staatsverm\u00f6gen.<\/p>\n","protected":false},"excerpt":{"rendered":"Die d\u00e4nische EU-Ratspr\u00e4sidentschaft teilte am Freitag mit, dass sich die Mitgliedstaaten der Europ\u00e4ischen Union darauf geeinigt haben, die&hellip;\n","protected":false},"author":2,"featured_media":647637,"comment_status":"","ping_status":"","sticky":false,"template":"","format":"standard","meta":{"footnotes":""},"categories":[3933],"tags":[331,332,548,663,158,3934,3935,13,14,15,152056,12,119440],"class_list":{"0":"post-647636","1":"post","2":"type-post","3":"status-publish","4":"format-standard","5":"has-post-thumbnail","7":"category-eu","8":"tag-aktuelle-nachrichten","9":"tag-aktuelle-news","10":"tag-eu","11":"tag-europa","12":"tag-europaeische-union","13":"tag-europe","14":"tag-european-union","15":"tag-headlines","16":"tag-nachrichten","17":"tag-news","18":"tag-russische-zentralbank","19":"tag-schlagzeilen","20":"tag-vermoegenswerte"},"share_on_mastodon":{"url":"https:\/\/pubeurope.com\/@de\/115723116036647425","error":""},"_links":{"self":[{"href":"https:\/\/www.europesays.com\/de\/wp-json\/wp\/v2\/posts\/647636","targetHints":{"allow":["GET"]}}],"collection":[{"href":"https:\/\/www.europesays.com\/de\/wp-json\/wp\/v2\/posts"}],"about":[{"href":"https:\/\/www.europesays.com\/de\/wp-json\/wp\/v2\/types\/post"}],"author":[{"embeddable":true,"href":"https:\/\/www.europesays.com\/de\/wp-json\/wp\/v2\/users\/2"}],"replies":[{"embeddable":true,"href":"https:\/\/www.europesays.com\/de\/wp-json\/wp\/v2\/comments?post=647636"}],"version-history":[{"count":0,"href":"https:\/\/www.europesays.com\/de\/wp-json\/wp\/v2\/posts\/647636\/revisions"}],"wp:featuredmedia":[{"embeddable":true,"href":"https:\/\/www.europesays.com\/de\/wp-json\/wp\/v2\/media\/647637"}],"wp:attachment":[{"href":"https:\/\/www.europesays.com\/de\/wp-json\/wp\/v2\/media?parent=647636"}],"wp:term":[{"taxonomy":"category","embeddable":true,"href":"https:\/\/www.europesays.com\/de\/wp-json\/wp\/v2\/categories?post=647636"},{"taxonomy":"post_tag","embeddable":true,"href":"https:\/\/www.europesays.com\/de\/wp-json\/wp\/v2\/tags?post=647636"}],"curies":[{"name":"wp","href":"https:\/\/api.w.org\/{rel}","templated":true}]}}