{"id":647700,"date":"2025-12-15T11:06:14","date_gmt":"2025-12-15T11:06:14","guid":{"rendered":"https:\/\/www.europesays.com\/de\/647700\/"},"modified":"2025-12-15T11:06:14","modified_gmt":"2025-12-15T11:06:14","slug":"merz-etabliert-sich-als-europas-fuehrungsfigur","status":"publish","type":"post","link":"https:\/\/www.europesays.com\/de\/647700\/","title":{"rendered":"Merz etabliert sich als Europas F\u00fchrungsfigur"},"content":{"rendered":"<p class=\"font-bold text-18 leading-17\">Die Welt blickt heute auf Berlin. Noch nie schien ein Frieden f\u00fcr die Ukraine so greifbar nahe wie an diesem Montag. Die Europ\u00e4er melden sich als Akteure zur\u00fcck. Nicht zuletzt dank des deutschen Kanzlers.<\/p>\n<p class=\"text-18 leading-17\">Politik ist das Bohren dicker Bretter, hat mal einer gesagt. Das stimmt auch, ist aber nur die halbe Wahrheit. Derselbe Max Weber, der dieser Sentenz in seinem Klassiker &#8222;Politik als Beruf&#8220; Fl\u00fcgel verlieh, hat deshalb auch dar\u00fcber sinniert, dass Charisma, also am Ende die Inszenierung des einzelnen Politikers als Person, zur Kunst des Politischen geh\u00f6rt.<\/p>\n<p class=\"text-18 leading-17\">In diesem Sinne kann man sp\u00e4testens an diesem denkw\u00fcrdigen Montag in <a class=\"transition-colors duration-200 cursor-pointer text-inherit no-underline text-salemsfur md:hover:text-magenta md:hover:border-magenta md:focus:text-magenta border-current border-b border-solid break-words\" href=\"https:\/\/berlin.t-online.de\/region\/berlin\/\" data-sctrack=\"BodyAnchor\" rel=\"nofollow noopener\" target=\"_blank\">Berlin<\/a> festhalten: Mag <a class=\"transition-colors duration-200 cursor-pointer text-inherit no-underline text-salemsfur md:hover:text-magenta md:hover:border-magenta md:focus:text-magenta border-current border-b border-solid break-words\" href=\"https:\/\/www.t-online.de\/themen\/friedrich-merz\/\" data-sctrack=\"BodyAnchor\" rel=\"nofollow noopener\" target=\"_blank\">Friedrich Merz<\/a> in seiner Koalition von Anbeginn auf schwankendem Grund stehen, so hat er es doch vermocht, in den ersten neun Monaten als deutscher Bundeskanzler zur F\u00fchrungsfigur des freien Westens in dessen europ\u00e4ischem Teil geworden zu sein.<\/p>\n<p class=\"text-18 leading-17\">Alle, aber auch wirklich alle wichtigen Staats- und Regierungschefs der EU inklusive des britischen Premiers <a class=\"transition-colors duration-200 cursor-pointer text-inherit no-underline text-salemsfur md:hover:text-magenta md:hover:border-magenta md:focus:text-magenta border-current border-b border-solid break-words\" href=\"https:\/\/www.t-online.de\/themen\/keir-starmer\/\" data-sctrack=\"BodyAnchor\" rel=\"nofollow noopener\" target=\"_blank\">Keir Starmer<\/a> und des ukrainischen Pr\u00e4sidenten <a class=\"transition-colors duration-200 cursor-pointer text-inherit no-underline text-salemsfur md:hover:text-magenta md:hover:border-magenta md:focus:text-magenta border-current border-b border-solid break-words\" href=\"https:\/\/www.t-online.de\/themen\/wolodymyr-selenskyj\/\" data-sctrack=\"BodyAnchor\" rel=\"nofollow noopener\" target=\"_blank\">Wolodymyr Selenskyj<\/a> sind zu den Gespr\u00e4chen \u00fcber eine Friedensl\u00f6sung nach Berlin gekommen. Es erscheint zwar unwahrscheinlich, dass im Laufe des Tages oder bis morgen fr\u00fch etwas auf dem Tisch liegt, das einerseits der territorialen Integrit\u00e4t der <a class=\"transition-colors duration-200 cursor-pointer text-inherit no-underline text-salemsfur md:hover:text-magenta md:hover:border-magenta md:focus:text-magenta border-current border-b border-solid break-words\" href=\"https:\/\/www.t-online.de\/themen\/ukraine\/\" data-sctrack=\"BodyAnchor\" rel=\"nofollow noopener\" target=\"_blank\">Ukraine<\/a> und deren existenziellen Sicherheitsinteressen entspricht und zugleich den <a class=\"transition-colors duration-200 cursor-pointer text-inherit no-underline text-salemsfur md:hover:text-magenta md:hover:border-magenta md:focus:text-magenta border-current border-b border-solid break-words\" href=\"https:\/\/www.t-online.de\/themen\/usa\/\" data-sctrack=\"BodyAnchor\" rel=\"nofollow noopener\" target=\"_blank\">USA<\/a> und dem Aggressor <a class=\"transition-colors duration-200 cursor-pointer text-inherit no-underline text-salemsfur md:hover:text-magenta md:hover:border-magenta md:focus:text-magenta border-current border-b border-solid break-words\" href=\"https:\/\/www.t-online.de\/themen\/russland\/\" data-sctrack=\"BodyAnchor\" rel=\"nofollow noopener\" target=\"_blank\">Russland<\/a> Korridore f\u00fcr weitere Verhandlungen offen h\u00e4lt.<\/p>\n<p class=\"text-18 leading-17\">Vor diesem Hintergrund ist es schon ein Wert an sich, dass sich die Europ\u00e4er unter Friedrich Merz zur\u00fcck ins Spiel gebracht haben \u2013 nach dem unseligen 28-Punkte-Plan, der ganz ohne ihr Zutun den Amerikanern von Russland in den Block diktiert worden war. Und so berechtigt die Frage ist, welche Legitimit\u00e4t und Fachkompetenz eigentlich die beiden US-Chefunterh\u00e4ndler <a class=\"transition-colors duration-200 cursor-pointer text-inherit no-underline text-salemsfur md:hover:text-magenta md:hover:border-magenta md:focus:text-magenta border-current border-b border-solid break-words\" href=\"https:\/\/www.t-online.de\/themen\/jared-kushner\/\" data-sctrack=\"BodyAnchor\" rel=\"nofollow noopener\" target=\"_blank\">Jared Kushner<\/a> und Steve Witkoff aufweisen. Sie sind mit am Tisch im Kanzleramt, die transatlantische Br\u00fccke ist also geschlagen.<\/p>\n<p class=\"text-18 leading-17\">Es ist kein Wiener Kongress, der da heute in Berlin stattfindet. Und doch wird gerade Europa neu arrondiert. Es geht dabei tats\u00e4chlich um mehr als die umk\u00e4mpften Ostgebiete der Ukraine, die sich Russland einverleiben m\u00f6chte, und um mehr als etwaige Konzessionen territorialer Natur seitens der Ukraine. Es geht darum, dem Kriegsherrn im Kreml zu zeigen, dass Europa von Italiens Stiefel bis hoch zum Polarkreis Finnlands zusammensteht und der Ukraine zu ihrem Recht verhilft.<\/p>\n<p class=\"text-18 leading-17\">Die Europ\u00e4ische Union gibt oft Anlass, an ihrer Tr\u00e4gheit und ihren Fliehkr\u00e4ften zu verzweifeln. Aber in diesen vielleicht historischen Tagen zeigt sie sich geschlossen wie lange nicht. Daran hat der deutsche Bundeskanzler mit seiner Entschlossenheit, seinem klaren Kompass und seiner Willenskraft einen entscheidenden Anteil.<\/p>\n","protected":false},"excerpt":{"rendered":"Die Welt blickt heute auf Berlin. Noch nie schien ein Frieden f\u00fcr die Ukraine so greifbar nahe wie&hellip;\n","protected":false},"author":2,"featured_media":647701,"comment_status":"","ping_status":"","sticky":false,"template":"","format":"standard","meta":{"footnotes":"","_share_on_mastodon":"0"},"categories":[1825],"tags":[3028,1941,1939,296,1937,31,29,663,775,30,152066,1940,1938,307,317,107],"class_list":["post-647700","post","type-post","status-publish","format-standard","has-post-thumbnail","category-berlin","tag-3028","tag-aktuelle-nachrichten-aus-berlin","tag-aktuelle-news-aus-berlin","tag-berlin","tag-berlin-news","tag-cdu","tag-deutschland","tag-europa","tag-friedrich-merz","tag-germany","tag-max-weber","tag-nachrichten-aus-berlin","tag-news-aus-berlin","tag-russland","tag-ukraine","tag-wolodymyr-selenskyj"],"share_on_mastodon":{"url":"https:\/\/pubeurope.com\/@de\/115723264576795626","error":""},"_links":{"self":[{"href":"https:\/\/www.europesays.com\/de\/wp-json\/wp\/v2\/posts\/647700","targetHints":{"allow":["GET"]}}],"collection":[{"href":"https:\/\/www.europesays.com\/de\/wp-json\/wp\/v2\/posts"}],"about":[{"href":"https:\/\/www.europesays.com\/de\/wp-json\/wp\/v2\/types\/post"}],"author":[{"embeddable":true,"href":"https:\/\/www.europesays.com\/de\/wp-json\/wp\/v2\/users\/2"}],"replies":[{"embeddable":true,"href":"https:\/\/www.europesays.com\/de\/wp-json\/wp\/v2\/comments?post=647700"}],"version-history":[{"count":0,"href":"https:\/\/www.europesays.com\/de\/wp-json\/wp\/v2\/posts\/647700\/revisions"}],"wp:featuredmedia":[{"embeddable":true,"href":"https:\/\/www.europesays.com\/de\/wp-json\/wp\/v2\/media\/647701"}],"wp:attachment":[{"href":"https:\/\/www.europesays.com\/de\/wp-json\/wp\/v2\/media?parent=647700"}],"wp:term":[{"taxonomy":"category","embeddable":true,"href":"https:\/\/www.europesays.com\/de\/wp-json\/wp\/v2\/categories?post=647700"},{"taxonomy":"post_tag","embeddable":true,"href":"https:\/\/www.europesays.com\/de\/wp-json\/wp\/v2\/tags?post=647700"}],"curies":[{"name":"wp","href":"https:\/\/api.w.org\/{rel}","templated":true}]}}