{"id":647714,"date":"2025-12-15T11:15:36","date_gmt":"2025-12-15T11:15:36","guid":{"rendered":"https:\/\/www.europesays.com\/de\/647714\/"},"modified":"2025-12-15T11:15:36","modified_gmt":"2025-12-15T11:15:36","slug":"make-love-fake-love-star-karina-wagner-und-steffen-vogeno-baby-news-nach-hochzeit","status":"publish","type":"post","link":"https:\/\/www.europesays.com\/de\/647714\/","title":{"rendered":"\u201eMake Love, Fake Love\u201d-Star Karina Wagner und Steffen Vogeno: Baby-News nach Hochzeit!"},"content":{"rendered":"<p>M\u00e4rchenhochzeit auf dem Schloss Karina Wagner ist jetzt Mrs Vogeno \u2013 Realitystars sagen \u201eJa\u201d <img alt=\"Steffen Vogeno und Karina Wagner machten ihre Beziehung im M\u00e4rz 2025 \u00f6ffentlich. Nun haben sie geheiratet.\" fetchpriority=\"high\" width=\"940\" height=\"529\" decoding=\"async\" data-nimg=\"1\" class=\"Image-module-scss-module__ad4lTq__image Picture-module-scss-module__qzG4NW__image\" style=\"color:transparent\"   src=\"https:\/\/www.europesays.com\/de\/wp-content\/uploads\/2025\/12\/unbenannt-83.webp.webp\"\/><\/p>\n<p>Steffen Vogeno und Karina Wagner machten ihre Beziehung im M\u00e4rz 2025 \u00f6ffentlich. Nun haben sie geheiratet. <\/p>\n<p>Steffen Vogeno \/ Instagram 15. Dezember 2025 um 11:15 Uhr<\/p>\n<p class=\"AnnotatedMarkup-module-scss-module__KC7sFW__paragraph\"><strong>Die Ehe ist f\u00fcr sie Reality! <\/strong><br \/>Die ehemalige \u201eMake Love, Fake Love\u201d-Kandidatin Karina Wagner hat \u201eJa\u201d zu Steffen Vogeno gesagt. Die freudige Nachricht verk\u00fcndet der ehemalige \u201eBachelor in Paradise\u201d-Teilnehmer auf Instagram. Doch die Hochzeit ist nicht der einzige Meilenstein f\u00fcr die beiden.<\/p>\n<p>Mr &amp; Mrs Vogeno <\/p>\n<p class=\"AnnotatedMarkup-module-scss-module__KC7sFW__paragraph\">\u201eWir haben Ja gesagt\u201d, verr\u00e4t <a href=\"https:\/\/www.rtl.de\/themen\/personen\/steffen-vogeno-t17471.html\" target=\"_blank\" rel=\"nofollow noopener\">Steffen Vogeno<\/a> zu Hochzeitsschnappsch\u00fcssen in seiner Instagram-Story. Gefeiert wurde auf einem romantischen Schloss in Niedersachsen. F\u00fcr ihren gro\u00dfen Tag am 13. Dezember w\u00e4hlte die Braut ein schulterfreies Kleid mit langen \u00c4rmeln aus zarter Spitze. Dazu kombinierte sie einen bodenlangen Schleier. Der Br\u00e4utigam entschied sich f\u00fcr einen dunklen Anzug mit grau-blauer Weste.<\/p>\n<p><img alt=\"Die besten Reality-Shows auf RTL+\" fetchpriority=\"auto\" loading=\"lazy\" width=\"615\" height=\"346\" decoding=\"async\" data-nimg=\"1\" class=\"Image-module-scss-module__ad4lTq__image RtlPlusContent-module-scss-module__HqmqMa__image\" style=\"color:transparent\"   src=\"https:\/\/www.europesays.com\/de\/wp-content\/uploads\/2025\/12\/die-besten-reality-shows-auf-rtlplus.webp.webp\"\/><\/p>\n<p class=\"AnnotatedMarkup-module-scss-module__KC7sFW__paragraph\"><strong>Das Hochzeitsdatum hat f\u00fcr die beiden eine besondere Bedeutung: <\/strong>Seit dem 13. Dezember 2024 ist Karina fest an Steffen vergeben. Schon bei \u201eBachelor in Paradise\u201d (<a href=\"https:\/\/plus.rtl.de\/video-tv\/shows\/bachelor-in-paradise-797986?utm_source=rtl&amp;utm_content=30140240&amp;utm_medium=owned&amp;utm_campaign=textlink&amp;utm_term=bachelor-in-paradise\" target=\"_blank\" rel=\"nofollow noopener\">auf RTL+ streamen<\/a>) 2023 kamen sich die beiden zwar auf einigen Dates n\u00e4her, doch Karina suchte anschlie\u00dfend bei \u201eMake Love, Fake Love\u201d (<a href=\"https:\/\/plus.rtl.de\/video-tv\/shows\/make-love-fake-love-936477?utm_source=rtl&amp;utm_content=30140240&amp;utm_medium=owned&amp;utm_campaign=textlink&amp;utm_term=make-love-fake-love\" target=\"_blank\" rel=\"nofollow noopener\">auf RTL+ streamen<\/a>) nach ihrem Liebesgl\u00fcck \u2013 vergebens! Im Fr\u00fchjahr 2025 machten die beiden ihre Beziehung schlie\u00dflich offiziell.<\/p>\n<p class=\"AnnotatedMarkup-module-scss-module__KC7sFW__paragraph\"><strong>Lese-Tipp:<\/strong> <a href=\"https:\/\/www.rtl.de\/reality\/love-island-vip-sieger-josh-stella-hat-mein-dating-profil-erstellt-id30139347.html\" target=\"_self\" rel=\"nofollow noopener\">Love Island VIP-Star Josh verr\u00e4t: Ausgerechnet SIE hat mein Dating-Profil erstellt!<\/a><\/p>\n<p>\u201eBachelor in Paradise\u201c: Diese Kandidaten waren tats\u00e4chlich mal ein PaarAnzeige:<\/p>\n<p>Empfehlungen unserer Partner<\/p>\n<p>Die Torte verr\u00e4t\u2019s! Reality-Stars enth\u00fcllen Geschlecht ihres Babys<\/p>\n<p class=\"AnnotatedMarkup-module-scss-module__KC7sFW__paragraph\"><a href=\"https:\/\/www.rtl.de\/reality\/karina-wagner-und-steffen-vogeno-torte-verraet-geschlecht-ihres-babys-id6723450.html\" target=\"_self\" rel=\"nofollow noopener\">Im August lie\u00dfen die beiden dann die Baby-Bombe platzen<\/a>. Inzwischen ist Karina bereits im achten Monat schwanger und erwartet einen Jungen.<\/p>\n<p>00:39 min<\/p>\n<p>Doch es gibt ein Problem<\/p>\n<p>Die Torte verr\u00e4t&#8217;s! Reality-Stars enth\u00fcllen Geschlecht ihres Babys<\/p>\n<p class=\"AnnotatedMarkup-module-scss-module__KC7sFW__paragraph\">Ihre Schwangerschaft bezeichnete sie zuletzt als ziemlich \u201eanstrengend\u201d. Die Hochzeitsfeier konnte die werdende Mutter aber hoffentlich dennoch in vollen Z\u00fcgen genie\u00dfen.<\/p>\n<p class=\"AnnotatedMarkup-module-scss-module__KC7sFW__paragraph\">Verwendete Quellen: Instagram<\/p>\n","protected":false},"excerpt":{"rendered":"M\u00e4rchenhochzeit auf dem Schloss Karina Wagner ist jetzt Mrs Vogeno \u2013 Realitystars sagen \u201eJa\u201d Steffen Vogeno und Karina&hellip;\n","protected":false},"author":2,"featured_media":647715,"comment_status":"","ping_status":"","sticky":false,"template":"","format":"standard","meta":{"footnotes":"","_share_on_mastodon":"0"},"categories":[1773],"tags":[64421,152068,29,214,145372,30,152,152070,145369,471,1780,152069,215],"class_list":["post-647714","post","type-post","status-publish","format-standard","has-post-thumbnail","category-serien","tag-bachelor","tag-bachelor-in-paradise-arc-sendungen-show-bachelor-in-paradise","tag-deutschland","tag-entertainment","tag-fake-love-2025","tag-germany","tag-instagram","tag-karina-wagner","tag-make-love","tag-serien","tag-series","tag-steffen-vogeno","tag-unterhaltung"],"share_on_mastodon":{"url":"https:\/\/pubeurope.com\/@de\/115723301074896879","error":""},"_links":{"self":[{"href":"https:\/\/www.europesays.com\/de\/wp-json\/wp\/v2\/posts\/647714","targetHints":{"allow":["GET"]}}],"collection":[{"href":"https:\/\/www.europesays.com\/de\/wp-json\/wp\/v2\/posts"}],"about":[{"href":"https:\/\/www.europesays.com\/de\/wp-json\/wp\/v2\/types\/post"}],"author":[{"embeddable":true,"href":"https:\/\/www.europesays.com\/de\/wp-json\/wp\/v2\/users\/2"}],"replies":[{"embeddable":true,"href":"https:\/\/www.europesays.com\/de\/wp-json\/wp\/v2\/comments?post=647714"}],"version-history":[{"count":0,"href":"https:\/\/www.europesays.com\/de\/wp-json\/wp\/v2\/posts\/647714\/revisions"}],"wp:featuredmedia":[{"embeddable":true,"href":"https:\/\/www.europesays.com\/de\/wp-json\/wp\/v2\/media\/647715"}],"wp:attachment":[{"href":"https:\/\/www.europesays.com\/de\/wp-json\/wp\/v2\/media?parent=647714"}],"wp:term":[{"taxonomy":"category","embeddable":true,"href":"https:\/\/www.europesays.com\/de\/wp-json\/wp\/v2\/categories?post=647714"},{"taxonomy":"post_tag","embeddable":true,"href":"https:\/\/www.europesays.com\/de\/wp-json\/wp\/v2\/tags?post=647714"}],"curies":[{"name":"wp","href":"https:\/\/api.w.org\/{rel}","templated":true}]}}