{"id":648004,"date":"2025-12-15T14:05:17","date_gmt":"2025-12-15T14:05:17","guid":{"rendered":"https:\/\/www.europesays.com\/de\/648004\/"},"modified":"2025-12-15T14:05:17","modified_gmt":"2025-12-15T14:05:17","slug":"starkonditor-entdeckt-den-harz-im-ruhestand","status":"publish","type":"post","link":"https:\/\/www.europesays.com\/de\/648004\/","title":{"rendered":"Starkonditor entdeckt den Harz im Ruhestand"},"content":{"rendered":"<p>Von Berlin nach Quedlinburg\u00a0Torten f\u00fcr die Queen: Starkonditor entdeckt im Ruhestand den Harz f\u00fcr sich<\/p>\n<p class=\"fp-article-heading__excerpt text-lg\">Als Konditormeister reiste Manfred Podlesny um die Welt, kam mit den Gro\u00dfen der Unterhaltungsbranche zusammen, mit Sportlern und Staatsoberh\u00e4uptern. Jetzt, mit \u00fcber 80, ist er nach Quedlinburg gezogen. Warum, was er von der Stadt und ihren Caf\u00e9s h\u00e4lt und f\u00fcr wen er schon gebacken hat.<\/p>\n<p>Von  Susanne Thon Aktualisiert: 15.12.2025, 13:09<\/p>\n","protected":false},"excerpt":{"rendered":"Von Berlin nach Quedlinburg\u00a0Torten f\u00fcr die Queen: Starkonditor entdeckt im Ruhestand den Harz f\u00fcr sich Als Konditormeister reiste&hellip;\n","protected":false},"author":2,"featured_media":648005,"comment_status":"","ping_status":"","sticky":false,"template":"","format":"standard","meta":{"footnotes":""},"categories":[1776],"tags":[1801,29,214,30,1802,215],"class_list":{"0":"post-648004","1":"post","2":"type-post","3":"status-publish","4":"format-standard","5":"has-post-thumbnail","7":"category-prominente","8":"tag-celebrities","9":"tag-deutschland","10":"tag-entertainment","11":"tag-germany","12":"tag-prominente","13":"tag-unterhaltung"},"share_on_mastodon":{"url":"https:\/\/pubeurope.com\/@de\/115723968464780481","error":""},"_links":{"self":[{"href":"https:\/\/www.europesays.com\/de\/wp-json\/wp\/v2\/posts\/648004","targetHints":{"allow":["GET"]}}],"collection":[{"href":"https:\/\/www.europesays.com\/de\/wp-json\/wp\/v2\/posts"}],"about":[{"href":"https:\/\/www.europesays.com\/de\/wp-json\/wp\/v2\/types\/post"}],"author":[{"embeddable":true,"href":"https:\/\/www.europesays.com\/de\/wp-json\/wp\/v2\/users\/2"}],"replies":[{"embeddable":true,"href":"https:\/\/www.europesays.com\/de\/wp-json\/wp\/v2\/comments?post=648004"}],"version-history":[{"count":0,"href":"https:\/\/www.europesays.com\/de\/wp-json\/wp\/v2\/posts\/648004\/revisions"}],"wp:featuredmedia":[{"embeddable":true,"href":"https:\/\/www.europesays.com\/de\/wp-json\/wp\/v2\/media\/648005"}],"wp:attachment":[{"href":"https:\/\/www.europesays.com\/de\/wp-json\/wp\/v2\/media?parent=648004"}],"wp:term":[{"taxonomy":"category","embeddable":true,"href":"https:\/\/www.europesays.com\/de\/wp-json\/wp\/v2\/categories?post=648004"},{"taxonomy":"post_tag","embeddable":true,"href":"https:\/\/www.europesays.com\/de\/wp-json\/wp\/v2\/tags?post=648004"}],"curies":[{"name":"wp","href":"https:\/\/api.w.org\/{rel}","templated":true}]}}