{"id":648354,"date":"2025-12-15T17:26:18","date_gmt":"2025-12-15T17:26:18","guid":{"rendered":"https:\/\/www.europesays.com\/de\/648354\/"},"modified":"2025-12-15T17:26:18","modified_gmt":"2025-12-15T17:26:18","slug":"sg-bayer-bleibt-mit-frauen-und-maennern-erstklassig","status":"publish","type":"post","link":"https:\/\/www.europesays.com\/de\/648354\/","title":{"rendered":"SG Bayer bleibt mit Frauen und M\u00e4nnern erstklassig"},"content":{"rendered":"<p class=\"text_ohne_einzug richtext text-em-55 !leading-serif mx-6 desktop:mx-0\">Ende gut, alles gut f\u00fcr die Schwimmerinnen und Schwimmer der SG Bayer nach einem ebenso erfolgreichen wie anstrengenden Jahr 2025. Beim Bundesliga-Finale in Essen mussten sowohl die M\u00e4nner als auch die Frauen noch einmal alle Kr\u00e4fte mobilisieren, um ihr Ziel, unter den besten deutschen Schwimmvereinen erstklassig zu bleiben, zu realisieren. Das gelang trotz einiger krankheitsbedingter Ausf\u00e4lle am Ende sicher. Das junge Frauenteam \u2013 wie im Vorjahr durch die Schweizerin Carla Stampfli sowie eine Bosnischen Schwimmerin unterst\u00fctzt, landete als Zweitbestes NRW-Team auf Rang sieben der zw\u00f6lf teilnehmenden Mannschaften. Die durch zwei Bosnier verst\u00e4rkten M\u00e4nnern landeten auf Platz neun unter den in diesem Fall nur elf Teams. Deutscher Meister wurde jeweils die SG Frankfurt vor der SG Essen. Bei den M\u00e4nnern lag auch noch das Team Bochum vor den Bayeranern. Das h\u00e4tte sicherlich etwas anders ausgesehen, h\u00e4tte man nicht auf allen Bruststrecken auf den kranken Dregon Lee verzichten m\u00fcsse, h\u00e4tte Gian Luca Reduth krankheitsbedingt nicht nur bedingt und Zugang Jona Fin Sue wegen eines Formfehlers gar nicht eingesetzt werden k\u00f6nnen. Bei den Frauen hatte man urspr\u00fcnglich noch eine weitere starke Schwimmerin aus Bosnien eingeplant. Au\u00dferdem musste Luisa Herrmann nach einem ganz starken ersten Tag am zweiten \u00fcber 400 m Freistil durch Wolke Manka ersetzt werden, weil auch bei ihr nun eine Erk\u00e4ltung im Anmarsch war. Trainer Henning Lambertz war vor dem Hintergrund so vieler Handicaps sehr zufrieden, sprach von einer \u201eganz starken Teamleistung.\u201c<\/p>\n","protected":false},"excerpt":{"rendered":"Ende gut, alles gut f\u00fcr die Schwimmerinnen und Schwimmer der SG Bayer nach einem ebenso erfolgreichen wie anstrengenden&hellip;\n","protected":false},"author":2,"featured_media":648355,"comment_status":"","ping_status":"","sticky":false,"template":"","format":"standard","meta":{"footnotes":""},"categories":[1840],"tags":[2899,6605,152171,3364,29,152170,3688,2665,30,5402,1209,43237,43239,43241,44792,13363,4418],"class_list":{"0":"post-648354","1":"post","2":"type-post","3":"status-publish","4":"format-standard","5":"has-post-thumbnail","7":"category-wuppertal","8":"tag-ausfaelle","9":"tag-bayer","10":"tag-bayeranern","11":"tag-de","12":"tag-deutschland","13":"tag-erstklassig","14":"tag-essen","15":"tag-finale","16":"tag-germany","17":"tag-maenner","18":"tag-nordrhein-westfalen","19":"tag-reduth","20":"tag-schwimmer","21":"tag-schwimmerin","22":"tag-schwimmerinnen","23":"tag-trotz","24":"tag-wuppertal"},"share_on_mastodon":{"url":"https:\/\/pubeurope.com\/@de\/115724758908684976","error":""},"_links":{"self":[{"href":"https:\/\/www.europesays.com\/de\/wp-json\/wp\/v2\/posts\/648354","targetHints":{"allow":["GET"]}}],"collection":[{"href":"https:\/\/www.europesays.com\/de\/wp-json\/wp\/v2\/posts"}],"about":[{"href":"https:\/\/www.europesays.com\/de\/wp-json\/wp\/v2\/types\/post"}],"author":[{"embeddable":true,"href":"https:\/\/www.europesays.com\/de\/wp-json\/wp\/v2\/users\/2"}],"replies":[{"embeddable":true,"href":"https:\/\/www.europesays.com\/de\/wp-json\/wp\/v2\/comments?post=648354"}],"version-history":[{"count":0,"href":"https:\/\/www.europesays.com\/de\/wp-json\/wp\/v2\/posts\/648354\/revisions"}],"wp:featuredmedia":[{"embeddable":true,"href":"https:\/\/www.europesays.com\/de\/wp-json\/wp\/v2\/media\/648355"}],"wp:attachment":[{"href":"https:\/\/www.europesays.com\/de\/wp-json\/wp\/v2\/media?parent=648354"}],"wp:term":[{"taxonomy":"category","embeddable":true,"href":"https:\/\/www.europesays.com\/de\/wp-json\/wp\/v2\/categories?post=648354"},{"taxonomy":"post_tag","embeddable":true,"href":"https:\/\/www.europesays.com\/de\/wp-json\/wp\/v2\/tags?post=648354"}],"curies":[{"name":"wp","href":"https:\/\/api.w.org\/{rel}","templated":true}]}}