{"id":648421,"date":"2025-12-15T18:04:16","date_gmt":"2025-12-15T18:04:16","guid":{"rendered":"https:\/\/www.europesays.com\/de\/648421\/"},"modified":"2025-12-15T18:04:16","modified_gmt":"2025-12-15T18:04:16","slug":"xavier-naidoo-steht-vor-konzert-comeback-in-koeln","status":"publish","type":"post","link":"https:\/\/www.europesays.com\/de\/648421\/","title":{"rendered":"Xavier Naidoo steht vor Konzert-Comeback in K\u00f6ln"},"content":{"rendered":"<p class=\"richtext text-em-55 !leading-serif mx-6 desktop:mx-0\">In der K\u00f6lner <a href=\"https:\/\/rp-online.de\/thema\/lanxess-arena\/\" target=\"_blank\" rel=\"noopener\">Lanxess-Arena<\/a> startet der 54-J\u00e4hrige seine Tournee unter dem Titel \u201eBei meiner Seele\u201c. Am Mittwochabend ist noch ein zweites Konzert an gleicher Stelle angesetzt. Nach Angaben der Konzertagentur Live Nation sind es die ersten Konzerte seit sechs Jahren.<\/p>\n<p class=\"richtext text-em-55 !leading-serif mx-6 desktop:mx-0\">Um den S\u00e4nger war es in den vergangenen Jahren nach Antisemitismus- und Rassismus-Vorw\u00fcrfen still geworden. Naidoo war mit sogenannten Reichsb\u00fcrgern aufgetreten, hatte Theorien der QAnon-Bewegung verbreitet und mit \u00c4u\u00dferungen zur Corona-Pandemie polarisiert. Sp\u00e4ter ver\u00f6ffentlichte er ein Video, in dem er angab, sich jahrelang in Verschw\u00f6rungserz\u00e4hlungen verrannt zu haben: \u201eIch habe Dinge gesagt und getan, die ich heute bereue.\u201c<\/p>\n<p class=\"richtext text-em-55 !leading-serif mx-6 desktop:mx-0\">Am Landgericht <a href=\"https:\/\/rp-online.de\/thema\/mannheim\/\" target=\"_blank\" rel=\"noopener\">Mannheim<\/a> sind weiterhin zwei Verfahren wegen Volksverhetzung gegen Naidoo anh\u00e4ngig. Nach Angaben der Staatsanwaltschaft geht es dabei um Inhalte mit holocaustleugnendem und antisemitischem Charakter, die \u00fcber einen Telegram-Kanal verbreitet wurden. Ob ein Hauptverfahren er\u00f6ffnet wird, ist noch offen. Die Anw\u00e4lte des S\u00e4ngers bestreiten die Vorw\u00fcrfe und beteuern die Unschuld des Musikers.<\/p>\n<p class=\"richtext text-em-55 !leading-serif mx-6 desktop:mx-0\">Um die Frage, ob man Naidoo vor diesem Hintergrund auftreten lassen sollte, gibt es unterschiedliche Meinungen. Kritiker bem\u00e4ngeln, dass sein Statement mit der Entschuldigung zu unkonkret gewesen sei. Der Verein Werteinitiative, der sich nach eigenen Angaben f\u00fcr j\u00fcdische Belange in der Mehrheitsgesellschaft in Deutschland einsetzt, forderte nach Bekanntwerden der K\u00f6lner Konzerte im Sommer deren Absage.<\/p>\n<p>Veranstalter verteidigt R\u00fcckkehr      <\/p>\n<p class=\"richtext text-em-55 !leading-serif mx-6 desktop:mx-0\">Veranstalter <a href=\"https:\/\/rp-online.de\/thema\/marek-lieberberg\/\" target=\"_blank\" rel=\"noopener\">Marek Lieberberg<\/a> sieht das anders. Naidoo habe sich \u201ezweifelsfrei\u201c distanziert, hatte er der Deutschen Presse-Agentur gesagt. \u201eSein eindeutiges \u00f6ffentliches Bekenntnis und die begr\u00fcndete Entschuldigung belegen die Ernsthaftigkeit seiner Selbstkritik.\u201c Den Vorwurf, Naidoo habe die Entschuldigung nicht mit Taten untermauert, halte er f\u00fcr \u201eabsurd und zynisch\u201c, so Lieberberg. \u201eEine Entschuldigung ist eine Entschuldigung.\u201c<\/p>\n<p class=\"richtext text-em-55 !leading-serif mx-6 desktop:mx-0\">Nach K\u00f6ln sind Konzerte in Z\u00fcrich, M\u00fcnchen, <a href=\"https:\/\/rp-online.de\/thema\/wien\/\" target=\"_blank\" rel=\"noopener\">Wien<\/a>, Oberhausen, Hamburg, Leipzig, Berlin, Mannheim und Stuttgart geplant. Weit \u00fcber 150.000 Fans h\u00e4tten sich Tickets gekauft, so die Veranstalter.<\/p>\n","protected":false},"excerpt":{"rendered":"In der K\u00f6lner Lanxess-Arena startet der 54-J\u00e4hrige seine Tournee unter dem Titel \u201eBei meiner Seele\u201c. Am Mittwochabend ist&hellip;\n","protected":false},"author":2,"featured_media":648422,"comment_status":"","ping_status":"","sticky":false,"template":"","format":"standard","meta":{"footnotes":""},"categories":[1828],"tags":[4820,152194,29,12350,30,108515,1420,1310,152195,2315,1209,2270,13295,16476,17366,76051],"class_list":{"0":"post-648421","1":"post","2":"type-post","3":"status-publish","4":"format-standard","5":"has-post-thumbnail","7":"category-koeln","8":"tag-agentur","9":"tag-anhaengig","10":"tag-deutschland","11":"tag-entschuldigung","12":"tag-germany","13":"tag-hauptverfahren","14":"tag-koeln","15":"tag-konzert","16":"tag-konzertagentur","17":"tag-konzerte","18":"tag-nordrhein-westfalen","19":"tag-saenger","20":"tag-veranstalter","21":"tag-verfahren","22":"tag-volksverhetzung","23":"tag-xavier-naidoo"},"share_on_mastodon":{"url":"https:\/\/pubeurope.com\/@de\/115724908377839074","error":""},"_links":{"self":[{"href":"https:\/\/www.europesays.com\/de\/wp-json\/wp\/v2\/posts\/648421","targetHints":{"allow":["GET"]}}],"collection":[{"href":"https:\/\/www.europesays.com\/de\/wp-json\/wp\/v2\/posts"}],"about":[{"href":"https:\/\/www.europesays.com\/de\/wp-json\/wp\/v2\/types\/post"}],"author":[{"embeddable":true,"href":"https:\/\/www.europesays.com\/de\/wp-json\/wp\/v2\/users\/2"}],"replies":[{"embeddable":true,"href":"https:\/\/www.europesays.com\/de\/wp-json\/wp\/v2\/comments?post=648421"}],"version-history":[{"count":0,"href":"https:\/\/www.europesays.com\/de\/wp-json\/wp\/v2\/posts\/648421\/revisions"}],"wp:featuredmedia":[{"embeddable":true,"href":"https:\/\/www.europesays.com\/de\/wp-json\/wp\/v2\/media\/648422"}],"wp:attachment":[{"href":"https:\/\/www.europesays.com\/de\/wp-json\/wp\/v2\/media?parent=648421"}],"wp:term":[{"taxonomy":"category","embeddable":true,"href":"https:\/\/www.europesays.com\/de\/wp-json\/wp\/v2\/categories?post=648421"},{"taxonomy":"post_tag","embeddable":true,"href":"https:\/\/www.europesays.com\/de\/wp-json\/wp\/v2\/tags?post=648421"}],"curies":[{"name":"wp","href":"https:\/\/api.w.org\/{rel}","templated":true}]}}