{"id":648815,"date":"2025-12-15T21:51:14","date_gmt":"2025-12-15T21:51:14","guid":{"rendered":"https:\/\/www.europesays.com\/de\/648815\/"},"modified":"2025-12-15T21:51:14","modified_gmt":"2025-12-15T21:51:14","slug":"tragoedie-in-frankreich-explosion-in-wohnhaus-zwei-kinder-3-5-tot","status":"publish","type":"post","link":"https:\/\/www.europesays.com\/de\/648815\/","title":{"rendered":"Trag\u00f6die in Frankreich: Explosion in Wohnhaus &#8211; zwei Kinder (3, 5) tot!"},"content":{"rendered":"<p>Erschreckende Trag\u00f6die in Frankreich!<\/p>\n<p>Am Montag (15. Dezember) kam es in der Kleinstadt Tr\u00e9voux nahe Lyon zu einer Explosion in einem Wohnhaus. Dabei kamen zwei Kleinkinder ums Leben.<\/p>\n<p> Kleinkinder sterben bei Explosion in Frankreich <\/p>\n<p>Die Explosion ereignete sich im Erdgeschoss eines vierst\u00f6ckigen Hauses in Tr\u00e9voux, das rund 40 Kilometer n\u00f6rdlich von Lyon liegt. Das best\u00e4tigte die \u00f6rtliche Pr\u00e4fektur. Mindestens vier Menschen wurden verletzt \u2013 zwei Kleinkinder im Alter von drei und f\u00fcnf Jahren konnten nur noch tot aus den Tr\u00fcmmern geborgen werden.<\/p>\n<p>Besonders dramatisch: W\u00e4hrend die beiden Kinder tragisch ums Leben kamen, konnten sich ihre Mutter und der \u00e4lteste Sohn noch rechtzeitig in Sicherheit bringen. Sie m\u00fcssen nun den traurigen Verlust ihrer kleinen Kinder bzw. Geschwister verkraften. <\/p>\n<p>Mehr News:<\/p>\n<p>Was genau die Explosion ausgel\u00f6st hat, ist am Montagabend (Stand: 22 Uhr) noch nicht \u00f6ffentlich bekannt. Die Beh\u00f6rden haben diesbez\u00fcglich noch keine Stellungnahme abgebeten \u2013 die Pr\u00e4fektur warnte in den Stunden des Rettungseinsatzes jedoch, den Bereich zu meiden. <\/p>\n<p>(mit dpa und AFP)<\/p>\n<p> Anmerkung der Redaktion: Tod eines Kindes<\/p>\n<p>Der Verlust eines Kindes ist f\u00fcr Eltern ein zutiefst traumatisierendes Ereignis. Wer mit der Bew\u00e4ltigung der Trauer \u00fcberfordert ist, kann sich bei der Telefonseelsorge helfen lassen. Sie ist erreichbar unter der Telefonnummer 0800\/111-0-111 und 0800\/111-0-222 oder im Internet auf\u00a0<a href=\"http:\/\/www.telefonseelsorge.de\/\" target=\"_blank\" rel=\"noreferrer noopener nofollow\">www.telefonseelsorge.de<\/a>. Die Beratung ist anonym und kostenfrei, Anrufe werden nicht auf der Telefonrechnung vermerkt.\u00a0Ebenfalls kostenlos ist das Sorgentelefon Oskar vom Bundesverband Kinderhospiz unter der Nummer 0800 8888 4711.<\/p>\n","protected":false},"excerpt":{"rendered":"Erschreckende Trag\u00f6die in Frankreich! Am Montag (15. Dezember) kam es in der Kleinstadt Tr\u00e9voux nahe Lyon zu einer&hellip;\n","protected":false},"author":2,"featured_media":648816,"comment_status":"","ping_status":"","sticky":false,"template":"","format":"standard","meta":{"footnotes":""},"categories":[3974],"tags":[331,332,548,663,3934,3980,156,13,14,15,12],"class_list":{"0":"post-648815","1":"post","2":"type-post","3":"status-publish","4":"format-standard","5":"has-post-thumbnail","7":"category-frankreich","8":"tag-aktuelle-nachrichten","9":"tag-aktuelle-news","10":"tag-eu","11":"tag-europa","12":"tag-europe","13":"tag-france","14":"tag-frankreich","15":"tag-headlines","16":"tag-nachrichten","17":"tag-news","18":"tag-schlagzeilen"},"share_on_mastodon":{"url":"https:\/\/pubeurope.com\/@de\/115725800805894950","error":""},"_links":{"self":[{"href":"https:\/\/www.europesays.com\/de\/wp-json\/wp\/v2\/posts\/648815","targetHints":{"allow":["GET"]}}],"collection":[{"href":"https:\/\/www.europesays.com\/de\/wp-json\/wp\/v2\/posts"}],"about":[{"href":"https:\/\/www.europesays.com\/de\/wp-json\/wp\/v2\/types\/post"}],"author":[{"embeddable":true,"href":"https:\/\/www.europesays.com\/de\/wp-json\/wp\/v2\/users\/2"}],"replies":[{"embeddable":true,"href":"https:\/\/www.europesays.com\/de\/wp-json\/wp\/v2\/comments?post=648815"}],"version-history":[{"count":0,"href":"https:\/\/www.europesays.com\/de\/wp-json\/wp\/v2\/posts\/648815\/revisions"}],"wp:featuredmedia":[{"embeddable":true,"href":"https:\/\/www.europesays.com\/de\/wp-json\/wp\/v2\/media\/648816"}],"wp:attachment":[{"href":"https:\/\/www.europesays.com\/de\/wp-json\/wp\/v2\/media?parent=648815"}],"wp:term":[{"taxonomy":"category","embeddable":true,"href":"https:\/\/www.europesays.com\/de\/wp-json\/wp\/v2\/categories?post=648815"},{"taxonomy":"post_tag","embeddable":true,"href":"https:\/\/www.europesays.com\/de\/wp-json\/wp\/v2\/tags?post=648815"}],"curies":[{"name":"wp","href":"https:\/\/api.w.org\/{rel}","templated":true}]}}