{"id":649662,"date":"2025-12-16T06:33:51","date_gmt":"2025-12-16T06:33:51","guid":{"rendered":"https:\/\/www.europesays.com\/de\/649662\/"},"modified":"2025-12-16T06:33:51","modified_gmt":"2025-12-16T06:33:51","slug":"urban-art-complex-bot-ein-vielseitiges-programm-zur-diesjaehrigen-weihnachts-gala","status":"publish","type":"post","link":"https:\/\/www.europesays.com\/de\/649662\/","title":{"rendered":"Urban Art Complex bot ein vielseitiges Programm zur diesj\u00e4hrigen Weihnachts-Gala\u00a0"},"content":{"rendered":"<p class=\"richtext text-em-55 !leading-serif mx-6 desktop:mx-0\">Knapp 600 Zuschauer f\u00fcllten schnell den Festsaal, um die zahlreichen Performances von rund 250 Sch\u00fclerinnen und Sch\u00fclern des Urban Art Complex zu seiner diesj\u00e4hrigen Weihnachts-Gala zu bestaunen. Dabei zeigten 20 Gruppen aus verschiedenen Altersklassen in einem anderthalbst\u00fcndigen Programm ihr erlerntes K\u00f6nnen im urbanen Tanz.<\/p>\n","protected":false},"excerpt":{"rendered":"Knapp 600 Zuschauer f\u00fcllten schnell den Festsaal, um die zahlreichen Performances von rund 250 Sch\u00fclerinnen und Sch\u00fclern des&hellip;\n","protected":false},"author":2,"featured_media":649663,"comment_status":"","ping_status":"","sticky":false,"template":"","format":"standard","meta":{"footnotes":"","_share_on_mastodon":"0"},"categories":[1840],"tags":[152322,13052,63552,152321,3364,29,8264,30,15475,15474,152323,30680,1209,7789,27999,152324,84522,4418],"class_list":["post-649662","post","type-post","status-publish","format-standard","has-post-thumbnail","category-wuppertal","tag-altersklassen","tag-art","tag-buehnenprogramm","tag-complex","tag-de","tag-deutschland","tag-gala","tag-germany","tag-hip","tag-hop","tag-jahresprogramms","tag-knapp","tag-nordrhein-westfalen","tag-programm","tag-urban","tag-urbanartcomplex","tag-weihnachts","tag-wuppertal"],"share_on_mastodon":{"url":"https:\/\/pubeurope.com\/@de\/115727857488956424","error":""},"_links":{"self":[{"href":"https:\/\/www.europesays.com\/de\/wp-json\/wp\/v2\/posts\/649662","targetHints":{"allow":["GET"]}}],"collection":[{"href":"https:\/\/www.europesays.com\/de\/wp-json\/wp\/v2\/posts"}],"about":[{"href":"https:\/\/www.europesays.com\/de\/wp-json\/wp\/v2\/types\/post"}],"author":[{"embeddable":true,"href":"https:\/\/www.europesays.com\/de\/wp-json\/wp\/v2\/users\/2"}],"replies":[{"embeddable":true,"href":"https:\/\/www.europesays.com\/de\/wp-json\/wp\/v2\/comments?post=649662"}],"version-history":[{"count":0,"href":"https:\/\/www.europesays.com\/de\/wp-json\/wp\/v2\/posts\/649662\/revisions"}],"wp:featuredmedia":[{"embeddable":true,"href":"https:\/\/www.europesays.com\/de\/wp-json\/wp\/v2\/media\/649663"}],"wp:attachment":[{"href":"https:\/\/www.europesays.com\/de\/wp-json\/wp\/v2\/media?parent=649662"}],"wp:term":[{"taxonomy":"category","embeddable":true,"href":"https:\/\/www.europesays.com\/de\/wp-json\/wp\/v2\/categories?post=649662"},{"taxonomy":"post_tag","embeddable":true,"href":"https:\/\/www.europesays.com\/de\/wp-json\/wp\/v2\/tags?post=649662"}],"curies":[{"name":"wp","href":"https:\/\/api.w.org\/{rel}","templated":true}]}}