{"id":650092,"date":"2025-12-16T10:53:11","date_gmt":"2025-12-16T10:53:11","guid":{"rendered":"https:\/\/www.europesays.com\/de\/650092\/"},"modified":"2025-12-16T10:53:11","modified_gmt":"2025-12-16T10:53:11","slug":"wz-kommentar-zum-chanukka-fest-so-ist-wuppertal-nicht","status":"publish","type":"post","link":"https:\/\/www.europesays.com\/de\/650092\/","title":{"rendered":"WZ-Kommentar zum Chanukka-Fest: So ist Wuppertal nicht"},"content":{"rendered":"<p class=\"initial richtext text-em-55 !leading-serif mx-6 desktop:mx-0\">Die Beamten zeigen t\u00e4glich Pr\u00e4senz an der Bergischen Synagoge in Barmen, und sobald die j\u00fcdische Kultusgemeinde zu einem Fest einl\u00e4dt, ist sichtbare Sicherheit l\u00e4ngst selbstverst\u00e4ndlich. Aber so sehr das die Juden in Wuppertal und deren G\u00e4ste beruhigen mag, so besch\u00e4mend ist es. Judenfeindlichkeit wird auch in Deutschland immer enthemmter. Blanker Hass auf eine Glaubensgemeinschaft wird mit vermeintlich politischem Protest verbr\u00e4mt. Mit bisweilen t\u00f6dlichen Folgen.<\/p>\n","protected":false},"excerpt":{"rendered":"Die Beamten zeigen t\u00e4glich Pr\u00e4senz an der Bergischen Synagoge in Barmen, und sobald die j\u00fcdische Kultusgemeinde zu einem&hellip;\n","protected":false},"author":2,"featured_media":650093,"comment_status":"","ping_status":"","sticky":false,"template":"","format":"standard","meta":{"footnotes":""},"categories":[1840],"tags":[151618,3364,29,30,10759,1597,111493,11868,129045,1209,4418,17352],"class_list":{"0":"post-650092","1":"post","2":"type-post","3":"status-publish","4":"format-standard","5":"has-post-thumbnail","7":"category-wuppertal","8":"tag-chanukka","9":"tag-de","10":"tag-deutschland","11":"tag-germany","12":"tag-hass","13":"tag-juden","14":"tag-judenfeindlichkeit","15":"tag-juedische","16":"tag-kultusgemeinde","17":"tag-nordrhein-westfalen","18":"tag-wuppertal","19":"tag-wuppertalerinnen"},"share_on_mastodon":{"url":"https:\/\/pubeurope.com\/@de\/115728875805864494","error":""},"_links":{"self":[{"href":"https:\/\/www.europesays.com\/de\/wp-json\/wp\/v2\/posts\/650092","targetHints":{"allow":["GET"]}}],"collection":[{"href":"https:\/\/www.europesays.com\/de\/wp-json\/wp\/v2\/posts"}],"about":[{"href":"https:\/\/www.europesays.com\/de\/wp-json\/wp\/v2\/types\/post"}],"author":[{"embeddable":true,"href":"https:\/\/www.europesays.com\/de\/wp-json\/wp\/v2\/users\/2"}],"replies":[{"embeddable":true,"href":"https:\/\/www.europesays.com\/de\/wp-json\/wp\/v2\/comments?post=650092"}],"version-history":[{"count":0,"href":"https:\/\/www.europesays.com\/de\/wp-json\/wp\/v2\/posts\/650092\/revisions"}],"wp:featuredmedia":[{"embeddable":true,"href":"https:\/\/www.europesays.com\/de\/wp-json\/wp\/v2\/media\/650093"}],"wp:attachment":[{"href":"https:\/\/www.europesays.com\/de\/wp-json\/wp\/v2\/media?parent=650092"}],"wp:term":[{"taxonomy":"category","embeddable":true,"href":"https:\/\/www.europesays.com\/de\/wp-json\/wp\/v2\/categories?post=650092"},{"taxonomy":"post_tag","embeddable":true,"href":"https:\/\/www.europesays.com\/de\/wp-json\/wp\/v2\/tags?post=650092"}],"curies":[{"name":"wp","href":"https:\/\/api.w.org\/{rel}","templated":true}]}}