{"id":651348,"date":"2025-12-16T23:26:25","date_gmt":"2025-12-16T23:26:25","guid":{"rendered":"https:\/\/www.europesays.com\/de\/651348\/"},"modified":"2025-12-16T23:26:25","modified_gmt":"2025-12-16T23:26:25","slug":"stadt-leipzig-empfiehlt-aufstallung-des-gehaltenen-gefluegels-%c2%b7-leipziger-zeitung","status":"publish","type":"post","link":"https:\/\/www.europesays.com\/de\/651348\/","title":{"rendered":"Stadt Leipzig empfiehlt Aufstallung des gehaltenen Gefl\u00fcgels \u00b7 Leipziger Zeitung"},"content":{"rendered":"<p>Zum Schutz der Tiere und zur Verhinderung weiterer Ansteckungen empfiehlt die Stadt Leipzig den Gefl\u00fcgelhalterinnen und Gefl\u00fcgelhaltern dringend die Aufstallung ihrer Gefl\u00fcgelbest\u00e4nde.<\/p>\n<p>\u201eEine Aufstallung dient dem Schutz der Tiergesundheit in ganz Leipzig und der Region\u201c, erl\u00e4utert Dr. Gabriela Leupold, Leiterin des Veterin\u00e4r- und Lebensmittelaufsichtsamtes. \u201eSie minimiert das Risiko, dass das Virus \u00fcber wildlebende V\u00f6gel auf die Best\u00e4nde \u00fcbertragen wird.\u201c<\/p>\n<p>Gehaltenes Gefl\u00fcgel sollte unverz\u00fcglich in geschlossene St\u00e4lle oder vergleichbar gesch\u00fctzte Einrichtungen untergebracht werden. Des Weiteren sollte der direkte oder indirekten Kontakt zwischen gehaltenem Gefl\u00fcgel und Wildv\u00f6geln, zum Beispiel durch Futter- und Wasserschalen im Freien, verhindert werden. Dringend notwendig sind zudem strenge Biosicherheitsma\u00dfnahmen wie die Reinigung und Desinfektion, Zugangsbeschr\u00e4nkungen und Hygienekonzepte.<\/p>\n<p>In den Landkreisen Mei\u00dfen und Leipzig sind Puten-, Legehennen- und Zuchtgansbest\u00e4nde in erheblichem Ausma\u00df betroffen. Dar\u00fcber hinaus wurde der Erreger in der Stadt Leipzig bereits bei wilden Schw\u00e4nen und einem wildlebenden Kranich nachgewiesen. Zudem ist der Zoo Leipzig von einem Ausbruch betroffen. Das Friedrich-Loeffler-Institut sch\u00e4tzt in seiner aktuellen Risikobewertung vom 9. Dezember das Risiko f\u00fcr Eintr\u00e4ge von Gefl\u00fcgelpest in Gefl\u00fcgelhaltungen durch direkte und indirekte Kontakte zu Wildv\u00f6geln als hoch ein.<\/p>\n<p>Die Gefl\u00fcgelpest, umgangssprachlich \u201eVogelgrippe\u201c H5N1, ist eine hochpathogene avi\u00e4re Influenza. Sie hat sich in Deutschland im Herbst und Winter des aktuellen Jahres gro\u00dffl\u00e4chig ausgebreitet. Bundesweit wurden in dieser Saison bereits zahlreiche Ausbr\u00fcche bei Gefl\u00fcgelhaltungen registriert, so auch in Sachsen. In allen Bundesl\u00e4ndern wird das Virus bei Wildv\u00f6geln nachgewiesen. Das Risiko f\u00fcr weitere Infektionen bleibt angesichts der hohen Fallzahlen bei Wildv\u00f6geln und in Gefl\u00fcgelbest\u00e4nden erh\u00f6ht. \u00a0<\/p>\n<p>Informationen gibt es auf der Internetseite <a href=\"https:\/\/www.fli.de\/de\/aktuelles\/tierseuchengeschehen\/\" target=\"_blank\" rel=\"noreferrer noopener nofollow\">www.fli.de\/de\/aktuelles\/tierseuchengeschehen<\/a> des Friedrich-Loeffler-Instituts oder auf <a href=\"https:\/\/www.tiergesundheit.sachsen.de\/gefluegelpest.html\" target=\"_blank\" rel=\"noreferrer noopener nofollow\">www.tiergesundheit.sachsen.de\/gefluegelpest.html<\/a> des S\u00e4chsischen Staatsministeriums f\u00fcr Soziales, Gesundheit und Gesellschaftlichen Zusammenhalt.<\/p>\n","protected":false},"excerpt":{"rendered":"Zum Schutz der Tiere und zur Verhinderung weiterer Ansteckungen empfiehlt die Stadt Leipzig den Gefl\u00fcgelhalterinnen und Gefl\u00fcgelhaltern dringend&hellip;\n","protected":false},"author":2,"featured_media":651349,"comment_status":"","ping_status":"","sticky":false,"template":"","format":"standard","meta":{"footnotes":"","_share_on_mastodon":"0"},"categories":[1832],"tags":[3364,29,124727,30,71,859,37163,10576],"class_list":["post-651348","post","type-post","status-publish","format-standard","has-post-thumbnail","category-leipzig","tag-de","tag-deutschland","tag-gefluegelpest","tag-germany","tag-leipzig","tag-sachsen","tag-tierseuchen","tag-vogelgrippe"],"share_on_mastodon":{"url":"https:\/\/pubeurope.com\/@de\/115731836561412906","error":""},"_links":{"self":[{"href":"https:\/\/www.europesays.com\/de\/wp-json\/wp\/v2\/posts\/651348","targetHints":{"allow":["GET"]}}],"collection":[{"href":"https:\/\/www.europesays.com\/de\/wp-json\/wp\/v2\/posts"}],"about":[{"href":"https:\/\/www.europesays.com\/de\/wp-json\/wp\/v2\/types\/post"}],"author":[{"embeddable":true,"href":"https:\/\/www.europesays.com\/de\/wp-json\/wp\/v2\/users\/2"}],"replies":[{"embeddable":true,"href":"https:\/\/www.europesays.com\/de\/wp-json\/wp\/v2\/comments?post=651348"}],"version-history":[{"count":0,"href":"https:\/\/www.europesays.com\/de\/wp-json\/wp\/v2\/posts\/651348\/revisions"}],"wp:featuredmedia":[{"embeddable":true,"href":"https:\/\/www.europesays.com\/de\/wp-json\/wp\/v2\/media\/651349"}],"wp:attachment":[{"href":"https:\/\/www.europesays.com\/de\/wp-json\/wp\/v2\/media?parent=651348"}],"wp:term":[{"taxonomy":"category","embeddable":true,"href":"https:\/\/www.europesays.com\/de\/wp-json\/wp\/v2\/categories?post=651348"},{"taxonomy":"post_tag","embeddable":true,"href":"https:\/\/www.europesays.com\/de\/wp-json\/wp\/v2\/tags?post=651348"}],"curies":[{"name":"wp","href":"https:\/\/api.w.org\/{rel}","templated":true}]}}