{"id":651416,"date":"2025-12-17T00:03:29","date_gmt":"2025-12-17T00:03:29","guid":{"rendered":"https:\/\/www.europesays.com\/de\/651416\/"},"modified":"2025-12-17T00:03:29","modified_gmt":"2025-12-17T00:03:29","slug":"skrzybski-fordert-heimsieg-gegen-dynamo-dresden","status":"publish","type":"post","link":"https:\/\/www.europesays.com\/de\/651416\/","title":{"rendered":"Skrzybski fordert Heimsieg gegen Dynamo Dresden"},"content":{"rendered":"<p><b class=\"ai-summery__headline\">Kurzfassung des Artikels:<\/b><\/p>\n<ul class=\"list p-l-1 p-r-1 m-b-2\">\n<li>\n                         Steven Skrzybski sicherte Holstein Kiel mit einem Tor in der Nachspielzeit ein 3:3-Remis beim 1. FC Magdeburg und beendete damit seine Torflaute.\n                    <\/li>\n<li>\n                         Das bevorstehende Heimspiel gegen Dynamo Dresden wollen die Kieler unbedingt gewinnen, um die Zwanzig-Punkte-Marke zu erreichen und die Hinrunde vers\u00f6hnlich abzuschlie\u00dfen.\n                    <\/li>\n<li>\n                         Trainer Marcel Rapp betont die Wichtigkeit des Ergebnisses gegen Dresden und hebt die Bedeutung der R\u00fcckkehr von Kapit\u00e4n Skrzybski nach Verletzungspause hervor.\n                    <\/li>\n<\/ul>\n<p class=\"ai-summery__info-text\">Diese Artikelzusammenfassung ist ein neuer Service f\u00fcr Sie, den wir testen.<br \/>\n            Senden Sie uns gerne ein Feedback zu dieser Funktion an <a href=\"https:\/\/www.shz.de\/sport\/holstein-kiel\/artikel\/mailto:feedback@noz-digital.de\" class=\"link underline-blue\" title=\"Feedback senden\" target=\"_self\" rel=\"nofollow noopener\">feedback@noz-digital.de<\/a>.\n        <\/p>\n<p>Mehr lesen<\/p>\n<p>gr\u00f6\u00dfer alsGr\u00f6\u00dfer als Zeichen<\/p>\n<p class=\"\">\n                    Ein zartes L\u00e4cheln ist zur\u00fcck bei Steven Skrzybski. Mit seinem Traumtor zum 3:3-Ausgleich f\u00fcr Fu\u00dfball-Zweitligist Holstein Kiel rettete der Kapit\u00e4n seiner Mannschaft in der Nachspielzeit beim 1. FC Magdeburg nicht nur einen Punkt, sondern beendete auch seine zwanzig Pflichtspiele andauernde Torflaute.\n            <\/p>\n<p class=\"\">\n                    \u201eWichtig ist, dass wir gepunktet haben\u201c, wollte der Routinier seinen ersten Saisontreffer nicht zu hoch h\u00e4ngen. \u201eAber klar, jeder, der mich kennt, wei\u00df, dass so ein Tor immer sch\u00f6n ist.\u201c Und wie wichtig es f\u00fcr das Selbstvertrauen eines St\u00fcrmers sein kann. In seinen ersten neun Saisonspielen gelang ihm keine einzige Torbeteiligung.\n            <\/p>\n<p>            Steven Skrzybski hofft auf einen vers\u00f6hnlichen Jahresabschluss gegen Dynamo Dresden<\/p>\n<p class=\"\">\n                    \u201eIch bin froh, dass ich endlich wieder auf dem Platz stehen kann\u201c, verriet der 33-J\u00e4hrige, der insgesamt sechs Pflichtspiele aufgrund einer Fersenverletzung verpasste. \u201eDass es mit dem Toreschie\u00dfen jetzt auch wieder klappt, kein Geheimnis, da freue ich mich dr\u00fcber. Wichtiger ist aber, dass wir am Samstag das Spiel gewinnen.\u201c\n            <\/p>\n<p>\n                                Rettete Holstein Kiel beim 1. FC Magdeburg einen Punkt: Steven Skrzybski traf per Traumtor aus 20 Metern zum 3:3-Ausgleich.<br \/>\n                            Foto: immo<\/p>\n<p><img decoding=\"async\" src=\"https:\/\/www.europesays.com\/de\/wp-content\/uploads\/2025\/12\/skzrybski-jubel.jpg\" title=\"Rettete Holstein Kiel beim 1. FC Magdeburg einen Punkt: Steven Skrzybski traf per Traumtor aus 20 Metern zum 3:3-Ausgleich.\" alt=\"Rettete Holstein Kiel beim 1. FC Magdeburg einen Punkt: Steven Skrzybski traf per Traumtor aus 20 Metern zum 3:3-Ausgleich.\" class=\"lightbox__single-image__content__image-wrapper__img\" loading=\"lazy\" width=\"375\" height=\"235\"\/>Icon MaximizeIcon Lightbox Maximize<\/p>\n<p>SchliessenX ZeichenKleines Zeichen welches ein X symbolisiert<\/p>\n<p><img decoding=\"async\" class=\"lightbox--enabled__container__image-wrapper__img\" src=\"\" alt=\"\"\/><\/p>\n<p class=\"\">Auch interessant: <a href=\"https:\/\/www.shz.de\/sport\/holstein-kiel\/artikel\/holstein-kiel-so-reagieren-fans-auf-das-neue-holstein-stadion-49648938\" class=\"link underline-blue\" title=\"\" target=\"_self\" rel=\"nofollow noopener\">Von \u201emega cool\u201c bis \u201eeinfach h\u00e4sslich\u201c: So reagieren Fans auf das neue Holstein-Stadion<\/a><\/p>\n<p class=\"\">\n                    Zum Abschluss einer entt\u00e4uschenden Hinrunde ist ein Dreier gegen den aktuellen Tabellenletzten Dynamo Dresden Pflicht, um die Zwanzig-Punkte-Marke zu knacken und halbwegs vers\u00f6hnliche Weihnachten feiern zu k\u00f6nnen.\n            <\/p>\n<p>\n                \u201eWir brauchen nichts sch\u00f6nzureden. Das ist nicht die Art und Weise, wie wir Fu\u00dfball spielen wollen, und das sind nicht die erhofften Ergebnisse.\u201c\n            <\/p>\n<p>Steven Skrzybski<\/p>\n<p>Kapit\u00e4n Holstein Kiel<\/p>\n<p>            Holstein Kiel blickt auf eine entt\u00e4uschende Hinrunde zur\u00fcck<\/p>\n<p class=\"\">\n                    \u201eWenn wir gewinnen, haben wir zumindest eine bessere Stimmungslage als in den letzten Wochen. Jetzt geht es um das Ergebnis, nicht um die Art und Weise, ob es verdient ist oder nicht. Samstag geht es nur darum, das Spiel zu gewinnen\u201c, gibt Skrzybski die Marschroute vor. Denn sowohl der Kapit\u00e4n der KSV als auch Trainer Marcel Rapp wissen: \u201eWenn wir verlieren sollten, wird wahrscheinlich alles negativ gesehen.\u201c\n            <\/p>\n<p>\n                                Steven Skrzybski (Zweiter von links) gibt hier im Training von Holstein Kiel gleich drei Teamkollegen das Nachsehen: Louis K\u00f6ster (von links), Adrian Kapralik und Jonas Therkelsen.<br \/>\n                            Foto: Arne Schmuck<\/p>\n<p><img decoding=\"async\" src=\"https:\/\/www.europesays.com\/de\/wp-content\/uploads\/2025\/12\/skrzybskisteven43.jpg\" title=\"Steven Skrzybski (Zweiter von links) gibt hier im Training von Holstein Kiel gleich drei Teamkollegen das Nachsehen: Louis K\u00f6ster (von links), Adrian Kapralik und Jonas Therkelsen.\" alt=\"Steven Skrzybski (Zweiter von links) gibt hier im Training von Holstein Kiel gleich drei Teamkollegen das Nachsehen: Louis K\u00f6ster (von links), Adrian Kapralik und Jonas Therkelsen.\" class=\"lightbox__single-image__content__image-wrapper__img\" loading=\"lazy\" width=\"375\" height=\"210\"\/>Icon MaximizeIcon Lightbox Maximize<\/p>\n<p>SchliessenX ZeichenKleines Zeichen welches ein X symbolisiert<\/p>\n<p><img decoding=\"async\" class=\"lightbox--enabled__container__image-wrapper__img\" src=\"\" alt=\"\"\/><\/p>\n<p class=\"\">\n                    In der ersten Saisonh\u00e4lfte war eben vieles negativ: 17 Punkte aus 16 Spielen sind entt\u00e4uschend, das wei\u00df auch Skrzybski. \u201eWir brauchen nichts sch\u00f6nzureden. Das ist nicht die Art und Weise, wie wir Fu\u00dfball spielen wollen, und das sind nicht die erhofften Ergebnisse\u201c, erkl\u00e4rte der geb\u00fcrtige Berliner. \u201eDie Zeit des Einspielens ist auch vorbei. Jetzt geht es darum, sich wie ein Mann der Sache zu stellen und am Wochenende Gas zu geben.\u201c\n            <\/p>\n<p class=\"\">Lesen Sie auch: <a href=\"https:\/\/www.shz.de\/sport\/holstein-kiel\/artikel\/urgewalt-bei-holstein-kiel-kapitaen-skrzybski-beendete-tor-flaute-49636431\" class=\"link underline-blue\" title=\"\" target=\"_self\" rel=\"nofollow noopener\">Steven Skrzybski nach 3:3 von Holstein Kiel: \u201eDas geht mir tierisch auf den Sack\u201c<\/a><\/p>\n<p>            Marcel Rapp kritisiert die Torausbeute von Steven Skrzybski<\/p>\n<p class=\"\">\n                    Kehrt der Angreifer nach seinem 30-min\u00fctigen Einsatz in Magdeburg im wichtigen Heimspiel gegen Dresden dann auch wieder in die Startelf zur\u00fcck? \u201eIch bin bereit\u201c, berichtet der Routinier. Am Ende sei es aber die Entscheidung des Trainers, so Skrzybski.\n            <\/p>\n<p>\n                \u201eMan muss bem\u00e4ngeln, dass er bisher zu wenige Tore geschossen hat.\u201c\n            <\/p>\n<p>Marcel Rapp<\/p>\n<p>ist trotzdem froh, dass sein Kapit\u00e4n wieder fit ist<\/p>\n<p class=\"\">\n                    Der zumindest verriet, dass er froh sei, dass sein Kapit\u00e4n wieder einsatzf\u00e4hig ist \u2013 auch wenn die Torausbeute in dieser Saison zu w\u00fcnschen \u00fcbrig l\u00e4sst. \u201eMan muss bem\u00e4ngeln, dass er bisher zu wenige Tore geschossen hat, weil wir diese Tore bei ihm eingeplant haben\u201c, erkl\u00e4rte Rapp. \u201eTrotzdem gibt er der Mannschaft etwas, auch wenn er nicht trifft. Er ist ein guter Anl\u00e4ufer, holt auch mal ein Freisto\u00df heraus.\u201c Und vielleicht ist mit dem Geniestreich in Magdeburg nun der ber\u00fchmte Knoten bei Skrzybski endlich geplatzt. Und aus einem zarten L\u00e4cheln wird ein breites Grinsen.\n            <\/p>\n","protected":false},"excerpt":{"rendered":"Kurzfassung des Artikels: Steven Skrzybski sicherte Holstein Kiel mit einem Tor in der Nachspielzeit ein 3:3-Remis beim 1.&hellip;\n","protected":false},"author":2,"featured_media":651417,"comment_status":"","ping_status":"","sticky":false,"template":"","format":"standard","meta":{"footnotes":""},"categories":[1852],"tags":[3364,26996,29,2386,3766,548,663,3934,76364,30,13,10243,4949,13328,4063,23457,14,15,26997,12,1971,28619],"class_list":{"0":"post-651416","1":"post","2":"type-post","3":"status-publish","4":"format-standard","5":"has-post-thumbnail","7":"category-kiel","8":"tag-de","9":"tag-deutsche-meisterschaften","10":"tag-deutschland","11":"tag-dresden","12":"tag-dynamo-dresden","13":"tag-eu","14":"tag-europa","15":"tag-europe","16":"tag-fc-magdeburg","17":"tag-germany","18":"tag-headlines","19":"tag-holstein-kiel","20":"tag-kiel","21":"tag-laenderspiel","22":"tag-magdeburg","23":"tag-marcel-rapp","24":"tag-nachrichten","25":"tag-news","26":"tag-pokalwettbewerb","27":"tag-schlagzeilen","28":"tag-schleswig-holstein","29":"tag-steven-skrzybski"},"share_on_mastodon":{"url":"https:\/\/pubeurope.com\/@de\/115731982610498511","error":""},"_links":{"self":[{"href":"https:\/\/www.europesays.com\/de\/wp-json\/wp\/v2\/posts\/651416","targetHints":{"allow":["GET"]}}],"collection":[{"href":"https:\/\/www.europesays.com\/de\/wp-json\/wp\/v2\/posts"}],"about":[{"href":"https:\/\/www.europesays.com\/de\/wp-json\/wp\/v2\/types\/post"}],"author":[{"embeddable":true,"href":"https:\/\/www.europesays.com\/de\/wp-json\/wp\/v2\/users\/2"}],"replies":[{"embeddable":true,"href":"https:\/\/www.europesays.com\/de\/wp-json\/wp\/v2\/comments?post=651416"}],"version-history":[{"count":0,"href":"https:\/\/www.europesays.com\/de\/wp-json\/wp\/v2\/posts\/651416\/revisions"}],"wp:featuredmedia":[{"embeddable":true,"href":"https:\/\/www.europesays.com\/de\/wp-json\/wp\/v2\/media\/651417"}],"wp:attachment":[{"href":"https:\/\/www.europesays.com\/de\/wp-json\/wp\/v2\/media?parent=651416"}],"wp:term":[{"taxonomy":"category","embeddable":true,"href":"https:\/\/www.europesays.com\/de\/wp-json\/wp\/v2\/categories?post=651416"},{"taxonomy":"post_tag","embeddable":true,"href":"https:\/\/www.europesays.com\/de\/wp-json\/wp\/v2\/tags?post=651416"}],"curies":[{"name":"wp","href":"https:\/\/api.w.org\/{rel}","templated":true}]}}