{"id":651461,"date":"2025-12-17T00:32:13","date_gmt":"2025-12-17T00:32:13","guid":{"rendered":"https:\/\/www.europesays.com\/de\/651461\/"},"modified":"2025-12-17T00:32:13","modified_gmt":"2025-12-17T00:32:13","slug":"digitalkonzerne-eu-haelt-trotz-drohungen-der-usa-an-regeln-fuer-technologiekonzerne-fest","status":"publish","type":"post","link":"https:\/\/www.europesays.com\/de\/651461\/","title":{"rendered":"Digitalkonzerne: EU h\u00e4lt trotz Drohungen der USA an Regeln f\u00fcr Technologiekonzerne fest"},"content":{"rendered":"<p class=\"paragraph article__item\">Die <a class=\"rtr-entity\" href=\"https:\/\/www.zeit.de\/thema\/europaeische-union\" target=\"_blank\" rel=\"noopener\">Europ\u00e4ische Union<\/a> hat ihre Vorschriften f\u00fcr\u00a0Technologiekonzerne nach <a href=\"https:\/\/www.zeit.de\/politik\/ausland\/2025-12\/us-praesident-donald-trump-kritik-europa-geldstrafe-x\" class=\"\" target=\"_blank\" rel=\"noopener\">Drohungen aus den USA<\/a> erneut bekr\u00e4ftigt.\u00a0&#8222;Wie wir bereits mehrfach deutlich gemacht haben, gelten unsere Vorschriften gleicherma\u00dfen und fair f\u00fcr alle in der EU t\u00e4tigen Unternehmen&#8220;, sagte der Sprecher der Europ\u00e4ischen Kommission, Thomas Regnier. Man werde diese &#8222;weiterhin fair und ohne Diskriminierung durchsetzen&#8220;, sagte er.\u00a0\n<\/p>\n<p class=\"paragraph article__item\">Zuvor hatte die US-Regierung die europ\u00e4ischen Regeln f\u00fcr Unternehmen als &#8222;diskriminierend und schikan\u00f6s&#8220; bezeichnet und mit Vergeltung gedroht.\u00a0Das B\u00fcro des US-Handelsbeauftragten nannte wichtige europ\u00e4ische Unternehmen, die ins Visier genommen werden k\u00f6nnten. Darunter befanden sich der deutsche Versanddienst DHL, der deutsche Industriekonzern Siemens und der schwedische Streamingdienst <a class=\"rtr-entity\" href=\"https:\/\/www.zeit.de\/thema\/spotify\" target=\"_blank\" rel=\"noopener\">Spotify<\/a>.\n<\/p>\n<p class=\"paragraph article__item\">&#8222;Sollten Gegenma\u00dfnahmen erforderlich sein, erlaubt die Gesetzgebung der USA unter anderem die Erhebung von Geb\u00fchren oder die Auferlegung von Beschr\u00e4nkungen f\u00fcr ausl\u00e4ndische Dienstleister&#8220;, teilte die US-Regierung mit. Man werde zudem gegen\u00a0L\u00e4nder, die eine &#8222;EU-artige Strategie in diesem Bereich&#8220; verfolgten, \u00e4hnlich vorgehen.<\/p>\n<p>        Merz weist die Kritik der USA zur\u00fcck        <\/p>\n<p class=\"paragraph article__item\">Die US-Regierung unter Pr\u00e4sident Donald Trump kritisiert seit Monaten die EU-Vorschriften f\u00fcr digitale Dienste sowie die Geldstrafen der EU-Kommission gegen US-Dienstleister. Das j\u00fcngste Beispiel ist <a href=\"https:\/\/www.zeit.de\/digital\/internet\/2025-12\/millionenstrafe-x-eu-elon-musk-usa\" class=\"\" target=\"_blank\" rel=\"noopener\">die Strafe in H\u00f6he von 120 Millionen<\/a> Euro, die die <a class=\"rtr-entity\" href=\"https:\/\/www.zeit.de\/thema\/europaeische-union\" target=\"_blank\" rel=\"noopener\">EU<\/a> Anfang Dezember gegen den US-Onlinedienst X verh\u00e4ngt hatte. Sie begr\u00fcndete dies mit mangelnder Transparenz bei Werbung und Nutzerkonten auf der Plattform.\n<\/p>\n<p class=\"paragraph article__item\">Der Eigent\u00fcmer von X, Milliard\u00e4r Elon Musk, sprach sich daraufhin f\u00fcr die <a href=\"https:\/\/www.zeit.de\/politik\/ausland\/2025-12\/elon-musk-eu-x-strafe\" class=\"\" target=\"_blank\" rel=\"noopener\">Abschaffung der EU<\/a> aus. US-Pr\u00e4sident Trump bezeichnete die Strafe als &#8222;gr\u00e4sslich&#8220; und sagte, die <a href=\"https:\/\/www.zeit.de\/politik\/ausland\/2025-12\/us-praesident-donald-trump-kritik-europa-geldstrafe-x\" class=\"\" target=\"_blank\" rel=\"noopener\">EU m\u00fcsse &#8222;sehr aufpassen&#8220;<\/a>.\u00a0Bundeskanzler Friedrich Merz (CDU) hatte die Kritik jedoch zur\u00fcckgewiesen.\u00a0So wie europ\u00e4ische Unternehmen in den <a class=\"rtr-entity\" href=\"https:\/\/www.zeit.de\/thema\/usa\" target=\"_blank\" rel=\"noopener\">USA<\/a> die dortigen Gesetze befolgen m\u00fcssten, h\u00e4tten auch amerikanische Firmen die Regeln in Europa zu akzeptieren, sagte Merz.<\/p>\n<p class=\"paragraph article__item\">In den vergangenen Jahren hat die EU gegen gro\u00dfe US-Digitalkonzerne wegen Nichteinhaltung der europ\u00e4ischen Gesetzgebung Strafen in H\u00f6he von mehreren Milliarden Euro verh\u00e4ngt. Die USA haben die EU wiederholt aufgefordert, Richtlinien f\u00fcr den Digitalsektor zu lockern, und dabei eine m\u00f6gliche Senkung der Z\u00f6lle auf europ\u00e4ischen Stahl und Aluminium ins Spiel gebracht.\n<\/p>\n<p>            EU        <\/p>\n<p>Mehr zum Thema<\/p>\n<p>                <a href=\"https:\/\/www.zeit.de\/digital\/internet\/2025-12\/millionenstrafe-x-eu-elon-musk-usa\" data-ct-label=\"Millionenstrafe gegen X: Europa f\u00e4hrt die Krallen aus \" target=\"_blank\" rel=\"noopener\"><\/p>\n<p>        Z+ (abopflichtiger Inhalt);<\/p>\n<p>    Millionenstrafe gegen X:<br \/>\n                        Europa f\u00e4hrt die Krallen aus <\/p>\n<p>                <\/a><\/p>\n<p>                <a href=\"https:\/\/www.zeit.de\/digital\/2025-12\/strafe-x-eu-kommission-transparenz-digital-service-act\" data-ct-label=\"Strafe gegen X: Die EU macht deutlich: Wir lassen uns nicht erpressen\" target=\"_blank\" rel=\"noopener\"><\/p>\n<p>        Z+ (abopflichtiger Inhalt);<\/p>\n<p>    Strafe gegen X:<br \/>\n                        Die EU macht deutlich: Wir lassen uns nicht erpressen<\/p>\n<p>                <\/a><\/p>\n","protected":false},"excerpt":{"rendered":"Die Europ\u00e4ische Union hat ihre Vorschriften f\u00fcr\u00a0Technologiekonzerne nach Drohungen aus den USA erneut bekr\u00e4ftigt.\u00a0&#8222;Wie wir bereits mehrfach deutlich&hellip;\n","protected":false},"author":2,"featured_media":651462,"comment_status":"","ping_status":"","sticky":false,"template":"","format":"standard","meta":{"footnotes":""},"categories":[3933],"tags":[331,332,10076,14283,106,548,663,158,3934,3935,775,13,14,15,16,12,14135,1899,152710,64,4397],"class_list":{"0":"post-651461","1":"post","2":"type-post","3":"status-publish","4":"format-standard","5":"has-post-thumbnail","7":"category-eu","8":"tag-aktuelle-nachrichten","9":"tag-aktuelle-news","10":"tag-dhl","11":"tag-digitalkonzerne","12":"tag-donald-trump","13":"tag-eu","14":"tag-europa","15":"tag-europaeische-union","16":"tag-europe","17":"tag-european-union","18":"tag-friedrich-merz","19":"tag-headlines","20":"tag-nachrichten","21":"tag-news","22":"tag-politik","23":"tag-schlagzeilen","24":"tag-siemens-ag","25":"tag-spotify","26":"tag-thomas-regnier","27":"tag-usa","28":"tag-x"},"share_on_mastodon":{"url":"https:\/\/pubeurope.com\/@de\/115732096189972509","error":""},"_links":{"self":[{"href":"https:\/\/www.europesays.com\/de\/wp-json\/wp\/v2\/posts\/651461","targetHints":{"allow":["GET"]}}],"collection":[{"href":"https:\/\/www.europesays.com\/de\/wp-json\/wp\/v2\/posts"}],"about":[{"href":"https:\/\/www.europesays.com\/de\/wp-json\/wp\/v2\/types\/post"}],"author":[{"embeddable":true,"href":"https:\/\/www.europesays.com\/de\/wp-json\/wp\/v2\/users\/2"}],"replies":[{"embeddable":true,"href":"https:\/\/www.europesays.com\/de\/wp-json\/wp\/v2\/comments?post=651461"}],"version-history":[{"count":0,"href":"https:\/\/www.europesays.com\/de\/wp-json\/wp\/v2\/posts\/651461\/revisions"}],"wp:featuredmedia":[{"embeddable":true,"href":"https:\/\/www.europesays.com\/de\/wp-json\/wp\/v2\/media\/651462"}],"wp:attachment":[{"href":"https:\/\/www.europesays.com\/de\/wp-json\/wp\/v2\/media?parent=651461"}],"wp:term":[{"taxonomy":"category","embeddable":true,"href":"https:\/\/www.europesays.com\/de\/wp-json\/wp\/v2\/categories?post=651461"},{"taxonomy":"post_tag","embeddable":true,"href":"https:\/\/www.europesays.com\/de\/wp-json\/wp\/v2\/tags?post=651461"}],"curies":[{"name":"wp","href":"https:\/\/api.w.org\/{rel}","templated":true}]}}