{"id":651804,"date":"2025-12-17T04:03:12","date_gmt":"2025-12-17T04:03:12","guid":{"rendered":"https:\/\/www.europesays.com\/de\/651804\/"},"modified":"2025-12-17T04:03:12","modified_gmt":"2025-12-17T04:03:12","slug":"warnung-vor-frost-dann-wird-es-milder","status":"publish","type":"post","link":"https:\/\/www.europesays.com\/de\/651804\/","title":{"rendered":"Warnung vor Frost \u2013 dann wird es milder"},"content":{"rendered":"<p>Prognose f\u00fcr M\u00fcnchen <\/p>\n<p>Warnung vor Frost am Morgen \u2013 dann wird es milder<\/p>\n<p>17.12.2025 &#8211; 04:00 UhrLesedauer: 1 Min.<\/p>\n<p class=\"font-bold text-18 leading-17\"><strong class=\"font-bold\">Gibt es heute Sonne, Regen oder Sturm in M\u00fcnchen? Hier finden Sie die Wettervorhersage und die Unwetterwarnungen f\u00fcr Bayerns Landeshauptstadt.<\/strong><\/p>\n<p class=\"text-18 leading-17\">In M\u00fcnchen bleibt es am Mittwoch trocken, aber meist stark bew\u00f6lkt. Der Deutsche Wetterdienst (DWD) warnt in der Nacht und am fr\u00fchen Morgen vor leichtem Frost mit Tiefstwerten zwischen \u20131 und \u20134 Grad in der Stadt sowie im Landkreis M\u00fcnchen. Tags\u00fcber zeigt sich das Wetter zwar mild, aber die Sonne bleibt \u00fcber weite Strecken hinter Wolken verborgen.<\/p>\n<p class=\"text-18 leading-17\">In den fr\u00fchen Morgenstunden liegen die Temperaturen um den Gefrierpunkt, bei dichter Bew\u00f6lkung. Der Wind weht aus s\u00fcdwestlicher Richtung mit bis zu 20 Kilometern pro Stunde. Ab dem Vormittag steigen die Temperaturen allm\u00e4hlich an und erreichen am Nachmittag bis zu 7 Grad, bei leicht besseren Sichtverh\u00e4ltnissen. Die Sonne zeigt sich weiter nur selten.<\/p>\n<p class=\"text-18 leading-17\">Am Abend k\u00fchlt es langsam wieder ab. Der Himmel bleibt bedeckt, es ist aber weiterhin trocken. Der Wind bleibt konstant und weht weiterhin m\u00e4\u00dfig aus s\u00fcdlichen Richtungen. In der Nacht fallen die Temperaturen auf 1 bis 3 Grad ab.<\/p>\n<p class=\"text-18 leading-17\">Am Donnerstag wird es in M\u00fcnchen deutlich freundlicher. Die Sonne zeigt sich ab dem Morgen durchg\u00e4ngig bei Temperaturen zwischen 3 und 8 Grad. Regen ist nicht zu erwarten, es bleibt trocken. Unwetterwarnungen liegen derzeit nicht vor.<\/p>\n<p class=\"text-18 leading-17\">Das aktuelle Wetter f\u00fcr M\u00fcnchen heute und in den kommenden Tagen finden Sie immer auf <a target=\"_blank\" class=\"transition-colors duration-200 cursor-pointer text-inherit no-underline text-salemsfur md:hover:text-magenta md:hover:border-magenta md:focus:text-magenta border-current border-b border-solid break-words\" href=\"https:\/\/www.t-online.de\/wetter\/deutschland\/muenchen\/jd138hq576\/wetter-heute\" data-sctrack=\"BodyAnchor\" rel=\"nofollow noopener\">der t-online-Wetterseite<\/a> oder in unserem Video oben.<\/p>\n","protected":false},"excerpt":{"rendered":"Prognose f\u00fcr M\u00fcnchen Warnung vor Frost am Morgen \u2013 dann wird es milder 17.12.2025 &#8211; 04:00 UhrLesedauer: 1&hellip;\n","protected":false},"author":2,"featured_media":651805,"comment_status":"","ping_status":"","sticky":false,"template":"","format":"standard","meta":{"footnotes":""},"categories":[1827],"tags":[722,7887,513,772,29,4906,514,30,604,5257,1268,2959,2256,4907,2257,2255],"class_list":{"0":"post-651804","1":"post","2":"type-post","3":"status-publish","4":"format-standard","5":"has-post-thumbnail","7":"category-muenchen","8":"tag-722","9":"tag-alpen","10":"tag-auto","11":"tag-bayern","12":"tag-deutschland","13":"tag-dwd","14":"tag-fahrzeug","15":"tag-germany","16":"tag-hund","17":"tag-marienplatz","18":"tag-muenchen","19":"tag-theresienwiese","20":"tag-wetterausblick","21":"tag-wetteraussicht","22":"tag-wetterlage","23":"tag-wettervorhersage"},"share_on_mastodon":{"url":"https:\/\/pubeurope.com\/@de\/115732925886392558","error":""},"_links":{"self":[{"href":"https:\/\/www.europesays.com\/de\/wp-json\/wp\/v2\/posts\/651804","targetHints":{"allow":["GET"]}}],"collection":[{"href":"https:\/\/www.europesays.com\/de\/wp-json\/wp\/v2\/posts"}],"about":[{"href":"https:\/\/www.europesays.com\/de\/wp-json\/wp\/v2\/types\/post"}],"author":[{"embeddable":true,"href":"https:\/\/www.europesays.com\/de\/wp-json\/wp\/v2\/users\/2"}],"replies":[{"embeddable":true,"href":"https:\/\/www.europesays.com\/de\/wp-json\/wp\/v2\/comments?post=651804"}],"version-history":[{"count":0,"href":"https:\/\/www.europesays.com\/de\/wp-json\/wp\/v2\/posts\/651804\/revisions"}],"wp:featuredmedia":[{"embeddable":true,"href":"https:\/\/www.europesays.com\/de\/wp-json\/wp\/v2\/media\/651805"}],"wp:attachment":[{"href":"https:\/\/www.europesays.com\/de\/wp-json\/wp\/v2\/media?parent=651804"}],"wp:term":[{"taxonomy":"category","embeddable":true,"href":"https:\/\/www.europesays.com\/de\/wp-json\/wp\/v2\/categories?post=651804"},{"taxonomy":"post_tag","embeddable":true,"href":"https:\/\/www.europesays.com\/de\/wp-json\/wp\/v2\/tags?post=651804"}],"curies":[{"name":"wp","href":"https:\/\/api.w.org\/{rel}","templated":true}]}}