{"id":651810,"date":"2025-12-17T04:06:20","date_gmt":"2025-12-17T04:06:20","guid":{"rendered":"https:\/\/www.europesays.com\/de\/651810\/"},"modified":"2025-12-17T04:06:20","modified_gmt":"2025-12-17T04:06:20","slug":"berlin-brandenburg-chanukka-feier-vorkehrungen-rund-um-das-brandenburger-tor","status":"publish","type":"post","link":"https:\/\/www.europesays.com\/de\/651810\/","title":{"rendered":"Berlin &#038; Brandenburg: Chanukka-Feier: Vorkehrungen rund um das Brandenburger Tor"},"content":{"rendered":"<p>Berlin &amp; BrandenburgChanukka-Feier: Vorkehrungen rund um das Brandenburger Tor<img decoding=\"async\" class=\"Image_img__fQCi0 Image_Img_16_9__4BLfH\" loading=\"eager\" fetchpriority=\"high\" src=\"https:\/\/www.europesays.com\/de\/wp-content\/uploads\/2025\/12\/Die-Verfuegung-gilt-fuer-mehrere-Stunden.webp.webp\" alt=\"Die-Verfuegung-gilt-fuer-mehrere-Stunden\"\/>(Foto: Kay Nietfeld\/dpa)TeilenFolgen auf:<a href=\"https:\/\/www.whatsapp.com\/channel\/0029Va5cdVJD8SDp5YZgYF01\" title=\"Auf WhatsApp folgen\" target=\"_blank\" rel=\"noopener\"><img decoding=\"async\" src=\"https:\/\/www.n-tv.de\/socialIcons\/whatsapp.svg\" alt=\"whatsapp\" class=\"ArticleShare_icon__FsrC2\"\/><\/a><a href=\"https:\/\/news.google.com\/publications\/CAAiEPMdif5mpRNxiLOeUpHCwwsqFAgKIhDzHYn-ZqUTcYiznlKRwsML?hl=de&amp;gl=DE&amp;ceid=DE%3Ade\" title=\"Auf Google News folgen\" target=\"_blank\" rel=\"noopener\"><img decoding=\"async\" src=\"https:\/\/www.n-tv.de\/socialIcons\/google.svg\" alt=\"whatsapp\" class=\"ArticleShare_icon__FsrC2\"\/><\/a><\/p>\n<p class=\"Typography_text-m__XI0da Typography_weight-bold__uT6mq storyline_lead_text_leadtext__q_wg8\">Am Nachmittag kommt die Bundestagspr\u00e4sidentin f\u00fcr das Entz\u00fcnden der vierten Kerze zum Brandenburger Tor. F\u00fcr mehrere Stunden gelten besondere Sicherheitsvorkehrungen.<\/p>\n<p class=\"Typography_text-default__P3otY Typography_weight-normal__pqUbH storyline_paragraph_p__qSR5N\">Berlin (dpa\/bb) &#8211; Drei Tage nach dem Anschlag auf ein j\u00fcdisches Fest in Sydney gibt es erh\u00f6hte Sicherheitsvorkehrungen rund um das Brandenburger Tor. Anl\u00e4sslich des feierlichen Chanukka-Lichterz\u00fcndens auf dem Pariser Platz gelte von 12.00 bis 18.00 Uhr eine Allgemeinverf\u00fcgung, teilte die Polizei mit. Am Nachmittag wird Bundestagspr\u00e4sidentin Julia Kl\u00f6ckner (CDU) zu der Entz\u00fcndung der vierten Kerze des Chanukka-Leuchters am Brandenburger Tor erwartet.<\/p>\n<p class=\"Typography_text-default__P3otY Typography_weight-normal__pqUbH storyline_paragraph_p__qSR5N\">Von der Beschr\u00e4nkung betroffen seien der Pariser Platz, der Platz des 18. M\u00e4rz und auf der Stra\u00dfe Unter den Linden der Bereich zwischen Pariser Platz und Wilhelmstra\u00dfe. &#8222;Im genannten Zeitraum wird die Nutzung \u00f6ffentlicher Fl\u00e4chen f\u00fcr \u00f6ffentliche Versammlungen unter freiem Himmel nicht m\u00f6glich sein&#8220;, hie\u00df es von der Polizei.<\/p>\n<p class=\"Typography_text-default__P3otY Typography_weight-normal__pqUbH storyline_paragraph_p__qSR5N\">Im Rahmen der Allgemeinverf\u00fcgung ist etwa das Abstellen von Autos, Fahrr\u00e4dern oder anderen elektrobetriebenen Fahrzeugen in den betroffenen Bereichen nicht erlaubt. Anwohner und Menschen, die berechtigt sind, den abgesperrten Bereich zu betreten, sollten den Angaben nach ihren Personal- oder Dienstausweis dabeihaben. Die Polizei empfiehlt, die betroffenen Stra\u00dfenz\u00fcge weitr\u00e4umig zu umfahren.<\/p>\n<p class=\"Typography_text-s__wu_cm Typography_weight-normal__pqUbH Typography_color-darkgrey__sZEnP article-detail-footer_source__KslPc\">Quelle: dpa<\/p>\n","protected":false},"excerpt":{"rendered":"Berlin &amp; BrandenburgChanukka-Feier: Vorkehrungen rund um das Brandenburger Tor(Foto: Kay Nietfeld\/dpa)TeilenFolgen auf: Am Nachmittag kommt die Bundestagspr\u00e4sidentin f\u00fcr&hellip;\n","protected":false},"author":2,"featured_media":651811,"comment_status":"","ping_status":"","sticky":false,"template":"","format":"standard","meta":{"footnotes":""},"categories":[1816],"tags":[1960,1958,1959,1957,1956,1890,29,30],"class_list":{"0":"post-651810","1":"post","2":"type-post","3":"status-publish","4":"format-standard","5":"has-post-thumbnail","7":"category-brandenburg","8":"tag-aktuelle-nachrichten-aus-berlin-und-brandenburg","9":"tag-aktuelle-nachrichten-aus-brandenburg","10":"tag-aktuelle-news-aus-berlin-und-brandenburg","11":"tag-aktuelle-news-aus-brandenburg","12":"tag-berlin-und-brandenburg","13":"tag-brandenburg","14":"tag-deutschland","15":"tag-germany"},"share_on_mastodon":{"url":"https:\/\/pubeurope.com\/@de\/115732938200072245","error":""},"_links":{"self":[{"href":"https:\/\/www.europesays.com\/de\/wp-json\/wp\/v2\/posts\/651810","targetHints":{"allow":["GET"]}}],"collection":[{"href":"https:\/\/www.europesays.com\/de\/wp-json\/wp\/v2\/posts"}],"about":[{"href":"https:\/\/www.europesays.com\/de\/wp-json\/wp\/v2\/types\/post"}],"author":[{"embeddable":true,"href":"https:\/\/www.europesays.com\/de\/wp-json\/wp\/v2\/users\/2"}],"replies":[{"embeddable":true,"href":"https:\/\/www.europesays.com\/de\/wp-json\/wp\/v2\/comments?post=651810"}],"version-history":[{"count":0,"href":"https:\/\/www.europesays.com\/de\/wp-json\/wp\/v2\/posts\/651810\/revisions"}],"wp:featuredmedia":[{"embeddable":true,"href":"https:\/\/www.europesays.com\/de\/wp-json\/wp\/v2\/media\/651811"}],"wp:attachment":[{"href":"https:\/\/www.europesays.com\/de\/wp-json\/wp\/v2\/media?parent=651810"}],"wp:term":[{"taxonomy":"category","embeddable":true,"href":"https:\/\/www.europesays.com\/de\/wp-json\/wp\/v2\/categories?post=651810"},{"taxonomy":"post_tag","embeddable":true,"href":"https:\/\/www.europesays.com\/de\/wp-json\/wp\/v2\/tags?post=651810"}],"curies":[{"name":"wp","href":"https:\/\/api.w.org\/{rel}","templated":true}]}}