{"id":651814,"date":"2025-12-17T04:08:12","date_gmt":"2025-12-17T04:08:12","guid":{"rendered":"https:\/\/www.europesays.com\/de\/651814\/"},"modified":"2025-12-17T04:08:12","modified_gmt":"2025-12-17T04:08:12","slug":"unterricht-im-u-bahnhof-berliner-aktion-zeigt-kriegsalltag","status":"publish","type":"post","link":"https:\/\/www.europesays.com\/de\/651814\/","title":{"rendered":"Unterricht im U-Bahnhof \u2013 Berliner Aktion zeigt Kriegsalltag"},"content":{"rendered":"<p class=\"fp-paragraph\"><strong>Berlin<\/strong> &#8211; Ukrainische Kinder werden wegen der russischen Luftangriffe oft in U-Bahnh\u00f6fen unterrichtet \u2013 nun wird f\u00fcr einige Tage ein solches provisorisches Klassenzimmer im Berliner U-Bahnhof Alexanderplatz nachgebaut. Ziel ist es, auf die schwierige Lage der Kinder in der Ukraine nach fast vier Jahren Krieg hinzuweisen, wie das Kinderhilfswerk der Vereinten Nationen (Unicef) mitteilte. Zur Er\u00f6ffnung kommt auch Bundesentwicklungsministerin Reem Alabali Radovan (SPD).<\/p>\n<p class=\"fp-paragraph\">Unicef berichtete, Schule und das Spielen mit Gleichaltrigen f\u00e4nden in der Ukraine vielerorts unter der Erde in U-Bahn-Stationen und Schutzkellern statt. Bei der Aktion gehe es unter anderem um die Frage, wie Kinder im Krieg trotz st\u00e4ndiger Gefahr und extremer Not weiter lernen k\u00f6nnen.\u00a0<\/p>\n<p class=\"fp-paragraph\">Eine Schulgruppe der Jenaplan-Schule Neuk\u00f6lln soll w\u00e4hrend des Auftakts am Mittwochmorgen (09.00 Uhr) ihre W\u00fcnsche f\u00fcr die Kinder in der Ukraine kreativ zusammentragen und auf Papierschmetterlinge schreiben. Das nachgebaute Klassenzimmer mit zw\u00f6lf Tischen und einer Tafel ist \u2013 gesch\u00fctzt mit Plexiglas \u2013 bis zum 21. Dezember zu sehen, auf der Zwischenebene des U-Bahnhofs am \u00dcbergang von der Linie U2 zur U8.<\/p>\n<ul class=\"list-content\">\n<li class=\"list-item\"><a href=\"https:\/\/www.unicef.org\/ukraine\/en\/press-releases\/fourth-winter-under-fire-increases-risks-childrens-lives-ukraine\" target=\"_blank\" rel=\"noopener\">Unicef zur Winterhilfe f\u00fcr Kinder in der Ukraine<\/a><\/li>\n<\/ul>\n","protected":false},"excerpt":{"rendered":"Berlin &#8211; Ukrainische Kinder werden wegen der russischen Luftangriffe oft in U-Bahnh\u00f6fen unterrichtet \u2013 nun wird f\u00fcr einige&hellip;\n","protected":false},"author":2,"featured_media":651815,"comment_status":"","ping_status":"","sticky":false,"template":"","format":"standard","meta":{"footnotes":""},"categories":[1825],"tags":[296,29,553,30,1114,8221,4046,966,1458],"class_list":{"0":"post-651814","1":"post","2":"type-post","3":"status-publish","4":"format-standard","5":"has-post-thumbnail","7":"category-berlin","8":"tag-berlin","9":"tag-deutschland","10":"tag-familie","11":"tag-germany","12":"tag-kinder","13":"tag-konflikte","14":"tag-krieg","15":"tag-schule","16":"tag-soziales"},"share_on_mastodon":{"url":"https:\/\/pubeurope.com\/@de\/115732945611194371","error":""},"_links":{"self":[{"href":"https:\/\/www.europesays.com\/de\/wp-json\/wp\/v2\/posts\/651814","targetHints":{"allow":["GET"]}}],"collection":[{"href":"https:\/\/www.europesays.com\/de\/wp-json\/wp\/v2\/posts"}],"about":[{"href":"https:\/\/www.europesays.com\/de\/wp-json\/wp\/v2\/types\/post"}],"author":[{"embeddable":true,"href":"https:\/\/www.europesays.com\/de\/wp-json\/wp\/v2\/users\/2"}],"replies":[{"embeddable":true,"href":"https:\/\/www.europesays.com\/de\/wp-json\/wp\/v2\/comments?post=651814"}],"version-history":[{"count":0,"href":"https:\/\/www.europesays.com\/de\/wp-json\/wp\/v2\/posts\/651814\/revisions"}],"wp:featuredmedia":[{"embeddable":true,"href":"https:\/\/www.europesays.com\/de\/wp-json\/wp\/v2\/media\/651815"}],"wp:attachment":[{"href":"https:\/\/www.europesays.com\/de\/wp-json\/wp\/v2\/media?parent=651814"}],"wp:term":[{"taxonomy":"category","embeddable":true,"href":"https:\/\/www.europesays.com\/de\/wp-json\/wp\/v2\/categories?post=651814"},{"taxonomy":"post_tag","embeddable":true,"href":"https:\/\/www.europesays.com\/de\/wp-json\/wp\/v2\/tags?post=651814"}],"curies":[{"name":"wp","href":"https:\/\/api.w.org\/{rel}","templated":true}]}}