{"id":651816,"date":"2025-12-17T04:09:25","date_gmt":"2025-12-17T04:09:25","guid":{"rendered":"https:\/\/www.europesays.com\/de\/651816\/"},"modified":"2025-12-17T04:09:25","modified_gmt":"2025-12-17T04:09:25","slug":"polizeilicher-staatsschutz-ermittelt-zu-mutmasslich-extremistischen-taten","status":"publish","type":"post","link":"https:\/\/www.europesays.com\/de\/651816\/","title":{"rendered":"Polizeilicher Staatsschutz ermittelt zu mutma\u00dflich extremistischen Taten"},"content":{"rendered":"<p>\n    <strong>Nr. 2598<\/strong><br \/>Der Polizeiliche Staatsschutz des Landeskriminalamtes \u00fcbernahm am Montagvormittag die Ermittlungen zu zwei Taten in Karlshorst. Nach bisherigen Erkenntnissen betraten w\u00e4hrend des vergangenen Wochenendes ein oder mehrere unbekannte Tatverd\u00e4chtige ein Schulgel\u00e4nde und brachen dort einen Ger\u00e4teschuppen auf, teilte ein Anrufer gestern gegen 6 Uhr mit. Aus diesem Schuppen wurden Ger\u00e4te auf dem Schulgel\u00e4nde verteilt und mit ebenfalls aus dem Schuppen stammenden Farbspr\u00fchdosen diverse Farbschmierereien auf Fenstern und Fensterbrettern des Schulgeb\u00e4udes aufgebracht, darunter ein nationalsozialistisches Symbol. Des Weiteren wurden mit einer ebenfalls aus besagtem Schuppen stammenden Kettens\u00e4ge mehrere B\u00e4ume auf dem Schulgel\u00e4nde gef\u00e4llt.\n  <\/p>\n<p>\n    Ebenfalls im Verlauf des vergangenen Wochenendes betraten ein oder mehrere Tatverd\u00e4chtige ein Gel\u00e4nde des Bezirksamtes Lichtenberg an der Liepnitzstra\u00dfe und beschmierten dort befindliche B\u00fcro- und Garagencontainer sowie Spielger\u00e4te auf einem danebenliegenden Spielplatz an der Kreuzung \u00dcderseestra\u00dfe\/Traberweg mit kommunistischen Symbolen und linksextremen Akronymen und Parolen. Dar\u00fcber informierte ein Mitarbeiter des Stra\u00dfen- und Gr\u00fcnfl\u00e4chenamtes gestern Morgen die Polizei. Die Ermittlungen, auch ob zwischen den Taten m\u00f6glicherweise ein Zusammenhang besteht, dauern an.\n  <\/p>\n","protected":false},"excerpt":{"rendered":"Nr. 2598Der Polizeiliche Staatsschutz des Landeskriminalamtes \u00fcbernahm am Montagvormittag die Ermittlungen zu zwei Taten in Karlshorst. Nach bisherigen&hellip;\n","protected":false},"author":2,"featured_media":2288,"comment_status":"","ping_status":"","sticky":false,"template":"","format":"standard","meta":{"footnotes":""},"categories":[1825],"tags":[296,29,30,152774,1584,152751,2331],"class_list":{"0":"post-651816","1":"post","2":"type-post","3":"status-publish","4":"format-standard","5":"has-post-thumbnail","7":"category-berlin","8":"tag-berlin","9":"tag-deutschland","10":"tag-germany","11":"tag-ii1626829","12":"tag-kriminalitaet","13":"tag-meldung-polizei-berlin-vom-16-12-2025","14":"tag-polizeimeldung"},"share_on_mastodon":{"url":"https:\/\/pubeurope.com\/@de\/115732949549934544","error":""},"_links":{"self":[{"href":"https:\/\/www.europesays.com\/de\/wp-json\/wp\/v2\/posts\/651816","targetHints":{"allow":["GET"]}}],"collection":[{"href":"https:\/\/www.europesays.com\/de\/wp-json\/wp\/v2\/posts"}],"about":[{"href":"https:\/\/www.europesays.com\/de\/wp-json\/wp\/v2\/types\/post"}],"author":[{"embeddable":true,"href":"https:\/\/www.europesays.com\/de\/wp-json\/wp\/v2\/users\/2"}],"replies":[{"embeddable":true,"href":"https:\/\/www.europesays.com\/de\/wp-json\/wp\/v2\/comments?post=651816"}],"version-history":[{"count":0,"href":"https:\/\/www.europesays.com\/de\/wp-json\/wp\/v2\/posts\/651816\/revisions"}],"wp:featuredmedia":[{"embeddable":true,"href":"https:\/\/www.europesays.com\/de\/wp-json\/wp\/v2\/media\/2288"}],"wp:attachment":[{"href":"https:\/\/www.europesays.com\/de\/wp-json\/wp\/v2\/media?parent=651816"}],"wp:term":[{"taxonomy":"category","embeddable":true,"href":"https:\/\/www.europesays.com\/de\/wp-json\/wp\/v2\/categories?post=651816"},{"taxonomy":"post_tag","embeddable":true,"href":"https:\/\/www.europesays.com\/de\/wp-json\/wp\/v2\/tags?post=651816"}],"curies":[{"name":"wp","href":"https:\/\/api.w.org\/{rel}","templated":true}]}}