{"id":651825,"date":"2025-12-17T04:15:26","date_gmt":"2025-12-17T04:15:26","guid":{"rendered":"https:\/\/www.europesays.com\/de\/651825\/"},"modified":"2025-12-17T04:15:26","modified_gmt":"2025-12-17T04:15:26","slug":"kandidat-friedrich-wagt-sich-aufs-pferd","status":"publish","type":"post","link":"https:\/\/www.europesays.com\/de\/651825\/","title":{"rendered":"Kandidat Friedrich wagt sich aufs Pferd"},"content":{"rendered":"<ol class=\"id-DonaldBreadcrumb lp_west_breadcrumb id-DonaldBreadcrumb--default\" data-k5a-pos=\"west_breadcrumb\">\n<li class=\"id-Breadcrumb-item\"><a href=\"https:\/\/www.soester-anzeiger.de\/\" class=\"id-Breadcrumb-link\" data-id-ec=\"{\" shn=\"\" textlink=\"\" anzeiger=\"\" data-k5a-pos=\"1_soesterAnzeiger\" target=\"_blank\" rel=\"noopener\">Soester Anzeiger<\/a><\/li>\n<li class=\"id-Breadcrumb-item\"><a href=\"https:\/\/www.soester-anzeiger.de\/lokales\/\" class=\"id-Breadcrumb-link\" data-id-ec=\"{\" shn=\"\" textlink=\"\" data-k5a-pos=\"2_lokales\" target=\"_blank\" rel=\"noopener\">Lokales<\/a><\/li>\n<li class=\"id-Breadcrumb-item\"><a href=\"https:\/\/www.soester-anzeiger.de\/lokales\/lippetal\/\" class=\"id-Breadcrumb-link\" data-id-ec=\"{\" shn=\"\" textlink=\"\" data-k5a-pos=\"3_lippetal\" target=\"_blank\" rel=\"noopener\">Lippetal<\/a><\/li>\n<\/ol>\n<p class=\"id-Story-timestamp id-Story-timestamp--default\">Stand: 17.12.2025, 04:46 Uhr<\/p>\n<p class=\"id-Story-authors id-Story-authors--default\">Von: <a class=\"id-Story-authors-link lp_west_author\" href=\"https:\/\/www.soester-anzeiger.de\/autor\/tamara-buckenauer-fidmoj2l.html\" title=\"Zur Autorenseite von Tamara Buckenauer\" data-id-ec=\"{\" shn=\"\" author-link=\"\" buckenauer=\"\" data-k5a-pos=\"west_author\" target=\"_blank\" rel=\"noopener\">Tamara Buckenauer<\/a><\/p>\n<p class=\"id-Story-interactionBar id-Story-interactionBar--default\">DruckenTeilen<\/p>\n<p><img decoding=\"async\" class=\"id-RatioPlaceholder-element wv_story_el_image\" src=\"https:\/\/www.europesays.com\/de\/wp-content\/uploads\/2025\/12\/40833955-in-der-neunten-folge-von-bauer-sucht-frau-nahm-bauer-friedrich-von-seiner-kandidatin-reitst.jpeg\" loading=\"eager\" fetchpriority=\"high\"   height=\"792\" width=\"1408\" alt=\"In der neunten Folge von &#x201E;Bauer sucht Frau&#x201C; nahm Bauer Friedrich von seiner Kandidatin Reitstunden. \"\/>In der neunten Folge von \u201eBauer sucht Frau\u201c nahm Bauer Friedrich von seiner Kandidatin Reitstunden.  \u00a9\u00a0RTL \/ Stefan Gregorowius<\/p>\n<p class=\"id-StoryElement-leadText\">In der neuen Folge von \u201eBauer sucht Frau\u201c, ging es f\u00fcr Bauer Friedrich aufs Pferd. \u201eIch selber bin kein guter Reiter \u2013 eigentlich gar nicht\u201c, gestand er vorher. <\/p>\n<p class=\"id-StoryElement-paragraph\">Lippetal \u2013 \u201eIn der aktuellen Staffel von \u201aBauer sucht Frau\u2018 ist ER der absolute Liebling\u201c, schreibt RTL \u00fcber den Lippetaler Spargelbauern Friedrich Dieckmann. <a href=\"https:\/\/www.soester-anzeiger.de\/lokales\/lippetal\/tv-start-von-bauer-sucht-frau-lippetaler-landwirt-bricht-alle-rekorde-noch-vor-93999325.html\" class=\"id-import-Link\" data-id-ec=\"{&quot;sht&quot;:&quot;Container&quot;,&quot;shn&quot;:&quot;Story&quot;,&quot;p&quot;:{&quot;containerType&quot;:&quot;Paragraph&quot;,&quot;displayType&quot;:&quot;Paragraph InlineLink&quot;,&quot;type&quot;:&quot;INLINE_LINK&quot;,&quot;value&quot;:&quot;Kein anderer Kandidat erhielt so viele Bewerbungen wie der 29-J&#xE4;hrige&quot;,&quot;variant&quot;:&quot;standardLink&quot;,&quot;sponsored&quot;:false,&quot;linkHref&quot;:&quot;https:\/\/www.soester-anzeiger.de\/lokales\/lippetal\/tv-start-von-bauer-sucht-frau-lippetaler-landwirt-bricht-alle-rekorde-noch-vor-93999325.html&quot;,&quot;storyElementPosition&quot;:8,&quot;storyElementCount&quot;:22}}\" target=\"_blank\" rel=\"noopener\">Kein anderer Kandidat erhielt so viele Bewerbungen wie der 29-J\u00e4hrige<\/a>. Von zahlreichen Interessentinnen und vier eingeladenen Kandidatinnen ist inzwischen nur noch Laura \u00fcbrig. In der vergangenen Folge <a href=\"https:\/\/www.soester-anzeiger.de\/lokales\/lippetal\/geht-mit-laura-nach-kanutour-auf-tuchfuehlung-bauer-sucht-frau-kandidat-friedrich-94076429.html\" class=\"id-import-Link\" data-id-ec=\"{&quot;sht&quot;:&quot;Container&quot;,&quot;shn&quot;:&quot;Story&quot;,&quot;p&quot;:{&quot;containerType&quot;:&quot;Paragraph&quot;,&quot;displayType&quot;:&quot;Paragraph InlineLink&quot;,&quot;type&quot;:&quot;INLINE_LINK&quot;,&quot;value&quot;:&quot;ging es f&#xFC;r die beiden aufs Spargelfeld der Familie Dieckmann.&quot;,&quot;variant&quot;:&quot;standardLink&quot;,&quot;sponsored&quot;:false,&quot;linkHref&quot;:&quot;https:\/\/www.soester-anzeiger.de\/lokales\/lippetal\/geht-mit-laura-nach-kanutour-auf-tuchfuehlung-bauer-sucht-frau-kandidat-friedrich-94076429.html&quot;,&quot;storyElementPosition&quot;:8,&quot;storyElementCount&quot;:22}}\" target=\"_blank\" rel=\"noopener\">ging es f\u00fcr die beiden aufs Spargelfeld der Familie Dieckmann.<\/a><\/p>\n<p>Neue Folge von \u201eBauer sucht Frau\u201c: Kandidat Friedrich wagt sich aufs Pferd <\/p>\n<p class=\"id-StoryElement-paragraph\">In der neunten Folge der Datingshow (Montag, 15. Dezember, im Free-TV) kam es zum Rollentausch: Statt Feldarbeit stand Reiten auf dem Programm. Laura, selbst Pferdebesitzerin, erz\u00e4hlte: \u201eIch reite eigentlich, seitdem ich laufen kann\u201c. Friedrich hingegen hatte <a href=\"https:\/\/www.soester-anzeiger.de\/lokales\/lippetal\/andere-rausgehauen-friedrich-dieckmann-vor-start-von-bauer-sucht-frau-habe-das-ein-oder-94004212.html\" class=\"id-import-Link\" data-id-ec=\"{&quot;sht&quot;:&quot;Container&quot;,&quot;shn&quot;:&quot;Story&quot;,&quot;p&quot;:{&quot;containerType&quot;:&quot;Paragraph&quot;,&quot;displayType&quot;:&quot;Paragraph InlineLink&quot;,&quot;type&quot;:&quot;INLINE_LINK&quot;,&quot;value&quot;:&quot;bereits im Oktober im Gespr&#xE4;ch mit der Redaktion erkl&#xE4;rt&quot;,&quot;variant&quot;:&quot;standardLink&quot;,&quot;sponsored&quot;:false,&quot;linkHref&quot;:&quot;https:\/\/www.soester-anzeiger.de\/lokales\/lippetal\/andere-rausgehauen-friedrich-dieckmann-vor-start-von-bauer-sucht-frau-habe-das-ein-oder-94004212.html&quot;,&quot;storyElementPosition&quot;:11,&quot;storyElementCount&quot;:22}}\" target=\"_blank\" rel=\"noopener\">bereits im Oktober im Gespr\u00e4ch mit der Redaktion erkl\u00e4rt<\/a>, dass seine Familie zwar sieben <a href=\"https:\/\/www.landtiere.de\/pferde\/\" class=\"id-import-Link id-pageApi-Link--externalDomain\" title=\"Pferde\" data-id-ec=\"{&quot;sht&quot;:&quot;Container&quot;,&quot;shn&quot;:&quot;Story&quot;,&quot;p&quot;:{&quot;containerType&quot;:&quot;Paragraph&quot;,&quot;displayType&quot;:&quot;Paragraph InlineLink&quot;,&quot;type&quot;:&quot;INLINE_LINK&quot;,&quot;value&quot;:&quot;Pferde&quot;,&quot;variant&quot;:&quot;standardLink&quot;,&quot;sponsored&quot;:false,&quot;linkHref&quot;:&quot;https:\/\/www.landtiere.de\/pferde\/&quot;,&quot;storyElementPosition&quot;:11,&quot;storyElementCount&quot;:22}}\" target=\"_blank\" rel=\"noopener\">Pferde<\/a> besitzt, er sich selbst jedoch eher f\u00fcr die Feldarbeit als f\u00fcrs Reiten begeistert. \u201eIch selber bin kein guter Reiter \u2013 eigentlich gar nicht\u201c, gestand er auch in der Sendung, wagte sich dennoch in den Sattel und lie\u00df sich von Laura an der Longe f\u00fchren.<\/p>\n<p class=\"id-StoryElement-paragraph\">\u201eK\u00f6rperspannung, jetzt!\u201c, wies sie ihn an, bevor es zun\u00e4chst im Schritt losging. \u201eIch kenne Friedrich inzwischen ja ganz gut. Er hat nat\u00fcrlich erstmal cool getan\u201c, erkl\u00e4rte die Lehrerin aus <a href=\"https:\/\/www.fr.de\/hessen\/\" class=\"id-import-Link id-pageApi-Link--externalDomain\" title=\"Hessen\" data-id-ec=\"{&quot;sht&quot;:&quot;Container&quot;,&quot;shn&quot;:&quot;Story&quot;,&quot;p&quot;:{&quot;containerType&quot;:&quot;Paragraph&quot;,&quot;displayType&quot;:&quot;Paragraph InlineLink&quot;,&quot;type&quot;:&quot;INLINE_LINK&quot;,&quot;value&quot;:&quot;Hessen&quot;,&quot;variant&quot;:&quot;standardLink&quot;,&quot;sponsored&quot;:false,&quot;linkHref&quot;:&quot;https:\/\/www.fr.de\/hessen\/&quot;,&quot;storyElementPosition&quot;:14,&quot;storyElementCount&quot;:22}}\" target=\"_blank\" rel=\"noopener\">Hessen<\/a> sp\u00e4ter grinsend im Interview. Als die Geschwindigkeit erh\u00f6ht wurde, verzog der Lippetaler das Gesicht. \u201eDas war auf jeden Fall ein Anblick, den werde ich so schnell nicht vergessen\u201c, so die Lehrerin. Friedrichs Fazit: \u201eReiten wird jetzt niemals meine gro\u00dfe Leidenschaft oder mein gr\u00f6\u00dftes Hobby. Aber mit ihr mache ich das gerne in Zukunft wieder.\u201c<\/p>\n<p><img decoding=\"async\" class=\"id-RatioPlaceholder-element wv_story_el_image\" src=\"https:\/\/www.europesays.com\/de\/wp-content\/uploads\/2025\/12\/40834300-wenn-man-versteift-auf-der-suche-nach-liebe-ist-findet-man-sie-nicht-die-liebe-findet-einen.jpeg\" loading=\"lazy\"   height=\"679\" width=\"1100\" alt=\"&#x201E;Wenn man versteift auf der Suche nach Liebe ist, findet man sie nicht &#x2013; die Liebe findet einen&#x201C;, sagte Kandidatin Friedrich im Gespr&#xE4;ch mit der Redaktion. \"\/>\u201eWenn man versteift auf der Suche nach Liebe ist, findet man sie nicht \u2013 die Liebe findet einen\u201c, sagte Kandidat Friedrich im Gespr\u00e4ch mit der Redaktion.  \u00a9\u00a0Daniel Schr\u00f6derDrei Folgen verbleiben: Wie geht es weiter?<\/p>\n<p class=\"id-StoryElement-paragraph\">Noch drei Folgen der Datingshow werden im Fernsehen ausgestrahlt. Ob die beiden heute ein Paar sind, wird in den sozialen Netzwerken bereits eifrig diskutiert. Laura erkl\u00e4rte auf Instagram: \u201eAb dem 23. Dezember d\u00fcrfen wir offiziell verraten, wie es bei uns weiterging.\u201c<\/p>\n<p><img decoding=\"async\" class=\"id-RatioPlaceholder-element wv_story_el_image\" src=\"https:\/\/www.europesays.com\/de\/wp-content\/uploads\/2025\/12\/40834307-das-war-auf-jeden-fall-ein-anblick-den-werde-ich-so-schnell-nicht-vergessen-sagte-kandidati.jpeg\" loading=\"lazy\"   height=\"619\" width=\"1100\" alt=\"&#x201E;Das war auf jeden Fall ein Anblick, den werde ich so schnell nicht vergessen&#x201C;, sagte Kandidatin Laura nach der Reitstunde. \"\/>\u201eDas war auf jeden Fall ein Anblick, den werde ich so schnell nicht vergessen\u201c, sagte Kandidatin Laura nach der Reitstunde.  \u00a9\u00a0RTL<\/p>\n<p class=\"id-StoryElement-paragraph\">Zun\u00e4chst waren Laura (26, Lehrerin) und Selina (25, Studentin) zu Besuch auf Friedrichs Hof in Lippetal. \u201e<a href=\"https:\/\/www.soester-anzeiger.de\/lokales\/lippetal\/bauer-sucht-frau-gefallen-bauer-friedrich-schickt-eine-kandidatin-nach-hause-entscheidung-bei-94065603.html\" class=\"id-import-Link\" data-id-ec=\"{&quot;sht&quot;:&quot;Container&quot;,&quot;shn&quot;:&quot;Story&quot;,&quot;p&quot;:{&quot;containerType&quot;:&quot;Paragraph&quot;,&quot;displayType&quot;:&quot;Paragraph InlineLink&quot;,&quot;type&quot;:&quot;INLINE_LINK&quot;,&quot;value&quot;:&quot;Mir ist es ziemlich wichtig, die Zeit mit einer Frau zu verbringen, um sie dann n&#xE4;her kennenzulernen&#x201C;, sagte der 29-J&#xE4;hrige &#x2013; und schickte Selina nach Hause.&quot;,&quot;variant&quot;:&quot;standardLink&quot;,&quot;sponsored&quot;:false,&quot;linkHref&quot;:&quot;https:\/\/www.soester-anzeiger.de\/lokales\/lippetal\/bauer-sucht-frau-gefallen-bauer-friedrich-schickt-eine-kandidatin-nach-hause-entscheidung-bei-94065603.html&quot;,&quot;storyElementPosition&quot;:21,&quot;storyElementCount&quot;:22}}\" target=\"_blank\" rel=\"noopener\">Mir ist es ziemlich wichtig, die Zeit mit einer Frau zu verbringen, um sie dann n\u00e4her kennenzulernen\u201c, sagte der 29-J\u00e4hrige \u2013 und schickte Selina nach Hause.<\/a><\/p>\n<p>Sendetermine<\/p>\n<p class=\"id-StoryElement-factBox-paragraph\"><strong>Folge 10:<\/strong>\u00a0Dienstag, 9. Dezember auf RTL+, 16. Dezember um 20.15 Uhr im TV<br \/><strong>Folge 11:\u00a0<\/strong>Montag, 15. Dezember auf RTL+, 22. Dezember um 20.15 Uhr im TV<br \/><strong>Folge 12:<\/strong>\u00a0Dienstag, 16. Dezember auf RTL+, 23. Dezember um 20.15 Uhr im TV<\/p>\n","protected":false},"excerpt":{"rendered":"Soester Anzeiger Lokales Lippetal Stand: 17.12.2025, 04:46 Uhr Von: Tamara Buckenauer DruckenTeilen In der neunten Folge von \u201eBauer&hellip;\n","protected":false},"author":2,"featured_media":651826,"comment_status":"","ping_status":"","sticky":false,"template":"","format":"standard","meta":{"footnotes":""},"categories":[1773],"tags":[29,214,30,471,1780,215],"class_list":{"0":"post-651825","1":"post","2":"type-post","3":"status-publish","4":"format-standard","5":"has-post-thumbnail","7":"category-serien","8":"tag-deutschland","9":"tag-entertainment","10":"tag-germany","11":"tag-serien","12":"tag-series","13":"tag-unterhaltung"},"share_on_mastodon":{"url":"https:\/\/pubeurope.com\/@de\/115732973753596183","error":""},"_links":{"self":[{"href":"https:\/\/www.europesays.com\/de\/wp-json\/wp\/v2\/posts\/651825","targetHints":{"allow":["GET"]}}],"collection":[{"href":"https:\/\/www.europesays.com\/de\/wp-json\/wp\/v2\/posts"}],"about":[{"href":"https:\/\/www.europesays.com\/de\/wp-json\/wp\/v2\/types\/post"}],"author":[{"embeddable":true,"href":"https:\/\/www.europesays.com\/de\/wp-json\/wp\/v2\/users\/2"}],"replies":[{"embeddable":true,"href":"https:\/\/www.europesays.com\/de\/wp-json\/wp\/v2\/comments?post=651825"}],"version-history":[{"count":0,"href":"https:\/\/www.europesays.com\/de\/wp-json\/wp\/v2\/posts\/651825\/revisions"}],"wp:featuredmedia":[{"embeddable":true,"href":"https:\/\/www.europesays.com\/de\/wp-json\/wp\/v2\/media\/651826"}],"wp:attachment":[{"href":"https:\/\/www.europesays.com\/de\/wp-json\/wp\/v2\/media?parent=651825"}],"wp:term":[{"taxonomy":"category","embeddable":true,"href":"https:\/\/www.europesays.com\/de\/wp-json\/wp\/v2\/categories?post=651825"},{"taxonomy":"post_tag","embeddable":true,"href":"https:\/\/www.europesays.com\/de\/wp-json\/wp\/v2\/tags?post=651825"}],"curies":[{"name":"wp","href":"https:\/\/api.w.org\/{rel}","templated":true}]}}