{"id":651833,"date":"2025-12-17T04:19:26","date_gmt":"2025-12-17T04:19:26","guid":{"rendered":"https:\/\/www.europesays.com\/de\/651833\/"},"modified":"2025-12-17T04:19:26","modified_gmt":"2025-12-17T04:19:26","slug":"afrika-cup-startet-21-spieler-aus-deutschland-dabei-salah-traeumt-vom-erstmaligen-titel","status":"publish","type":"post","link":"https:\/\/www.europesays.com\/de\/651833\/","title":{"rendered":"Afrika-Cup startet: 21 Spieler aus Deutschland dabei \u2013 Salah tr\u00e4umt vom erstmaligen Titel"},"content":{"rendered":"<p>Vom 21. Dezember bis 18. Januar\u00a0<\/p>\n<p>                                    <img decoding=\"async\" src=\"https:\/\/www.europesays.com\/de\/wp-content\/uploads\/2025\/12\/ibrahim-maza-christian-kofane-bayer-04-leverkusen-2025-1765900526-185369.jpg\" title=\"Afrika-Cup startet: 21 Spieler aus Deutschland dabei \u2013 Salah tr\u00e4umt vom erstmaligen Titel\" alt=\"Afrika-Cup startet: 21 Spieler aus Deutschland dabei \u2013 Salah tr\u00e4umt vom erstmaligen Titel\"\/><\/p>\n<p>\n                                       \u00a9IMAGO\n                                    <\/p>\n<p>Am 21. Dezember startet der <a title=\"Afrika-Cup\" href=\"https:\/\/www.transfermarkt.de\/afrika-cup\/startseite\/wettbewerb\/AFCN\" target=\"_blank\" rel=\"noopener\">Afrika-Cup<\/a> in seine 35. Ausgabe. Mit dabei sind dann auch 21 Spieler von deutschen Vereinen, die ihren Klubs damit in den kommenden Wochen fehlen werden. Die meisten stellt <a title=\"Bayer 04 Leverkusen\" href=\"https:\/\/www.transfermarkt.de\/bayer-04-leverkusen\/startseite\/verein\/15\" target=\"_blank\" rel=\"noopener\">Bayer Leverkusen<\/a> mit vier Profis ab. Aber auch Spieler aus der 2., 3. und 4. deutschen Liga wurden f\u00fcr das bis zum 18. Januar in Marokko stattfindende Turnier nominiert. Wertvollster Teilnehmer an der Endrunde ist mit <a title=\"Achraf Hakimi\" href=\"https:\/\/www.transfermarkt.de\/achraf-hakimi\/profil\/spieler\/398073\" target=\"_blank\" rel=\"noopener\">Achraf Hakimi<\/a> ein Spieler des Gastgebers, die Mannschaft mit dem h\u00f6chsten Kaderwert ist der <a title=\"Senegal\" href=\"https:\/\/www.transfermarkt.de\/senegal\/startseite\/verein\/3499\" target=\"_blank\" rel=\"noopener\">Senegal<\/a> mit Bayern M\u00fcnchens <a href=\"https:\/\/www.transfermarkt.de\/nicolas-jackson\/profil\/spieler\/776890\" target=\"_blank\" rel=\"noopener\">Nicolas Jackson<\/a>. Transfermarkt gibt einen \u00dcberblick.<\/p>\n<p><\/p>\n<p>Die Werkself muss vor\u00fcbergehend auf <a title=\"Christian Kofane\" href=\"https:\/\/www.transfermarkt.de\/christian-kofane\/profil\/spieler\/1364454\" target=\"_blank\" rel=\"noopener\">Christian Kofane<\/a> (<a title=\"Kamerun\" href=\"https:\/\/www.transfermarkt.de\/kamerun\/startseite\/verein\/3434\" target=\"_blank\" rel=\"noopener\">Kamerun<\/a>), <a title=\"Edmond Tapsoba\" href=\"https:\/\/www.transfermarkt.de\/edmond-tapsoba\/profil\/spieler\/564545\" target=\"_blank\" rel=\"noopener\">Edmond Tapsoba<\/a> (<a title=\"Burkina Faso\" href=\"https:\/\/www.transfermarkt.de\/burkina-faso\/startseite\/verein\/5872\" target=\"_blank\" rel=\"noopener\">Burkina Faso<\/a>), <a title=\"Eliesse Ben Seghir\" href=\"https:\/\/www.transfermarkt.de\/eliesse-ben-seghir\/profil\/spieler\/810895\" target=\"_blank\" rel=\"noopener\">Eliesse Ben Seghir<\/a> (<a title=\"Marokko\" href=\"https:\/\/www.transfermarkt.de\/marokko\/startseite\/verein\/3575\" target=\"_blank\" rel=\"noopener\">Marokko<\/a>) und <a title=\"Ibrahim Maza\" href=\"https:\/\/www.transfermarkt.de\/ibrahim-maza\/profil\/spieler\/905011\" target=\"_blank\" rel=\"noopener\">Ibrahim Maza<\/a> (<a title=\"Algerien\" href=\"https:\/\/www.transfermarkt.de\/algerien\/startseite\/verein\/3614\" target=\"_blank\" rel=\"noopener\">Algerien<\/a>) verzichten. Wobei Kofane erst nach dem Bundesliga-Topspiel am Samstagabend bei RB Leipzig zu seiner Nationalmannschaft reisen wird (<a href=\"https:\/\/www.transfermarkt.de\/bayer-04-verzogert-abstellung-von-kofane-werkself-profitiert-von-gutem-verhaltnis-zu-etoo\/view\/news\/464366\" target=\"_blank\" rel=\"noopener\">zur News<\/a>). M\u00f6glich wurde dies auch, weil Kamerun erst am 24. Dezember mit der Partie gegen <a title=\"Gabun\" href=\"https:\/\/www.transfermarkt.de\/gabun\/startseite\/verein\/5704\" target=\"_blank\" rel=\"noopener\">Gabun<\/a> startet. Zusammen ist das Leverkusen-Quartett 87 Millionen Euro wert, <a href=\"https:\/\/www.transfermarkt.de\/afrika-cup\/abstellungverein\/pokalwettbewerb\/AFCN\" target=\"_blank\" rel=\"noopener\">nur f\u00fcnf Klubs weltweit stellen Profis mit einem h\u00f6heren Gesamtwert ab<\/a>.<\/p>\n<p><\/p>\n<p>    <img loading=\"lazy\" decoding=\"async\" class=\"innews\" src=\"https:\/\/www.europesays.com\/de\/wp-content\/uploads\/2025\/12\/abstellungen-bundesliga-klubs-afrika-cup-innews-1765898813-185366.png\" alt=\"Abstellungen von Bundesliga-Klubs f\u00fcr den Afrika-Cup\" width=\"503\" height=\"629\"\/><\/p>\n<p>Vorerst ohne drei Spieler auskommen muss der FC Augsburg. <a title=\"Elias Saad\" href=\"https:\/\/www.transfermarkt.de\/elias-saad\/profil\/spieler\/526466\" target=\"_blank\" rel=\"noopener\">Elias Saad<\/a>, <a title=\"Isma\u00ebl Gharbi\" href=\"https:\/\/www.transfermarkt.de\/isma-l-gharbi\/profil\/spieler\/810096\" target=\"_blank\" rel=\"noopener\">Isma\u00ebl Gharbi<\/a> (beide <a title=\"Tunesien\" href=\"https:\/\/www.transfermarkt.de\/tunesien\/startseite\/verein\/3670\" target=\"_blank\" rel=\"noopener\">Tunesien<\/a>) und <a title=\"Samuel Essende\" href=\"https:\/\/www.transfermarkt.de\/samuel-essende\/profil\/spieler\/395522\" target=\"_blank\" rel=\"noopener\">Samuel Essende<\/a> (<a title=\"Demokratische Republik Kongo\" href=\"https:\/\/www.transfermarkt.de\/demokratische-republik-kongo\/startseite\/verein\/3854\" target=\"_blank\" rel=\"noopener\">DR Kongo<\/a>) sind seit Montag f\u00fcr ihre Nationalteams unterwegs. Je ein Duo entsenden RB Leipzig und Eintracht Frankfurt mit <a title=\"Yan Diomande\" href=\"https:\/\/www.transfermarkt.de\/yan-diomande\/profil\/spieler\/1390649\" target=\"_blank\" rel=\"noopener\">Yan Diomande<\/a> (<a title=\"Elfenbeink\u00fcste\" href=\"https:\/\/www.transfermarkt.de\/elfenbeink-ste\/startseite\/verein\/3591\" target=\"_blank\" rel=\"noopener\">Elfenbeink\u00fcste<\/a>) und <a title=\"Amadou Haidara\" href=\"https:\/\/www.transfermarkt.de\/amadou-haidara\/profil\/spieler\/402008\" target=\"_blank\" rel=\"noopener\">Amadou Haidara<\/a> (<a title=\"Mali\" href=\"https:\/\/www.transfermarkt.de\/mali\/startseite\/verein\/3674\" target=\"_blank\" rel=\"noopener\">Mali<\/a>) bzw. <a title=\"Ellyes Skhiri\" href=\"https:\/\/www.transfermarkt.de\/ellyes-skhiri\/profil\/spieler\/290587\" target=\"_blank\" rel=\"noopener\">Ellyes Skhiri<\/a> (Tunesien) und <a title=\"Far\u00e8s Cha\u00efbi\" href=\"https:\/\/www.transfermarkt.de\/far-s-cha-bi\/profil\/spieler\/855015\" target=\"_blank\" rel=\"noopener\">Far\u00e8s Cha\u00efbi<\/a> (Algerien). W\u00e4hrend die Abwesenheit von Diomande bei den Roten Bullen schwer ins Gewicht fallen d\u00fcrfte mit bislang elf Scorern, spielte Haidara keine Rolle und wird sich nach dem Turnier dem Vernehmen nach dem RC Lens anschlie\u00dfen.<\/p>\n<p><\/p>\n<p>Jeweils eine Abstellung gibt es neben den Bayern mit Chelsea-Leihgabe Jackson auch beim VfB Stuttgart mit <a title=\"Bilal El Khannouss\" href=\"https:\/\/www.transfermarkt.de\/bilal-el-khannouss\/profil\/spieler\/654982\" target=\"_blank\" rel=\"noopener\">Bilal El Khannouss<\/a> (Marokko), bei der TSG Hoffenheim mit <a title=\"Bazoumana Tour\u00e9\" href=\"https:\/\/www.transfermarkt.de\/bazoumana-tour-\/profil\/spieler\/1067904\" target=\"_blank\" rel=\"noopener\">Bazoumana Tour\u00e9<\/a> (Elfenbeink\u00fcste), beim SC Freiburg mit <a title=\"Cyriaque Iri\u00e9\" href=\"https:\/\/www.transfermarkt.de\/cyriaque-iri-\/profil\/spieler\/1145064\" target=\"_blank\" rel=\"noopener\">Cyriaque Iri\u00e9<\/a> (Burkina Faso), VfL Wolfsburg mit <a title=\"Mohamed Amoura\" href=\"https:\/\/www.transfermarkt.de\/mohamed-amoura\/profil\/spieler\/746910\" target=\"_blank\" rel=\"noopener\">Mohamed Amoura<\/a> und bei Borussia Dortmund mit <a title=\"Ramy Bensebaini\" href=\"https:\/\/www.transfermarkt.de\/ramy-bensebaini\/profil\/spieler\/284732\" target=\"_blank\" rel=\"noopener\">Ramy Bensebaini<\/a> (beide Algerien). Aus der 2. Bundesliga sind zudem der VfL Bochum mit <a title=\"Ibrahima Sissoko\" href=\"https:\/\/www.transfermarkt.de\/ibrahima-sissoko\/profil\/spieler\/372712\" target=\"_blank\" rel=\"noopener\">Ibrahima Sissoko<\/a> (Mali) und der 1. FC Magdeburg mit <a title=\"Lubambo Musonda\" href=\"https:\/\/www.transfermarkt.de\/lubambo-musonda\/profil\/spieler\/333859\" target=\"_blank\" rel=\"noopener\">Lubambo Musonda<\/a> (<a title=\"Sambia\" href=\"https:\/\/www.transfermarkt.de\/sambia\/startseite\/verein\/3703\" target=\"_blank\" rel=\"noopener\">Sambia<\/a>) betroffen, aus der 3. Liga Erzgebirge Aue mit <a title=\"Jonah Fabisch\" href=\"https:\/\/www.transfermarkt.de\/jonah-fabisch\/profil\/spieler\/405683\" target=\"_blank\" rel=\"noopener\">Jonah Fabisch<\/a> (<a title=\"Simbabwe\" href=\"https:\/\/www.transfermarkt.de\/simbabwe\/startseite\/verein\/3583\" target=\"_blank\" rel=\"noopener\">Simbabwe<\/a>) und aus der Regionalliga die BSG Chemie Leipzig mit <a title=\"Stanley Ratifo\" href=\"https:\/\/www.transfermarkt.de\/stanley-ratifo\/profil\/spieler\/277646\" target=\"_blank\" rel=\"noopener\">Stanley Ratifo<\/a> (<a title=\"Mosambik\" href=\"https:\/\/www.transfermarkt.de\/mosambik\/startseite\/verein\/5129\" target=\"_blank\" rel=\"noopener\">Mosambik<\/a>). Der Mittelst\u00fcrmer hat es abseits der Profis als Amateur schon zum zweiten Mal zur Afrikameisterschaft geschafft.<\/p>\n<p><\/p>\n<p><a href=\"https:\/\/www.transfermarkt.de\/afrika-cup\/nichtberuecksichtigt\/pokalwettbewerb\/AFCN\" target=\"_blank\" rel=\"noopener\">Nicht ber\u00fccksichtigt<\/a> wurden aus deutscher Sicht beispielsweise Werders <a title=\"Victor Boniface\" href=\"https:\/\/www.transfermarkt.de\/victor-boniface\/profil\/spieler\/656681\" target=\"_blank\" rel=\"noopener\">Victor Boniface<\/a>, der an einer Knieprellung laboriert und Leverkusens <a title=\"Nathan Tella\" href=\"https:\/\/www.transfermarkt.de\/nathan-tella\/profil\/spieler\/340322\" target=\"_blank\" rel=\"noopener\">Nathan Tella<\/a> (beide <a title=\"Nigeria\" href=\"https:\/\/www.transfermarkt.de\/nigeria\/startseite\/verein\/3444\" target=\"_blank\" rel=\"noopener\">Nigeria<\/a>). <a href=\"https:\/\/www.transfermarkt.de\/andreas-hountondji\/profil\/spieler\/704155\" target=\"_blank\" rel=\"noopener\">Andr\u00e9as Hountondji<\/a> vom FC St. Pauli war eigentlich von <a title=\"Benin\" href=\"https:\/\/www.transfermarkt.de\/benin\/startseite\/verein\/3955\" target=\"_blank\" rel=\"noopener\">Benin<\/a> nominiert worden, wurde aber wegen einer Verletzung am linken Oberschenkel wieder gestrichen. BVB-St\u00fcrmer <a title=\"Serhou Guirassy\" href=\"https:\/\/www.transfermarkt.de\/serhou-guirassy\/profil\/spieler\/270541\" target=\"_blank\" rel=\"noopener\">Serhou Guirassy<\/a> verpasste die Qualifikation \u2013\u00a0mit einem Marktwert von 45 Mio. Euro w\u00e4re der Guineer <a href=\"https:\/\/www.transfermarkt.de\/afrika-cup\/marktwerte\/pokalwettbewerb\/AFCN\" target=\"_blank\" rel=\"noopener\">Teil der Top-10 der wertvollsten Spieler<\/a> des Afrika-Cups gewesen.<\/p>\n<p>\nHakimi wertvollster Spieler beim Afrika-Cup \u2013 Salah tr\u00e4umt vom ersten Titel<\/p>\n<p>Die Rangliste wird von PSG-Profi Hakimi mit 80 Mio. Euro angef\u00fchrt, der zuletzt nach dem Foul von FC Bayerns <a title=\"Luis D\u00edaz\" href=\"https:\/\/www.transfermarkt.de\/luis-d-az\/profil\/spieler\/480692\" target=\"_blank\" rel=\"noopener\">Luis D\u00edaz<\/a> in der Champions League mit einem verstauchten Kn\u00f6chel ausfiel. Zur marokkanischen Nationalmannschaft reiste Afrikas Fu\u00dfballer des Jahres jedoch ohne Gehhilfen an und konnte sein individuelles Training aufnehmen. Mindestens 50 Mio. Euro wert sind zudem neben Hakimi und Jackson f\u00fcnf weitere Profis, darunter der Ex-Frankfurter <a title=\"Omar Marmoush\" href=\"https:\/\/www.transfermarkt.de\/omar-marmoush\/profil\/spieler\/445939\" target=\"_blank\" rel=\"noopener\">Omar Marmoush<\/a> (<a title=\"\u00c4gypten\" href=\"https:\/\/www.transfermarkt.de\/-gypten\/startseite\/verein\/3672\" target=\"_blank\" rel=\"noopener\">\u00c4gypten<\/a>) und Galatasarays <a title=\"Victor Osimhen\" href=\"https:\/\/www.transfermarkt.de\/victor-osimhen\/profil\/spieler\/401923\" target=\"_blank\" rel=\"noopener\">Victor Osimhen<\/a> (Nigeria).<\/p>\n<p><\/p>\n<p>Die meisten Schlagzeilen vor dem Turnier produzierte <a title=\"Mohamed Salah\" href=\"https:\/\/www.transfermarkt.de\/mohamed-salah\/profil\/spieler\/148455\" target=\"_blank\" rel=\"noopener\">Mohamed Salah<\/a>. Der Offensivstar des kriselnden FC Liverpool beschwerte sich \u00f6ffentlich \u00fcber seine geringen Einsatzzeiten, weswegen seine Zukunft bei den Reds nach dem Afrika-Cup auch nach einem kl\u00e4renden Gespr\u00e4ch mit Trainer Arne Slot offen ist. F\u00fcr den Kapit\u00e4n der \u00c4gypter ist es seine f\u00fcnfte Teilnahme an der Afrikameisterschaft, den Titel konnte er bislang noch nicht gewinnen und mit 33 Jahren wird die Zeit langsam knapp.<\/p>\n<p><\/p>\n<p>Auch <a title=\"Pierre-Emerick Aubameyang\" href=\"https:\/\/www.transfermarkt.de\/pierre-emerick-aubameyang\/profil\/spieler\/58864\" target=\"_blank\" rel=\"noopener\">Pierre-Emerick Aubameyang<\/a> tr\u00e4umt mit 36 Jahren weiter davon, erstmals diese Troph\u00e4e in seinen H\u00e4nden zu halten. Der fr\u00fchere Dortmunder wird Gabun im ersten Gruppenspiel aber fehlen. Eine Verletzung an der R\u00fcckseite des linken Oberschenkels, die sich der St\u00fcrmer am Wochenende in Diensten Olympique Marseilles zugezogen hatte, soll zun\u00e4chst in Frankreich behandelt werden. Bitter f\u00fcr seine Nationalmannschaft, denn der F\u00fchrungsspieler war zuvor mit 18 Scorer in 20 Partien f\u00fcr OM gl\u00e4nzend aufgelegt.<\/p>\n<p><\/p>\n<p>Seit 2019 umfasst das Teilnehmerfeld des Afrika-Cups 24 Nationen, die in der Vorrunde in sechs Gruppen mit je vier Mannschaften um den Einzug in die Endrunde k\u00e4mpfen. Die beiden bestplatzierten Teams sowie vier der sechs Dritten ziehen ins Achtelfinale ein. Als Favoriten gelten zahlreiche Nationen, <a href=\"https:\/\/www.transfermarkt.de\/afrika-cup\/erfolge\/pokalwettbewerb\/AFCN\" target=\"_blank\" rel=\"noopener\">denn bei den letzten sieben Ausgaben konnte kein Land seinen Titel verteidigen<\/a>. Aktueller Champion ist die Elfenbeink\u00fcste, auf die Deutschland bei der WM im n\u00e4chsten Jahr treffen wird, dazu kommen Senegal, Rekordsieger \u00c4gypten, Gastgeber Marokko, Nigeria, Algerien oder Kamerun. \u00dcbertragen wird der Afrika-Cup von \u201eSportdigital\u201c, das auch \u00fcber \u201eDAZN\u201c empfangbar ist.<\/p>\n<p><\/p>\n","protected":false},"excerpt":{"rendered":"Vom 21. Dezember bis 18. Januar\u00a0 \u00a9IMAGO Am 21. Dezember startet der Afrika-Cup in seine 35. Ausgabe. Mit&hellip;\n","protected":false},"author":2,"featured_media":651834,"comment_status":"","ping_status":"","sticky":false,"template":"","format":"standard","meta":{"footnotes":""},"categories":[136],"tags":[69082,148728,578,16300,95565,152782,104875,63825,58993,8442,29,152778,63828,75785,152779,152780,152781,15168,30,10588,104114,7356,3876,98382,1303,152777,92857,13235,152783,89222,112250,43306,39878,265,129697,20303,89062,97243],"class_list":{"0":"post-651833","1":"post","2":"type-post","3":"status-publish","4":"format-standard","5":"has-post-thumbnail","7":"category-sport","8":"tag-achraf-hakimi","9":"tag-afrika-cup","10":"tag-aegypten","11":"tag-algerien","12":"tag-amadou-haidara","13":"tag-bazoumana-toure","14":"tag-bilal-el-khannouss","15":"tag-burkina-faso","16":"tag-christian-kofane","17":"tag-cyriaque-irie","18":"tag-deutschland","19":"tag-edmond-tapsoba","20":"tag-elfenbeinkueste","21":"tag-elias-saad","22":"tag-eliesse-ben-seghir","23":"tag-ellyes-skhiri","24":"tag-fares-chaibi","25":"tag-gabun","26":"tag-germany","27":"tag-ibrahim-maza","28":"tag-ismael-gharbi","29":"tag-kamerun","30":"tag-marokko","31":"tag-mohamed-amoura","32":"tag-mohamed-salah","33":"tag-mosambik","34":"tag-nicolas-jackson","35":"tag-nigeria","36":"tag-omar-marmoush","37":"tag-pierre-emerick-aubameyang","38":"tag-ramy-bensebaini","39":"tag-samuel-essende","40":"tag-senegal","41":"tag-sport","42":"tag-stanley-ratifo","43":"tag-tunesien","44":"tag-victor-osimhen","45":"tag-yan-diomande"},"share_on_mastodon":{"url":"","error":"Validation failed: Text character limit of 500 exceeded"},"_links":{"self":[{"href":"https:\/\/www.europesays.com\/de\/wp-json\/wp\/v2\/posts\/651833","targetHints":{"allow":["GET"]}}],"collection":[{"href":"https:\/\/www.europesays.com\/de\/wp-json\/wp\/v2\/posts"}],"about":[{"href":"https:\/\/www.europesays.com\/de\/wp-json\/wp\/v2\/types\/post"}],"author":[{"embeddable":true,"href":"https:\/\/www.europesays.com\/de\/wp-json\/wp\/v2\/users\/2"}],"replies":[{"embeddable":true,"href":"https:\/\/www.europesays.com\/de\/wp-json\/wp\/v2\/comments?post=651833"}],"version-history":[{"count":0,"href":"https:\/\/www.europesays.com\/de\/wp-json\/wp\/v2\/posts\/651833\/revisions"}],"wp:featuredmedia":[{"embeddable":true,"href":"https:\/\/www.europesays.com\/de\/wp-json\/wp\/v2\/media\/651834"}],"wp:attachment":[{"href":"https:\/\/www.europesays.com\/de\/wp-json\/wp\/v2\/media?parent=651833"}],"wp:term":[{"taxonomy":"category","embeddable":true,"href":"https:\/\/www.europesays.com\/de\/wp-json\/wp\/v2\/categories?post=651833"},{"taxonomy":"post_tag","embeddable":true,"href":"https:\/\/www.europesays.com\/de\/wp-json\/wp\/v2\/tags?post=651833"}],"curies":[{"name":"wp","href":"https:\/\/api.w.org\/{rel}","templated":true}]}}