{"id":651837,"date":"2025-12-17T04:21:23","date_gmt":"2025-12-17T04:21:23","guid":{"rendered":"https:\/\/www.europesays.com\/de\/651837\/"},"modified":"2025-12-17T04:21:23","modified_gmt":"2025-12-17T04:21:23","slug":"erste-karte-der-sonnengrenze-erstellt-messdaten-von-sonnensonden-zeigen-erstmals-die-genaue-form-und-lage-der-korona-aussengrenze","status":"publish","type":"post","link":"https:\/\/www.europesays.com\/de\/651837\/","title":{"rendered":"Erste Karte der Sonnengrenze erstellt &#8211; Messdaten von Sonnensonden zeigen erstmals die genaue Form und Lage der Korona-Au\u00dfengrenze"},"content":{"rendered":"<p>Koronagrenze bl\u00e4ht sich auf<\/p>\n<p>Dadurch ist es Badman und seinem Team jetzt erstmals gelungen, die Alfv\u00e9n-Oberfl\u00e4che der Sonne zu kartieren. Daf\u00fcr werteten sie Messdaten der Parker Solar Probe aus und kombinierten sie mit Daten von Sonnenobservatorien sowie von der ESA-Sonnensonde Solar Orbiter. Dadurch konnten sie Lage und Form der Alfv\u00e9n-Oberfl\u00e4che w\u00e4hrend der ersten H\u00e4lfte des aktuellen Sonnenzyklus bestimmen. \u201eWichtig auch: Wir k\u00f6nnen sehen, wie sich diese Sonnengrenze im Laufe der Zeit ver\u00e4ndert\u201c, sagt Badman.<\/p>\n<p>Die Kartierung zeigt eine solare Au\u00dfengrenze, die eher der stacheligen Schale einer Kastanie \u00e4hnelt als einer Kugel. Im Schnitt liegt die Alfv\u00e9n-Oberfl\u00e4che zwischen zw\u00f6lf und 23 Sonnenradien von der Sonnenoberfl\u00e4che entfernt. Allerdings ver\u00e4ndert sie sich im Verlauf des Sonnenzyklus: \u201eDie durchschnittliche H\u00f6he der Oberfl\u00e4che nimmt im Verlauf des Sonnenzyklus zu\u201c, berichten die Astronomen. Dabei bl\u00e4ht sich die Sonnengrenze weiter auf, je n\u00e4her das <a href=\"https:\/\/www.scinexx.de\/news\/kosmos\/das-solare-maximum-ist-da\/\" rel=\"nofollow noopener\" target=\"_blank\">solare Maximum<\/a> r\u00fcckt \u2013 um insgesamt bis zu 30 Prozent.<br \/>\n<a href=\"https:\/\/www.scinexx.de\/wp-content\/uploads\/s\/o\/sonnengrenze3g.jpg\" data-lightbox=\"https:\/\/www.scinexx.de\/wp-content\/uploads\/s\/o\/sonnengrenze3g.jpg\" rel=\"nofollow noopener\" target=\"_blank\"><a href=\"https:\/\/www.scinexx.de\/wp-content\/uploads\/s\/o\/sonnengrenze3g.jpg\" data-lightbox=\"https:\/\/www.scinexx.de\/wp-content\/uploads\/s\/o\/sonnengrenze3g.jpg\" rel=\"nofollow noopener\" target=\"_blank\"><img loading=\"lazy\" decoding=\"async\" class=\"wp-image-310171\" src=\"https:\/\/www.europesays.com\/de\/wp-content\/uploads\/2025\/12\/sonnengrenze3g-220x300.jpg\" alt=\"Alfv\u00e9n-Oberfl\u00e4chen im Vergleich\" width=\"300\" height=\"409\"  \/><\/a>Die Daten zeigen, dass die Alfv\u00e9n-Oberfl\u00e4che der Sonnenkorona auf dem Weg zum solaren Maximum immer stacheliger und aufgebl\u00e4hter wird. \u00a9 Badman et al.\/ Astrophysical Journal Letters, <a href=\"http:\/\/creativecommons.org\/licenses\/by\/4.0\" target=\"_blank\" rel=\"noopener nofollow\">CC-by 4.0<\/a>\n<\/p>\n<p>Stachelball statt s\u00e4uberlicher Kugel<\/p>\n<p>Das ist aber nicht alles: Wenn sich die Sonne ihrem Aktivit\u00e4tsmaximum n\u00e4hert, wird auch ihre Korona-Au\u00dfengrenze zunehmend stacheliger und asymmetrischer. \u201eDie Form der Alfv\u00e9n-Oberfl\u00e4che wird auf dem Weg zum solaren Maximum deutlich stacheliger\u201c, berichten Badman und sein Team. \u201eAu\u00dferdem werden auch gro\u00dfe, pl\u00f6tzlich auftretende Ausst\u00fclpungen der Grenze h\u00e4ufiger.\u201c\n<\/p>\n<p>Die Messdaten der Parker Solar Probe zeigen au\u00dferdem einen direkten Zusammenhang dieser Spikes und der H\u00f6henlage der Koronagrenze mit den Sonnenflecken. So flachte sich die Stachelform der Alfv\u00e9n-Oberfl\u00e4che von Mitte 2023 an f\u00fcr einige Monate lang leicht ab. \u201eDas traf zeitlich mit einer Phase leicht verringerter Sonnenfleckenzahlen zusammen\u201c, berichten die Astronomen. Dies best\u00e4tigt die Annahme, dass die Au\u00dfengrenze der Korona stark von der lokalen Form und Intensit\u00e4t des Sonnenmagnetfelds beeinflusst wird.\n<\/p>\n<p>\u201eSpannende \u00c4ra\u201c<\/p>\n<p>Die neue Kartierung hilft damit, die theoretischen Modelle der solaren Physik zu \u00fcberpr\u00fcfen und zu verbessern. Zudem k\u00f6nnen die neuen Daten dabei helfen, noch offene Fragen zu den Prozessen in der Sonnenatmosph\u00e4re zu kl\u00e4ren. \u201eDie von der Parker Solar Probe tief unter der Alfv\u00e9n-Oberfl\u00e4che gesammelten Daten k\u00f6nnen beispielsweise kl\u00e4ren helfen, warum die Sonnenkorona so hei\u00df ist\u201c, sagt Badman. Auch Modelle des Sonnenwinds und die Vorhersage von Sonnenst\u00fcrmen k\u00f6nnten durch diese Daten pr\u00e4ziser werden.\n<\/p>\n<p>\u201eEs gibt noch einige faszinierende Fragen zur Sonne, f\u00fcr die wir noch keine vollst\u00e4ndigen Antworten haben\u201c, erkl\u00e4rt Badmans Kollege Michael Stevens. \u201eDank der Parker Solar Probe hat nun eine spannende \u00c4ra begonnen, in der wir viele dieser Prozesse und ihre Entwicklung im Sonnenzyklus direkt beobachten k\u00f6nnen.\u201c (Astrophysical Journal Letters, 2025; <a href=\"https:\/\/iopscience.iop.org\/article\/10.3847\/2041-8213\/ae0e5c\" target=\"_blank\" rel=\"noopener nofollow\">doi: 10.3847\/2041-8213\/ae0e5c<\/a>)\n<\/p>\n<p>Quelle: Center for Astrophysics | Harvard &amp; Smithsonian<br \/>\n&#13;<br \/>\n\t&#13;<br \/>\n\t&#13;<br \/>\n\t&#13;<br \/>\n&#13;<br \/>\n\t&#13;<br \/>\n&#13;<br \/>\n&#13;\n\t<\/p>\n<p>17. Dezember 2025\t&#13;<br \/>\n\t&#13;<br \/>\n\t &#8211; Nadja Podbregar<\/p>\n","protected":false},"excerpt":{"rendered":"Koronagrenze bl\u00e4ht sich auf Dadurch ist es Badman und seinem Team jetzt erstmals gelungen, die Alfv\u00e9n-Oberfl\u00e4che der Sonne&hellip;\n","protected":false},"author":2,"featured_media":651838,"comment_status":"","ping_status":"","sticky":false,"template":"","format":"standard","meta":{"footnotes":""},"categories":[135],"tags":[152784,29,30,152785,31525,190,189,152786,4747,26958,31528,152787,194,191,193,192],"class_list":{"0":"post-651837","1":"post","2":"type-post","3":"status-publish","4":"format-standard","5":"has-post-thumbnail","7":"category-wissenschaft-technik","8":"tag-alfven","9":"tag-deutschland","10":"tag-germany","11":"tag-korona","12":"tag-parker-solar-probe","13":"tag-science","14":"tag-science-technology","15":"tag-sonennkorona","16":"tag-sonne","17":"tag-sonnenforschung","18":"tag-sonnensonde","19":"tag-sonnenwind","20":"tag-technik","21":"tag-technology","22":"tag-wissenschaft","23":"tag-wissenschaft-technik"},"share_on_mastodon":{"url":"https:\/\/pubeurope.com\/@de\/115732996731865343","error":""},"_links":{"self":[{"href":"https:\/\/www.europesays.com\/de\/wp-json\/wp\/v2\/posts\/651837","targetHints":{"allow":["GET"]}}],"collection":[{"href":"https:\/\/www.europesays.com\/de\/wp-json\/wp\/v2\/posts"}],"about":[{"href":"https:\/\/www.europesays.com\/de\/wp-json\/wp\/v2\/types\/post"}],"author":[{"embeddable":true,"href":"https:\/\/www.europesays.com\/de\/wp-json\/wp\/v2\/users\/2"}],"replies":[{"embeddable":true,"href":"https:\/\/www.europesays.com\/de\/wp-json\/wp\/v2\/comments?post=651837"}],"version-history":[{"count":0,"href":"https:\/\/www.europesays.com\/de\/wp-json\/wp\/v2\/posts\/651837\/revisions"}],"wp:featuredmedia":[{"embeddable":true,"href":"https:\/\/www.europesays.com\/de\/wp-json\/wp\/v2\/media\/651838"}],"wp:attachment":[{"href":"https:\/\/www.europesays.com\/de\/wp-json\/wp\/v2\/media?parent=651837"}],"wp:term":[{"taxonomy":"category","embeddable":true,"href":"https:\/\/www.europesays.com\/de\/wp-json\/wp\/v2\/categories?post=651837"},{"taxonomy":"post_tag","embeddable":true,"href":"https:\/\/www.europesays.com\/de\/wp-json\/wp\/v2\/tags?post=651837"}],"curies":[{"name":"wp","href":"https:\/\/api.w.org\/{rel}","templated":true}]}}