{"id":651841,"date":"2025-12-17T04:23:14","date_gmt":"2025-12-17T04:23:14","guid":{"rendered":"https:\/\/www.europesays.com\/de\/651841\/"},"modified":"2025-12-17T04:23:14","modified_gmt":"2025-12-17T04:23:14","slug":"us-praesident-droht-maduro-trump-will-venezuelas-oelfelder-politik","status":"publish","type":"post","link":"https:\/\/www.europesays.com\/de\/651841\/","title":{"rendered":"US-Pr\u00e4sident droht Maduro: Trump will Venezuelas \u00d6lfelder | Politik"},"content":{"rendered":"<p>Washington \u2013 <b>Die USA erh\u00f6hen den Druck auf Venezuela! Ex-Pr\u00e4sident Donald Trump (79) hat eine Blockade f\u00fcr alle sanktionierten \u00d6ltanker von und nach Venezuela angeordnet und die Regierung des Landes zur \u201eausl\u00e4ndischen Terrororganisation\u201c erkl\u00e4rt.<\/b><\/p>\n<p>Der \u00d6lpreis reagierte sofort. US-Roh\u00f6l (WTI) verteuerte sich am Mittwoch um 1,3 Prozent auf 55,99 Dollar pro Barrel. <\/p>\n<p><b>Wie die Blockade gegen sanktionierte \u00d6ltanker konkret durchgesetzt werden soll, ist bislang unklar. Allerdings haben die USA bereits Tausende Soldaten, Kampfjets sowie fast ein Dutzend Kriegsschiffe \u2013 darunter einen Flugzeugtr\u00e4ger \u2013 in die Region verlegt.<\/b><\/p>\n<p><img decoding=\"async\" width=\"992\" height=\"558\" alt=\"Ein vom Energiekonzern Chevron gecharterter \u00d6ltanker in Venezuela\" src=\"https:\/\/www.europesays.com\/de\/wp-content\/uploads\/2025\/12\/bc8145487dd5d4857c7813ae496a30dc,6ccf943f\"   class=\"landscape\" loading=\"lazy\"\/><\/p>\n<p class=\"fig__caption__text\">Ein vom Energiekonzern Chevron gecharterter \u00d6ltanker in Venezuela <\/p>\n<p>Foto: Isaac Urrutia\/REUTERS<\/p>\n<p> Trump drohte am Dienstag (Ortszeit) mit weiterer Aufstockung der US-Flotte in der Karibik. Sie sei die gr\u00f6\u00dfte, die je in S\u00fcdamerika stationiert wurde \u2013 und werde wachsen, bis Venezuela \u00d6lfelder und Verm\u00f6genswerte \u201ezur\u00fcckgibt\u201c, schrieb er auf Truth Social. <\/p>\n<p>Kriegsschiffe vor Venezuelas K\u00fcste<\/p>\n<p>Weiter: \u201eWegen des Diebstahls unserer Verm\u00f6genswerte und aus vielen anderen Gr\u00fcnden, darunter Terrorismus, Drogenschmuggel und Menschenhandel, wurde das venezolanische Regime zu einer ausl\u00e4ndischen Terrororganisation erkl\u00e4rt\u201c, so der US-Pr\u00e4sident.<\/p>\n<p>Zuvor drohte <a href=\"https:\/\/www.bild.de\/politik\/leute\/donald-trump\/thema-donald-trump-alle-infos-80018378.bild.html\" class=\"text-link\" rel=\"nofollow noopener\" target=\"_blank\">Trump<\/a> bereits mehrfach mit dem Einsatz von Bodentruppen. Nach US-Angaben wurden mehr als zwei Dutzend Milit\u00e4rschl\u00e4ge gegen angebliche Drogenboote geflogen \u2013 dabei kamen mindestens 90 Menschen ums Leben. <\/p>\n<p>Mehr zum Thema<\/p>\n<p><a href=\"https:\/\/www.bild.de\/politik\/ausland-und-internationales\/donald-trump-usa-haben-tanker-vor-venezuela-beschlagnahmt-6939e6b211f914c89b8599e1\" class=\"text-link\" rel=\"nofollow noopener\" target=\"_blank\">Nach der Beschlagnahmung eines Tankers<\/a> durch das US-Milit\u00e4r vergangene Woche liegen zahlreiche \u00d6ltanker in venezolanischen Gew\u00e4ssern fest \u2013 aus Angst vor weiteren Zugriffen. Chinesische Abnehmer fordern wegen des hohen Risikos deutliche Preisnachl\u00e4sse. Insider berichten, dass Venezuelas Haupt\u00f6lsorte Merey teilweise 21 Dollar unter dem Brent-Preis gehandelt wird.<\/p>\n<p><img decoding=\"async\" width=\"992\" height=\"558\" alt=\"Nach dem US-Soldaten einen \u00d6ltanker in der Karibik gest\u00fcrmt hatten, kam es in Venezuela zu Protesten\" src=\"https:\/\/www.europesays.com\/de\/wp-content\/uploads\/2025\/12\/4772a28cb3a3cb1f4ebdd0423118256b,7cc0a656\"   class=\"landscape\" loading=\"lazy\"\/><\/p>\n<p class=\"fig__caption__text\">Nach dem US-Soldaten einen \u00d6ltanker in der Karibik gest\u00fcrmt hatten, kam es in Venezuela zu Protesten<\/p>\n<p>Foto: EPA<\/p>\n<p>Maduro reagiert auf Trumps Drohung <\/p>\n<p>Anfang der 2000er Jahre verstaatlichte Venezuela zahlreiche \u00d6lfelder \u2013 betroffen waren auch ausl\u00e4ndische und US-Unternehmen. Es folgte ein langwieriger Streit um Entsch\u00e4digungen. Venezuelas Machthaber Nicol\u00e1s Maduro wies die j\u00fcngsten Forderungen von Trump zur\u00fcck. Die \u201egroteske Drohung\u201c sei ein schwerwiegender Versto\u00df gegen das V\u00f6lkerrecht, erkl\u00e4rte er.<\/p>\n<p><b>Maduro wirft den USA zudem vor, sein Land kolonisieren zu wollen, um sich \u00d6l-, Gas- und Goldreserven zu sichern. Er spricht von einem geplanten Umsturz durch die massive US-Milit\u00e4rpr\u00e4senz. Trump hatte bereits mehrfach betont, Maduros Tage seien gez\u00e4hlt.<\/b><\/p>\n<p>Trotz der Krise arbeitet der staatliche \u00d6lkonzern PDVSA weiter, wie die \u00d6lministerin versicherte. Ein Cyberangriff legte jedoch in dieser Woche die Verwaltungssysteme lahm \u2013 \u00d6llieferungen wurden vor\u00fcbergehend gestoppt.<\/p>\n","protected":false},"excerpt":{"rendered":"Washington \u2013 Die USA erh\u00f6hen den Druck auf Venezuela! Ex-Pr\u00e4sident Donald Trump (79) hat eine Blockade f\u00fcr alle&hellip;\n","protected":false},"author":2,"featured_media":651842,"comment_status":"","ping_status":"","sticky":false,"template":"","format":"standard","meta":{"footnotes":""},"categories":[3],"tags":[433,13,93118,14,15,12,138370,45,10,8,9,11,1017,64,1700,103,104],"class_list":{"0":"post-651841","1":"post","2":"type-post","3":"status-publish","4":"format-standard","5":"has-post-thumbnail","7":"category-welt","8":"tag-drogen","9":"tag-headlines","10":"tag-maduro-nicolas","11":"tag-nachrichten","12":"tag-news","13":"tag-schlagzeilen","14":"tag-team-first","15":"tag-texttospeech","16":"tag-top-news","17":"tag-top-meldungen","18":"tag-topmeldungen","19":"tag-topnews","20":"tag-trump-donald","21":"tag-usa","22":"tag-venezuela","23":"tag-welt","24":"tag-world"},"share_on_mastodon":{"url":"https:\/\/pubeurope.com\/@de\/115733005823296440","error":""},"_links":{"self":[{"href":"https:\/\/www.europesays.com\/de\/wp-json\/wp\/v2\/posts\/651841","targetHints":{"allow":["GET"]}}],"collection":[{"href":"https:\/\/www.europesays.com\/de\/wp-json\/wp\/v2\/posts"}],"about":[{"href":"https:\/\/www.europesays.com\/de\/wp-json\/wp\/v2\/types\/post"}],"author":[{"embeddable":true,"href":"https:\/\/www.europesays.com\/de\/wp-json\/wp\/v2\/users\/2"}],"replies":[{"embeddable":true,"href":"https:\/\/www.europesays.com\/de\/wp-json\/wp\/v2\/comments?post=651841"}],"version-history":[{"count":0,"href":"https:\/\/www.europesays.com\/de\/wp-json\/wp\/v2\/posts\/651841\/revisions"}],"wp:featuredmedia":[{"embeddable":true,"href":"https:\/\/www.europesays.com\/de\/wp-json\/wp\/v2\/media\/651842"}],"wp:attachment":[{"href":"https:\/\/www.europesays.com\/de\/wp-json\/wp\/v2\/media?parent=651841"}],"wp:term":[{"taxonomy":"category","embeddable":true,"href":"https:\/\/www.europesays.com\/de\/wp-json\/wp\/v2\/categories?post=651841"},{"taxonomy":"post_tag","embeddable":true,"href":"https:\/\/www.europesays.com\/de\/wp-json\/wp\/v2\/tags?post=651841"}],"curies":[{"name":"wp","href":"https:\/\/api.w.org\/{rel}","templated":true}]}}