{"id":651848,"date":"2025-12-17T04:28:41","date_gmt":"2025-12-17T04:28:41","guid":{"rendered":"https:\/\/www.europesays.com\/de\/651848\/"},"modified":"2025-12-17T04:28:41","modified_gmt":"2025-12-17T04:28:41","slug":"nobel-prize-lecture-2026-ihk-aachen","status":"publish","type":"post","link":"https:\/\/www.europesays.com\/de\/651848\/","title":{"rendered":"Nobel Prize Lecture 2026\n&#8211; IHK Aachen"},"content":{"rendered":"<p>\nAm 26. Januar 2026 l\u00e4dt das WiWi Network herzlich zur Nobel Prize Lecture 2026 in die R\u00e4umlichkeiten der IHK Aachen ein. Im Mittelpunkt stehen die Arbeiten der Wirtschaftsnobelpreistr\u00e4ger*innen der Jahre 2025 und 2000 sowie die Frage, wie ihre Forschung bis heute wirtschaftswissenschaftliches Denken und gesellschaftliche Debatten pr\u00e4gt.\n<\/p>\n<p>Wirtschaftsnobelpreise, die unsere Welt gepr\u00e4gt haben<\/p>\n<p>\nProfessorinnen und Professoren der wirtschaftswissenschaftlichen Fakult\u00e4t der RWTH Aachen stellen die zentralen Ideen dieser Forschungsarbeiten verst\u00e4ndlich und praxisnah vor. Dabei geht es sowohl um langfristiges wirtschaftliches Wachstum durch Innovation als auch um grundlegende methodische Ans\u00e4tze der modernen empirischen Wirtschaftsforschung.\n<\/p>\n<p>\nDen ersten Teil der Veranstaltung bildet ein Vortrag zu den Arbeiten von Aghion, Mokyr und Howitt, den Wirtschaftsnobelpreistr\u00e4gern des Jahres 2025. Prof. Dr. Wim Naud\u00e9 (Lehrstuhl f\u00fcr Betriebswirtschaftslehre, insbesondere Technologie- und Innovationsmanagement) zeigt, warum Innovation und technologischer Wandel entscheidende Treiber nachhaltigen Wachstums sind und weshalb diese Konzepte bis heute hohe Relevanz besitzen.\n<\/p>\n<p>\nIm zweiten Teil steht der Wirtschaftsnobelpreis des Jahres 2000 im Fokus. Prof. Dr. Michaela Kesina (Lehr- und Forschungsgebiet Angewandte \u00d6konometrie) erl\u00e4utert die Bedeutung von James Heckmans Selektionskorrektur, einem Ansatz, der die empirische Wirtschaftsforschung nachhaltig ver\u00e4ndert hat.\n<\/p>\n<p>\nDie Nobel Prize Lecture verbindet wissenschaftliche Exzellenz mit gesellschaftlicher Relevanz und richtet sich an alle, die sich f\u00fcr wirtschaftliche Zusammenh\u00e4nge, Forschung und aktuelle Fragestellungen interessieren.\n<\/p>\n<p>Wann?<\/p>\n<p>\nMontag, 26. Januar 2026, 18 Uhr\n<\/p>\n<p>Wo?<\/p>\n<p>\nIHK Aachen, Gro\u00dfes Foyer\n<\/p>\n<p>Sprache? <\/p>\n<p>\nEnglisch\n<\/p>\n<p><a data-linktypeicon=\"CMExternalLink\" title=\"externer Link\" href=\"https:\/\/www.wiwi-network.rwth-aachen.de\/der-ausblick-auf\/nobel-prize-lecture-2026\/\" target=\"_blank\" rel=\"noopener\">Hier finden Sie weitere Informationen und eine kostenfreie Anmeldem\u00f6glichkeit.<\/a><\/p>\n","protected":false},"excerpt":{"rendered":"Am 26. Januar 2026 l\u00e4dt das WiWi Network herzlich zur Nobel Prize Lecture 2026 in die R\u00e4umlichkeiten der&hellip;\n","protected":false},"author":2,"featured_media":651849,"comment_status":"","ping_status":"","sticky":false,"template":"","format":"standard","meta":{"footnotes":""},"categories":[1853],"tags":[1424,3364,29,548,663,3934,30,13,14,15,1209,12],"class_list":{"0":"post-651848","1":"post","2":"type-post","3":"status-publish","4":"format-standard","5":"has-post-thumbnail","7":"category-aachen","8":"tag-aachen","9":"tag-de","10":"tag-deutschland","11":"tag-eu","12":"tag-europa","13":"tag-europe","14":"tag-germany","15":"tag-headlines","16":"tag-nachrichten","17":"tag-news","18":"tag-nordrhein-westfalen","19":"tag-schlagzeilen"},"share_on_mastodon":{"url":"https:\/\/pubeurope.com\/@de\/115733024179171425","error":""},"_links":{"self":[{"href":"https:\/\/www.europesays.com\/de\/wp-json\/wp\/v2\/posts\/651848","targetHints":{"allow":["GET"]}}],"collection":[{"href":"https:\/\/www.europesays.com\/de\/wp-json\/wp\/v2\/posts"}],"about":[{"href":"https:\/\/www.europesays.com\/de\/wp-json\/wp\/v2\/types\/post"}],"author":[{"embeddable":true,"href":"https:\/\/www.europesays.com\/de\/wp-json\/wp\/v2\/users\/2"}],"replies":[{"embeddable":true,"href":"https:\/\/www.europesays.com\/de\/wp-json\/wp\/v2\/comments?post=651848"}],"version-history":[{"count":0,"href":"https:\/\/www.europesays.com\/de\/wp-json\/wp\/v2\/posts\/651848\/revisions"}],"wp:featuredmedia":[{"embeddable":true,"href":"https:\/\/www.europesays.com\/de\/wp-json\/wp\/v2\/media\/651849"}],"wp:attachment":[{"href":"https:\/\/www.europesays.com\/de\/wp-json\/wp\/v2\/media?parent=651848"}],"wp:term":[{"taxonomy":"category","embeddable":true,"href":"https:\/\/www.europesays.com\/de\/wp-json\/wp\/v2\/categories?post=651848"},{"taxonomy":"post_tag","embeddable":true,"href":"https:\/\/www.europesays.com\/de\/wp-json\/wp\/v2\/tags?post=651848"}],"curies":[{"name":"wp","href":"https:\/\/api.w.org\/{rel}","templated":true}]}}