{"id":651851,"date":"2025-12-17T04:32:16","date_gmt":"2025-12-17T04:32:16","guid":{"rendered":"https:\/\/www.europesays.com\/de\/651851\/"},"modified":"2025-12-17T04:32:16","modified_gmt":"2025-12-17T04:32:16","slug":"fachkraefte-fuer-neue-poliklinik-im-simmel-neubau-gesucht","status":"publish","type":"post","link":"https:\/\/www.europesays.com\/de\/651851\/","title":{"rendered":"Fachkr\u00e4fte f\u00fcr neue Poliklinik im Simmel-Neubau gesucht"},"content":{"rendered":"<p class=\"bold\">\n\t\t\t\t\t\t\t\t\t\tDie Poliklinik-Gesellschaft sucht f\u00fcr das neue Zentrum in Chemnitz sowohl \u00e4rztliches als auch nicht\u00e4rztliches Personal. Bis M\u00e4rz 2026 soll der Betrieb angelaufen sein.\t\t\t\t<\/p>\n<p>\t\t\t\t In der k\u00fcnftigen \u201ePraxiswelt\u201c im Simmel-Neubau startet man in die letzte Ausbau-Etappe. Laut Mitteilung der Poliklinik gGmbH Chemnitz hat jetzt die Schl\u00fcssel\u00fcbergabe von Bauherr Peter Simmel stattgefunden. Damit k\u00f6nne der Ausbau beginnen, hei\u00dft es.<\/p>\n<p>\t\t<img decoding=\"async\" class=\"fp-plus-logo\" src=\"https:\/\/www.freiepresse.de\/img\/fpplus.svg\" alt=\"Freie Presse plus Logo\"\/><\/p>\n<p>Registrieren und testen.<\/p>\n<p>Jetzt mit Ihrer Registrierung 1 Monat gratis testen und alle Beitr\u00e4ge lesen.<\/p>\n<p>Schon Abonnent? Melden Sie sich mit ihren Zugangsdaten an.<\/p>\n","protected":false},"excerpt":{"rendered":"Die Poliklinik-Gesellschaft sucht f\u00fcr das neue Zentrum in Chemnitz sowohl \u00e4rztliches als auch nicht\u00e4rztliches Personal. Bis M\u00e4rz 2026&hellip;\n","protected":false},"author":2,"featured_media":651852,"comment_status":"","ping_status":"","sticky":false,"template":"","format":"standard","meta":{"footnotes":""},"categories":[1851],"tags":[2770,3364,29,548,663,3934,30,13,10701,14,15,859,12],"class_list":{"0":"post-651851","1":"post","2":"type-post","3":"status-publish","4":"format-standard","5":"has-post-thumbnail","7":"category-chemnitz","8":"tag-chemnitz","9":"tag-de","10":"tag-deutschland","11":"tag-eu","12":"tag-europa","13":"tag-europe","14":"tag-germany","15":"tag-headlines","16":"tag-krankenhaeuser","17":"tag-nachrichten","18":"tag-news","19":"tag-sachsen","20":"tag-schlagzeilen"},"share_on_mastodon":{"url":"https:\/\/pubeurope.com\/@de\/115733040051291514","error":""},"_links":{"self":[{"href":"https:\/\/www.europesays.com\/de\/wp-json\/wp\/v2\/posts\/651851","targetHints":{"allow":["GET"]}}],"collection":[{"href":"https:\/\/www.europesays.com\/de\/wp-json\/wp\/v2\/posts"}],"about":[{"href":"https:\/\/www.europesays.com\/de\/wp-json\/wp\/v2\/types\/post"}],"author":[{"embeddable":true,"href":"https:\/\/www.europesays.com\/de\/wp-json\/wp\/v2\/users\/2"}],"replies":[{"embeddable":true,"href":"https:\/\/www.europesays.com\/de\/wp-json\/wp\/v2\/comments?post=651851"}],"version-history":[{"count":0,"href":"https:\/\/www.europesays.com\/de\/wp-json\/wp\/v2\/posts\/651851\/revisions"}],"wp:featuredmedia":[{"embeddable":true,"href":"https:\/\/www.europesays.com\/de\/wp-json\/wp\/v2\/media\/651852"}],"wp:attachment":[{"href":"https:\/\/www.europesays.com\/de\/wp-json\/wp\/v2\/media?parent=651851"}],"wp:term":[{"taxonomy":"category","embeddable":true,"href":"https:\/\/www.europesays.com\/de\/wp-json\/wp\/v2\/categories?post=651851"},{"taxonomy":"post_tag","embeddable":true,"href":"https:\/\/www.europesays.com\/de\/wp-json\/wp\/v2\/tags?post=651851"}],"curies":[{"name":"wp","href":"https:\/\/api.w.org\/{rel}","templated":true}]}}