{"id":651855,"date":"2025-12-17T04:34:11","date_gmt":"2025-12-17T04:34:11","guid":{"rendered":"https:\/\/www.europesays.com\/de\/651855\/"},"modified":"2025-12-17T04:34:11","modified_gmt":"2025-12-17T04:34:11","slug":"karl-kox-wuerde-100-jahre-alt","status":"publish","type":"post","link":"https:\/\/www.europesays.com\/de\/651855\/","title":{"rendered":"Karl Kox w\u00fcrde 100 Jahre alt"},"content":{"rendered":"<p class=\"text_ohne_einzug richtext text-em-55 !leading-serif mx-6 desktop:mx-0\"> Am 18. Dezember w\u00fcrde ein Mann 100 Jahre alt, der sich in der Stadt <a href=\"https:\/\/rp-online.de\/thema\/willich\/\" rel=\"nofollow noopener\" target=\"_blank\">Willich<\/a> um die musikalische Bildung der Kinder und um die F\u00f6rderung des Chorwesens in au\u00dfergew\u00f6hnlichem Ma\u00dfe verdient gemacht hat: Der Rektor und Chordirektor Karl Kox starb am 24. April 2014, aber er ist dank seiner vielf\u00e4ltigen Meriten bis heute unvergessen. Einige seiner musikalischen Weggef\u00e4hrten werden an seinem 100. Geburtstag in der nach ihm benannten Karl-Kox-Stra\u00dfe zu einer Gedenkminute mit einem Liedvortrag zusammenkommen.<\/p>\n","protected":false},"excerpt":{"rendered":"Am 18. Dezember w\u00fcrde ein Mann 100 Jahre alt, der sich in der Stadt Willich um die musikalische&hellip;\n","protected":false},"author":2,"featured_media":651856,"comment_status":"","ping_status":"","sticky":false,"template":"","format":"standard","meta":{"footnotes":""},"categories":[1849],"tags":[13558,19701,114126,3364,29,548,663,3934,6586,30,13,21433,152788,4455,14,94916,29198,15,1209,51156,12,9440,103727,17289],"class_list":{"0":"post-651855","1":"post","2":"type-post","3":"status-publish","4":"format-standard","5":"has-post-thumbnail","7":"category-moenchengladbach","8":"tag-13558","9":"tag-chor","10":"tag-chordirektor","11":"tag-de","12":"tag-deutschland","13":"tag-eu","14":"tag-europa","15":"tag-europe","16":"tag-forderung","17":"tag-germany","18":"tag-headlines","19":"tag-karl","20":"tag-kox","21":"tag-moenchengladbach","22":"tag-nachrichten","23":"tag-nachwuchsfoerderung","24":"tag-neersen","25":"tag-news","26":"tag-nordrhein-westfalen","27":"tag-rektor","28":"tag-schlagzeilen","29":"tag-verdient","30":"tag-weggefaehrten","31":"tag-willich"},"share_on_mastodon":{"url":"https:\/\/pubeurope.com\/@de\/115733047752772944","error":""},"_links":{"self":[{"href":"https:\/\/www.europesays.com\/de\/wp-json\/wp\/v2\/posts\/651855","targetHints":{"allow":["GET"]}}],"collection":[{"href":"https:\/\/www.europesays.com\/de\/wp-json\/wp\/v2\/posts"}],"about":[{"href":"https:\/\/www.europesays.com\/de\/wp-json\/wp\/v2\/types\/post"}],"author":[{"embeddable":true,"href":"https:\/\/www.europesays.com\/de\/wp-json\/wp\/v2\/users\/2"}],"replies":[{"embeddable":true,"href":"https:\/\/www.europesays.com\/de\/wp-json\/wp\/v2\/comments?post=651855"}],"version-history":[{"count":0,"href":"https:\/\/www.europesays.com\/de\/wp-json\/wp\/v2\/posts\/651855\/revisions"}],"wp:featuredmedia":[{"embeddable":true,"href":"https:\/\/www.europesays.com\/de\/wp-json\/wp\/v2\/media\/651856"}],"wp:attachment":[{"href":"https:\/\/www.europesays.com\/de\/wp-json\/wp\/v2\/media?parent=651855"}],"wp:term":[{"taxonomy":"category","embeddable":true,"href":"https:\/\/www.europesays.com\/de\/wp-json\/wp\/v2\/categories?post=651855"},{"taxonomy":"post_tag","embeddable":true,"href":"https:\/\/www.europesays.com\/de\/wp-json\/wp\/v2\/tags?post=651855"}],"curies":[{"name":"wp","href":"https:\/\/api.w.org\/{rel}","templated":true}]}}