{"id":651860,"date":"2025-12-17T04:37:13","date_gmt":"2025-12-17T04:37:13","guid":{"rendered":"https:\/\/www.europesays.com\/de\/651860\/"},"modified":"2025-12-17T04:37:13","modified_gmt":"2025-12-17T04:37:13","slug":"ungarn-nach-wie-vor-eu-mitglied","status":"publish","type":"post","link":"https:\/\/www.europesays.com\/de\/651860\/","title":{"rendered":"Ungarn nach wie vor EU-Mitglied"},"content":{"rendered":"<p class=\"mb-6 text-xs md:text-m lg:text-l font-serif group-[.font-sans]:font-sans \">\n    Ungarns Regierungschef Viktor Orb\u00e1n kritisiert regelm\u00e4\u00dfig EU-Entscheidungen. Wohl aus diesem Grund verbreitet sich die Behauptung, dass sein Land aus der Union austreten wird, immer wieder\u00a0auf <a href=\"https:\/\/archive.ph\/AFRoE\" rel=\"nofollow noopener\" target=\"_blank\" class=\"underline \">Facebook.<\/a>\u00a0Zwar \u00e4rgert sich Orb\u00e1n wirklich \u00fcber die Kommission und deren Pr\u00e4sidentin Ursula von der Leyen. Aber zieht er wirklich so drastische Konsequenzen?\n  <\/p>\n<p>            Bewertung <\/p>\n<p class=\"mb-6 text-xs md:text-m lg:text-l font-serif group-[.font-sans]:font-sans \">\n    Ungarn ist weiterhin in der EU. F\u00fcr einen Austritt gibt es derzeit keine Anzeichen.\n  <\/p>\n<p>            Fakten <\/p>\n<p class=\"mb-6 text-xs md:text-m lg:text-l font-serif group-[.font-sans]:font-sans \">\n    Im Kommentar zu dem Post wird zu einem<a href=\"https:\/\/archive.ph\/hz5iF\" rel=\"nofollow noopener\" target=\"_blank\" class=\"underline \">\u00a0Blog-Beitrag<\/a>\u00a0verlinkt, in dem steht, dass Viktor Orb\u00e1n in Budapest angek\u00fcndigt hat, dass Ungarn \u201esofort\u201c aus der EU austreten werde. Damit h\u00e4tte er \u201eeine politische Bombe gez\u00fcndet\u201c. Eine Suche zeigt aber, dass kein seri\u00f6ses Nachrichtenportal dar\u00fcber berichtet.\n  <\/p>\n<p class=\"mb-6 text-xs md:text-m lg:text-l font-serif group-[.font-sans]:font-sans \">\n    Offizielle \u00c4u\u00dferungen von Orb\u00e1n werden auf der Website der ungarischen Regierung\u00a0<a href=\"https:\/\/abouthungary.hu\/speeches-and-remarks\" rel=\"nofollow noopener\" target=\"_blank\" class=\"underline \">ver\u00f6ffentlicht.<\/a> Dort finden sich ebenfalls keine Hinweise auf die Ank\u00fcndigung eines EU-Austritts. Der \u201eexplosive Bericht\u201c ist frei erfunden.\n  <\/p>\n<p class=\"mb-6 text-xs md:text-m lg:text-l font-serif group-[.font-sans]:font-sans \">\n    Auch dass der Regierungschef eine \u201ekomplette Grenzschlie\u00dfung\u201c plane, entspricht so nicht der Wahrheit. Im September schrieb Orb\u00e1n auf Facebook, dass \u201eMigrantenbanden\u201c die Bev\u00f6lkerung in Wien, Berlin, Paris und Stockholm \u201eterrorisieren\u201c w\u00fcrden,<a href=\"https:\/\/orf.at\/stories\/3405537\/\" rel=\"nofollow noopener\" target=\"_blank\" class=\"underline \">\u00a0berichtet der ORF<\/a>. Er erinnerte zudem daran, dass Ungarn sich seit zehn Jahren \u201eselbst und ganz Europa vor der illegalen Migration mit seinem Grenzzaun sch\u00fctze\u201c.\n  <\/p>\n<p class=\"mb-6 text-xs md:text-m lg:text-l font-serif group-[.font-sans]:font-sans \">\n    Woher die Aussagen im Blog-Beitrag stammen, ist unklar. \u00c4hnliche Behauptungen tauchen immer wieder auf \u2013 zuletzt wurde im Mai 2025\u00a0<a href=\"https:\/\/dpa-factchecking.com\/austria\/250528-99-996502\/\" rel=\"nofollow noopener\" target=\"_blank\" class=\"underline \">ein dpa-Faktencheck<\/a>\u00a0dazu publiziert. Bereits im April 2024 wurde auf Social Media<a href=\"https:\/\/ghostarchive.org\/varchive\/KT12eJbizE0\" rel=\"nofollow noopener\" target=\"_blank\" class=\"underline \">\u00a0ein Youtube-Video<\/a>\u00a0mit dem Titel \u201eEU Beben! Ungarn verk\u00fcndet offiziell den Austritt \u2013 Br\u00fcssel reagiert fassungslos!\u201c, verbreitet.\n  <\/p>\n<p>            Aufnahme stammt von Ansprache im Jahr 2024<\/p>\n<p class=\"mb-6 text-xs md:text-m lg:text-l font-serif group-[.font-sans]:font-sans \">\n    Eine\u00a0<a href=\"https:\/\/www.journalistin.at\/singlenews\/uid-962118\/masterclass-wie-reverse-image-search-gelingt\/\" rel=\"nofollow noopener\" target=\"_blank\" class=\"underline \">Fotor\u00fcckw\u00e4rtssuche<\/a>\u00a0von Standbildern des Videos ergibt, dass die Aufnahme vom 23. Oktober 2024 ist \u2013 ein nationaler Gedenktag am Jahrestag des Beginns der ungarischen Revolution von 1956. Orb\u00e1n hielt damals eine\u00a0<a href=\"https:\/\/www.youtube.com\/watch?v=vRIzYcPAwqE\" rel=\"nofollow noopener\" target=\"_blank\" class=\"underline \">20-min\u00fctige Rede.<\/a>\u00a0Im\u00a0<a href=\"https:\/\/abouthungary.hu\/speeches-and-remarks\/speech-by-viktor-orban-on-the-68th-anniversary-of-the-1956-hungarian-revolution-and-freedom-fight\" rel=\"nofollow noopener\" target=\"_blank\" class=\"underline \">Transkript<\/a>\u00a0dieser steht, dass er Ungarn aufrief, Br\u00fcssel Widerstand zu leisten.\n  <\/p>\n<p class=\"mb-6 text-xs md:text-m lg:text-l font-serif group-[.font-sans]:font-sans \">\n    Er erkl\u00e4rte aber an keiner Stelle, dass Ungarn aus der EU austreten solle. Im Gegenteil: Als der polnische Ministerpr\u00e4sidenten Donald Tusk ihm am 24. April auf X vorwarf \u201eoffen \u00fcber einen Austritt Ungarns aus der EU zu sprechen\u201c, wies Orb\u00e1n dies zur\u00fcck. Sein Land, erkl\u00e4rte er, w\u00fcrde die EU durch die Allianz\u00a0\u201e<a href=\"https:\/\/www.france24.com\/en\/europe\/20240630-hungary-s-orban-moves-to-form-new-alliance-with-austrian-and-czech-nationalist-parties\" rel=\"nofollow noopener\" target=\"_blank\" class=\"underline \">Patrioten f\u00fcr Europa\u201c<\/a>\u00a0mit der FP\u00d6 stattdessen \u201etransformieren\u201c.\n  <\/p>\n<p class=\"mb-6 text-xs md:text-m lg:text-l font-serif group-[.font-sans]:font-sans \">\n    Auch US-Pr\u00e4sident Donald Trump h\u00e4tte Orb\u00e1n gesagt, dass \u201eder Zeitpunkt f\u00fcr einen Austritt noch nicht reif\u201c sei, zitiert ihn\u00a0<a href=\"https:\/\/www.puls24.at\/news\/politik\/ungarn-trump-zu-orban-wann-tretet-ihr-endlich-aus-der-eu-aus\/404232\" rel=\"nofollow noopener\" target=\"_blank\" class=\"underline \">puls24.at.<\/a> Denn 85 Prozent der ungarischen Exporte gingen in den EU-Markt. Ein Austritt k\u00f6nne dann kommen, \u201ewenn es f\u00fcr Ungarn vorteilhafter ist, sich au\u00dferhalb als innerhalb der Union zu befinden\u201c. Die<a href=\"https:\/\/eu-brusszel.mfa.gov.hu\/en\/bemutatkozas\" rel=\"nofollow noopener\" target=\"_blank\" class=\"underline \">\u00a0offizielle Website<\/a>\u00a0von Ungarns Vertretung bei der EU spricht weiterhin von den Rechten und Pflichten, die dem Land aus seiner Mitgliedschaft erwachsen.\n  <\/p>\n<p>            Unklar, ob Referendum \u00fcberhaupt rechtm\u00e4\u00dfig w\u00e4re<\/p>\n<p class=\"mb-6 text-xs md:text-m lg:text-l font-serif group-[.font-sans]:font-sans \">\n    Im Februar 2022 hatte Orb\u00e1n wirklich damit gedroht, dass Ungarn die EU verlassen k\u00f6nne. Das Land wolle nicht wie Westeuropa werden, sagte er damals\u00a0<a href=\"https:\/\/www.zeit.de\/politik\/ausland\/2022-02\/ungarn-victor-orban-eu-austritt-androhung\" rel=\"nofollow noopener\" target=\"_blank\" class=\"underline \">in einer Wahlkampfrede<\/a>.\u00a0<a href=\"https:\/\/ec.europa.eu\/commission\/presscorner\/detail\/de\/memo_17_648\" rel=\"nofollow noopener\" target=\"_blank\" class=\"underline \">Artikel 50<\/a>\u00a0des\u00a0<a href=\"https:\/\/perma.cc\/W98Y-LCFG\" rel=\"nofollow noopener\" target=\"_blank\" class=\"underline \">Vertrags<\/a>\u00a0\u00fcber die EU beschreibt das Verfahren, nach dem ein Mitgliedsstaat austreten kann. Aber: Ob in Ungarn ein Referendum \u00fcberhaupt rechtm\u00e4\u00dfig w\u00e4re, ist unklar. Die Verfassung des Landes verbietet eigentlich Volksabstimmungen \u00fcber \u201eVerpflichtungen aus internationalen Vertr\u00e4gen\u201c und \u201eVorschl\u00e4ge zur \u00c4nderung des Grundgesetzes\u201c <a href=\"https:\/\/perma.cc\/2PPL-FRFQ\" rel=\"nofollow noopener\" target=\"_blank\" class=\"underline \">(Artikel 8, Absatz 3)<\/a>.\n  <\/p>\n<p class=\"mb-6 text-xs md:text-m lg:text-l font-serif group-[.font-sans]:font-sans \">\n    (Stand: 9.12.2025)\n  <\/p>\n<p>    Recherche vertiefen? Hier gehts zu den Links<\/p>\n<ul rel=\"\" class=\"[&amp;&gt;li]:relative list-none  [&amp;&gt;li]:pl-[1.2em] [&amp;&gt;li]:marker:text-[0] [&amp;&gt;li]:relative [&amp;&gt;li]:before:absolute [&amp;&gt;li]:before:w-3 [&amp;&gt;li]:before:h-3 [&amp;&gt;li]:before:bg-brand [&amp;&gt;li]:before:left-0 [&amp;&gt;li]:before:top-[8px] [&amp;&gt;li]:before:rounded-full  my-5\">\n<li class=\" mb-3 text-xs md:text-m lg:text-l\"><a href=\"https:\/\/archive.ph\/AFRoE\" rel=\"nofollow noopener\" target=\"_blank\" class=\"underline \">Facebook-Post<\/a>\u00a0<a href=\"https:\/\/archive.ph\/AFRoE\" rel=\"nofollow noopener\" target=\"_blank\" class=\"underline \">(archiviert)<\/a><\/li>\n<\/ul>\n<ul rel=\"\" class=\"[&amp;&gt;li]:relative list-none  [&amp;&gt;li]:pl-[1.2em] [&amp;&gt;li]:marker:text-[0] [&amp;&gt;li]:relative [&amp;&gt;li]:before:absolute [&amp;&gt;li]:before:w-3 [&amp;&gt;li]:before:h-3 [&amp;&gt;li]:before:bg-brand [&amp;&gt;li]:before:left-0 [&amp;&gt;li]:before:top-[8px] [&amp;&gt;li]:before:rounded-full  my-5\">\n<li class=\" mb-3 text-xs md:text-m lg:text-l\"><a href=\"https:\/\/archive.ph\/hz5iF\" rel=\"nofollow noopener\" target=\"_blank\" class=\"underline \">Blog-Beitrag<\/a>\u00a0<a href=\"https:\/\/archive.ph\/hz5iF\" rel=\"nofollow noopener\" target=\"_blank\" class=\"underline \">(archiviert)<\/a><\/li>\n<\/ul>\n<ul rel=\"\" class=\"[&amp;&gt;li]:relative list-none  [&amp;&gt;li]:pl-[1.2em] [&amp;&gt;li]:marker:text-[0] [&amp;&gt;li]:relative [&amp;&gt;li]:before:absolute [&amp;&gt;li]:before:w-3 [&amp;&gt;li]:before:h-3 [&amp;&gt;li]:before:bg-brand [&amp;&gt;li]:before:left-0 [&amp;&gt;li]:before:top-[8px] [&amp;&gt;li]:before:rounded-full  my-5\">\n<li class=\" mb-3 text-xs md:text-m lg:text-l\"><a href=\"https:\/\/orf.at\/stories\/3405537\/\" rel=\"nofollow noopener\" target=\"_blank\" class=\"underline \">ORF: \u00abRundumschlag Orbans, Schweden kontert\u00bb<\/a>\u00a0<a href=\"https:\/\/archive.ph\/4HfxJ\" rel=\"nofollow noopener\" target=\"_blank\" class=\"underline \">(archiviert)<\/a><\/li>\n<\/ul>\n<ul rel=\"\" class=\"[&amp;&gt;li]:relative list-none  [&amp;&gt;li]:pl-[1.2em] [&amp;&gt;li]:marker:text-[0] [&amp;&gt;li]:relative [&amp;&gt;li]:before:absolute [&amp;&gt;li]:before:w-3 [&amp;&gt;li]:before:h-3 [&amp;&gt;li]:before:bg-brand [&amp;&gt;li]:before:left-0 [&amp;&gt;li]:before:top-[8px] [&amp;&gt;li]:before:rounded-full  my-5\">\n<li class=\" mb-3 text-xs md:text-m lg:text-l\"><a href=\"https:\/\/www.youtube.com\/watch?v=KT12eJbizE0\" rel=\"nofollow noopener\" target=\"_blank\" class=\"underline \">Youtube-Video<\/a>\u00a0<a href=\"https:\/\/ghostarchive.org\/varchive\/KT12eJbizE0\" rel=\"nofollow noopener\" target=\"_blank\" class=\"underline \">(archiviert)<\/a><\/li>\n<\/ul>\n<ul rel=\"\" class=\"[&amp;&gt;li]:relative list-none  [&amp;&gt;li]:pl-[1.2em] [&amp;&gt;li]:marker:text-[0] [&amp;&gt;li]:relative [&amp;&gt;li]:before:absolute [&amp;&gt;li]:before:w-3 [&amp;&gt;li]:before:h-3 [&amp;&gt;li]:before:bg-brand [&amp;&gt;li]:before:left-0 [&amp;&gt;li]:before:top-[8px] [&amp;&gt;li]:before:rounded-full  my-5\">\n<li class=\" mb-3 text-xs md:text-m lg:text-l\"><a href=\"https:\/\/dpa-factchecking.com\/luxembourg\/250424-99-633474\/\" rel=\"nofollow noopener\" target=\"_blank\" class=\"underline \">dpa-Faktencheck: \u00abUngarn ist nach wie vor EU-Mitglied\u00bb<\/a>\u00a0<a href=\"https:\/\/archive.ph\/QTefg\" rel=\"nofollow noopener\" target=\"_blank\" class=\"underline \">(archiviert)<\/a><\/li>\n<\/ul>\n<ul rel=\"\" class=\"[&amp;&gt;li]:relative list-none  [&amp;&gt;li]:pl-[1.2em] [&amp;&gt;li]:marker:text-[0] [&amp;&gt;li]:relative [&amp;&gt;li]:before:absolute [&amp;&gt;li]:before:w-3 [&amp;&gt;li]:before:h-3 [&amp;&gt;li]:before:bg-brand [&amp;&gt;li]:before:left-0 [&amp;&gt;li]:before:top-[8px] [&amp;&gt;li]:before:rounded-full  my-5\">\n<li class=\" mb-3 text-xs md:text-m lg:text-l\"><a href=\"https:\/\/www.journalistin.at\/singlenews\/uid-962118\/masterclass-wie-reverse-image-search-gelingt\/\" rel=\"nofollow noopener\" target=\"_blank\" class=\"underline \">\u00d6sterreichs Journalist:in zu \u00abFotor\u00fcckwertssuche\u00bb<\/a>\u00a0<a href=\"https:\/\/archive.ph\/r8AY5\" rel=\"nofollow noopener\" target=\"_blank\" class=\"underline \">(archiviert)<\/a><\/li>\n<\/ul>\n<ul rel=\"\" class=\"[&amp;&gt;li]:relative list-none  [&amp;&gt;li]:pl-[1.2em] [&amp;&gt;li]:marker:text-[0] [&amp;&gt;li]:relative [&amp;&gt;li]:before:absolute [&amp;&gt;li]:before:w-3 [&amp;&gt;li]:before:h-3 [&amp;&gt;li]:before:bg-brand [&amp;&gt;li]:before:left-0 [&amp;&gt;li]:before:top-[8px] [&amp;&gt;li]:before:rounded-full  my-5\">\n<li class=\" mb-3 text-xs md:text-m lg:text-l\"><a href=\"https:\/\/www.youtube.com\/watch?v=vRIzYcPAwqE\" rel=\"nofollow noopener\" target=\"_blank\" class=\"underline \">Viktor Orbans Rede vom 23. Oktober 2024<\/a>\u00a0<a href=\"https:\/\/perma.cc\/83LN-8UYK\" rel=\"nofollow noopener\" target=\"_blank\" class=\"underline \">(archiviert)<\/a><\/li>\n<\/ul>\n<ul rel=\"\" class=\"[&amp;&gt;li]:relative list-none  [&amp;&gt;li]:pl-[1.2em] [&amp;&gt;li]:marker:text-[0] [&amp;&gt;li]:relative [&amp;&gt;li]:before:absolute [&amp;&gt;li]:before:w-3 [&amp;&gt;li]:before:h-3 [&amp;&gt;li]:before:bg-brand [&amp;&gt;li]:before:left-0 [&amp;&gt;li]:before:top-[8px] [&amp;&gt;li]:before:rounded-full  my-5\">\n<li class=\" mb-3 text-xs md:text-m lg:text-l\"><a href=\"https:\/\/abouthungary.hu\/speeches-and-remarks\/speech-by-viktor-orban-on-the-68th-anniversary-of-the-1956-hungarian-revolution-and-freedom-fight\" rel=\"nofollow noopener\" target=\"_blank\" class=\"underline \">Transkript der Rede<\/a>\u00a0<a href=\"https:\/\/archive.ph\/sQ1Sr\" rel=\"nofollow noopener\" target=\"_blank\" class=\"underline \">(archiviert)<\/a><\/li>\n<\/ul>\n<ul rel=\"\" class=\"[&amp;&gt;li]:relative list-none  [&amp;&gt;li]:pl-[1.2em] [&amp;&gt;li]:marker:text-[0] [&amp;&gt;li]:relative [&amp;&gt;li]:before:absolute [&amp;&gt;li]:before:w-3 [&amp;&gt;li]:before:h-3 [&amp;&gt;li]:before:bg-brand [&amp;&gt;li]:before:left-0 [&amp;&gt;li]:before:top-[8px] [&amp;&gt;li]:before:rounded-full  my-5\">\n<li class=\" mb-3 text-xs md:text-m lg:text-l\"><a href=\"https:\/\/www.france24.com\/en\/europe\/20240630-hungary-s-orban-moves-to-form-new-alliance-with-austrian-and-czech-nationalist-parties\" rel=\"nofollow noopener\" target=\"_blank\" class=\"underline \">France24-Artikel \u00fcber \u00abPatrioten f\u00fcr Europa\u00bb<\/a>\u00a0<a href=\"https:\/\/archive.ph\/60lL2\" rel=\"nofollow noopener\" target=\"_blank\" class=\"underline \">(archiviert)<\/a><\/li>\n<\/ul>\n<ul rel=\"\" class=\"[&amp;&gt;li]:relative list-none  [&amp;&gt;li]:pl-[1.2em] [&amp;&gt;li]:marker:text-[0] [&amp;&gt;li]:relative [&amp;&gt;li]:before:absolute [&amp;&gt;li]:before:w-3 [&amp;&gt;li]:before:h-3 [&amp;&gt;li]:before:bg-brand [&amp;&gt;li]:before:left-0 [&amp;&gt;li]:before:top-[8px] [&amp;&gt;li]:before:rounded-full  my-5\">\n<li class=\" mb-3 text-xs md:text-m lg:text-l\"><a href=\"https:\/\/www.puls24.at\/news\/politik\/ungarn-trump-zu-orban-wann-tretet-ihr-endlich-aus-der-eu-aus\/404232\" rel=\"nofollow noopener\" target=\"_blank\" class=\"underline \">Puls24: \u00abTrump zu Orban: \u2018Wann tretet ihr endlich auf der EU aus?\u2019\u00bb<\/a>\u00a0<a href=\"https:\/\/archive.ph\/TUIX6\" rel=\"nofollow noopener\" target=\"_blank\" class=\"underline \">(archiviert)<\/a><\/li>\n<\/ul>\n<ul rel=\"\" class=\"[&amp;&gt;li]:relative list-none  [&amp;&gt;li]:pl-[1.2em] [&amp;&gt;li]:marker:text-[0] [&amp;&gt;li]:relative [&amp;&gt;li]:before:absolute [&amp;&gt;li]:before:w-3 [&amp;&gt;li]:before:h-3 [&amp;&gt;li]:before:bg-brand [&amp;&gt;li]:before:left-0 [&amp;&gt;li]:before:top-[8px] [&amp;&gt;li]:before:rounded-full  my-5\">\n<li class=\" mb-3 text-xs md:text-m lg:text-l\"><a href=\"https:\/\/eu-brusszel.mfa.gov.hu\/en\/bemutatkozas\" rel=\"nofollow noopener\" target=\"_blank\" class=\"underline \">Ungarns St\u00e4ndige Vertretung bei der EU<\/a>\u00a0<a href=\"https:\/\/archive.ph\/l4AgP\" rel=\"nofollow noopener\" target=\"_blank\" class=\"underline \">(archiviert)<\/a><\/li>\n<\/ul>\n<ul rel=\"\" class=\"[&amp;&gt;li]:relative list-none  [&amp;&gt;li]:pl-[1.2em] [&amp;&gt;li]:marker:text-[0] [&amp;&gt;li]:relative [&amp;&gt;li]:before:absolute [&amp;&gt;li]:before:w-3 [&amp;&gt;li]:before:h-3 [&amp;&gt;li]:before:bg-brand [&amp;&gt;li]:before:left-0 [&amp;&gt;li]:before:top-[8px] [&amp;&gt;li]:before:rounded-full  my-5\">\n<li class=\" mb-3 text-xs md:text-m lg:text-l\"><a href=\"https:\/\/www.zeit.de\/politik\/ausland\/2022-02\/ungarn-victor-orban-eu-austritt-androhung\" rel=\"nofollow noopener\" target=\"_blank\" class=\"underline \">\u00abDie Zeit\u00bb: \u00abViktor Orban droht mit EU-Austritt\u00bb<\/a>\u00a0<a href=\"https:\/\/archive.ph\/Yuz4j\" rel=\"nofollow noopener\" target=\"_blank\" class=\"underline \">(archiviert)<\/a><\/li>\n<\/ul>\n<ul rel=\"\" class=\"[&amp;&gt;li]:relative list-none  [&amp;&gt;li]:pl-[1.2em] [&amp;&gt;li]:marker:text-[0] [&amp;&gt;li]:relative [&amp;&gt;li]:before:absolute [&amp;&gt;li]:before:w-3 [&amp;&gt;li]:before:h-3 [&amp;&gt;li]:before:bg-brand [&amp;&gt;li]:before:left-0 [&amp;&gt;li]:before:top-[8px] [&amp;&gt;li]:before:rounded-full  my-5\">\n<li class=\" mb-3 text-xs md:text-m lg:text-l\"><a href=\"https:\/\/ec.europa.eu\/commission\/presscorner\/detail\/de\/memo_17_648\" rel=\"nofollow noopener\" target=\"_blank\" class=\"underline \">Europ\u00e4ische Kommission: Artikel 50 des Vertrags \u00fcber die EU &#8211; Fragen und Antworten<\/a><\/li>\n<\/ul>\n<ul rel=\"\" class=\"[&amp;&gt;li]:relative list-none  [&amp;&gt;li]:pl-[1.2em] [&amp;&gt;li]:marker:text-[0] [&amp;&gt;li]:relative [&amp;&gt;li]:before:absolute [&amp;&gt;li]:before:w-3 [&amp;&gt;li]:before:h-3 [&amp;&gt;li]:before:bg-brand [&amp;&gt;li]:before:left-0 [&amp;&gt;li]:before:top-[8px] [&amp;&gt;li]:before:rounded-full  my-5\">\n<li class=\" mb-3 text-xs md:text-m lg:text-l\"><a href=\"https:\/\/perma.cc\/W98Y-LCFG\" rel=\"nofollow noopener\" target=\"_blank\" class=\"underline \">Vertrag \u00fcber die EU, archiviert<\/a><\/li>\n<\/ul>\n<ul rel=\"\" class=\"[&amp;&gt;li]:relative list-none  [&amp;&gt;li]:pl-[1.2em] [&amp;&gt;li]:marker:text-[0] [&amp;&gt;li]:relative [&amp;&gt;li]:before:absolute [&amp;&gt;li]:before:w-3 [&amp;&gt;li]:before:h-3 [&amp;&gt;li]:before:bg-brand [&amp;&gt;li]:before:left-0 [&amp;&gt;li]:before:top-[8px] [&amp;&gt;li]:before:rounded-full  my-5\">\n<li class=\" mb-3 text-xs md:text-m lg:text-l\"><a href=\"https:\/\/perma.cc\/2PPL-FRFQ\" rel=\"nofollow noopener\" target=\"_blank\" class=\"underline \">Artikel 8, Absatz 3 des ungarischen Grundgesetzes, archiviert<\/a><\/li>\n<\/ul>\n<p class=\"mb-6 text-xs md:text-m lg:text-l font-serif group-[.font-sans]:font-sans \">\n    Haben auch Sie einen Sachverhalt, den man einmal unter die Lupe nehmen sollte? Ein Foto, Video oder eine Aussage, die gepr\u00fcft werden sollte? Dann freuen wir uns \u00fcber Ihre Nachricht an die dpa-Faktenchecker unter 0160 3476409 via WhatsApp (Keine Gew\u00e4hr f\u00fcr die Bearbeitung).\n  <\/p>\n<p>    Transparenzhinweis <\/p>\n<p class=\"mb-6 text-xs md:text-m lg:text-l font-serif group-[.font-sans]:font-sans \">\n    Das Projekt \u201eAugsburg checkt\u2018s\u201c erfolgt in gemeinsamer Zusammenarbeit der Stadt Augsburg, den Stadtwerken Augsburg, der Augsburger Allgemeinen und der Deutschen Presseagentur. Stadt und Stadtwerke stellen Geb\u00e4ude, Liegenschaften sowie Fahrzeuge f\u00fcr die Initiative zur Verf\u00fcgung. Auf Inhalte haben sie keinen Einfluss. Die Faktenchecks wurden von der Deutschen Presseagentur recherchiert und werden \u00fcber die Augsburger Allgemeine publiziert.\u00a0\n  <\/p>\n<ul data-module-id=\"DragDropModule\" class=\"flex flex-wrap justify-start group-[.no-bookmarks]:hidden\">\n<li class=\"mb-3 mr-3\">\n    Ungarn<\/p>\n<p>      Icon Haken im Kreis gesetzt<\/p>\n<p>      Icon Plus im Kreis<\/p>\n<\/li>\n<li class=\"mb-3 mr-3\">\n    EU<\/p>\n<p>      Icon Haken im Kreis gesetzt<\/p>\n<p>      Icon Plus im Kreis<\/p>\n<\/li>\n<li class=\"mb-3 mr-3\">\n    Viktor Orb\u00e1n<\/p>\n<p>      Icon Haken im Kreis gesetzt<\/p>\n<p>      Icon Plus im Kreis<\/p>\n<\/li>\n<\/ul>\n","protected":false},"excerpt":{"rendered":"Ungarns Regierungschef Viktor Orb\u00e1n kritisiert regelm\u00e4\u00dfig EU-Entscheidungen. Wohl aus diesem Grund verbreitet sich die Behauptung, dass sein Land&hellip;\n","protected":false},"author":2,"featured_media":651861,"comment_status":"","ping_status":"","sticky":false,"template":"","format":"standard","meta":{"footnotes":""},"categories":[1846],"tags":[680,772,937,8012,3364,29,548,663,3934,291,27770,30,13,14,15,12,501,1493,500,6296],"class_list":{"0":"post-651860","1":"post","2":"type-post","3":"status-publish","4":"format-standard","5":"has-post-thumbnail","7":"category-augsburg","8":"tag-augsburg","9":"tag-bayern","10":"tag-bruessel","11":"tag-budapest","12":"tag-de","13":"tag-deutschland","14":"tag-eu","15":"tag-europa","16":"tag-europe","17":"tag-facebook","18":"tag-fpoe","19":"tag-germany","20":"tag-headlines","21":"tag-nachrichten","22":"tag-news","23":"tag-schlagzeilen","24":"tag-ungarn","25":"tag-ursula-von-der-leyen","26":"tag-viktor-orban","27":"tag-wien"},"share_on_mastodon":{"url":"https:\/\/pubeurope.com\/@de\/115733059692744054","error":""},"_links":{"self":[{"href":"https:\/\/www.europesays.com\/de\/wp-json\/wp\/v2\/posts\/651860","targetHints":{"allow":["GET"]}}],"collection":[{"href":"https:\/\/www.europesays.com\/de\/wp-json\/wp\/v2\/posts"}],"about":[{"href":"https:\/\/www.europesays.com\/de\/wp-json\/wp\/v2\/types\/post"}],"author":[{"embeddable":true,"href":"https:\/\/www.europesays.com\/de\/wp-json\/wp\/v2\/users\/2"}],"replies":[{"embeddable":true,"href":"https:\/\/www.europesays.com\/de\/wp-json\/wp\/v2\/comments?post=651860"}],"version-history":[{"count":0,"href":"https:\/\/www.europesays.com\/de\/wp-json\/wp\/v2\/posts\/651860\/revisions"}],"wp:featuredmedia":[{"embeddable":true,"href":"https:\/\/www.europesays.com\/de\/wp-json\/wp\/v2\/media\/651861"}],"wp:attachment":[{"href":"https:\/\/www.europesays.com\/de\/wp-json\/wp\/v2\/media?parent=651860"}],"wp:term":[{"taxonomy":"category","embeddable":true,"href":"https:\/\/www.europesays.com\/de\/wp-json\/wp\/v2\/categories?post=651860"},{"taxonomy":"post_tag","embeddable":true,"href":"https:\/\/www.europesays.com\/de\/wp-json\/wp\/v2\/tags?post=651860"}],"curies":[{"name":"wp","href":"https:\/\/api.w.org\/{rel}","templated":true}]}}