{"id":651862,"date":"2025-12-17T04:38:20","date_gmt":"2025-12-17T04:38:20","guid":{"rendered":"https:\/\/www.europesays.com\/de\/651862\/"},"modified":"2025-12-17T04:38:20","modified_gmt":"2025-12-17T04:38:20","slug":"dokumentartheater-and-now-hanau-am-18-dezember","status":"publish","type":"post","link":"https:\/\/www.europesays.com\/de\/651862\/","title":{"rendered":"Dokumentartheater \u201eAnd Now Hanau\u201c am 18. Dezember"},"content":{"rendered":"<p><img loading=\"lazy\" decoding=\"async\" src=\"https:\/\/www.europesays.com\/de\/wp-content\/uploads\/2025\/12\/mrn_news_platzhalter_logo-5-1-73.jpg\" alt=\"Mrn news platzhalter logo 5\" width=\"900\" height=\"500\" class=\"alignnone size-full wp-image-615986\"  \/>Mannheim \/ Metropolregion Rhein-Neckar(red\/ak) \u2013 Am Donnerstag, 18. Dezember 2025, ist das vielfach ausgezeichnete Dokumentartheater \u201eAnd Now Hanau\u201c im Mannheimer Theaterhaus G7 zu sehen. Die Auff\u00fchrung ist Teil einer Kooperation zwischen dem Theaterhaus G7 Mannheim und dem Theaterhaus Stuttgart, die auf Initiative des Mannheimer SPD-Landtagsabgeordneten Dr. Boris Weirauch zustande gekommen ist. Die SPD Mannheim l\u00e4dt zu dieser Sonderauff\u00fchrung ein. Eine Anmeldung ist online erforderlich unter https:\/\/eveeno.com\/andnowhanau2025. \u201eAnd Now Hanau\u201c rekonstruiert die Tatnacht und thematisiert schwerwiegende Vers\u00e4umnisse staatlicher Stellen, darunter verschlossene Notausg\u00e4nge, eine nicht ausreichend besetzte Notrufzentrale sowie offene Fragen bei der Aufarbeitung durch Polizei und Staatsanwaltschaft. In enger Zusammenarbeit mit der Initiative 19. Februar, einer Initiative der Angeh\u00f6rigen der Opfer und \u00dcberlebenden, gibt das Dokumentartheater den Betroffenen eine Stimme und r\u00fcckt ihre Perspektiven in den Mittelpunkt. Das St\u00fcck von Tu\u011fsal Mo\u011ful basiert auf einem umfassenden Rechercheprojekt und verdichtet Gerichtsprotokolle, Aussagen und O-T\u00f6ne zu einem intensiven Theaterabend. Ziel ist es, Erinnerung wachzuhalten, Transparenz einzufordern und einen gesellschaftlichen Prozess der Reflexion sowie politische Konsequenzen anzusto\u00dfen. Zugleich schafft die Inszenierung einen w\u00fcrdigen Raum des Gedenkens an die Opfer.<br \/>Die Sonderauff\u00fchrung beginnt am 18. Dezember 2025. Ab 18:30 Uhr sind Foyer und Bar ge\u00f6ffnet, der Einlass in den Theatersaal ist um 19:10 Uhr. Im Anschluss an die Auff\u00fchrung findet ein von Dr. Boris Weirauch moderiertes Gespr\u00e4chspanel statt.<\/p>\n<p>Weitere Informationen und Anmeldung: https:\/\/eveeno.com\/andnowhanau2025<\/p>\n<p>Quelle:  Dr. Boris Weirauch MdL, SPD-Landtagsfraktion Baden-W\u00fcrttemberg<\/p>\n<p class=\"post-modified-info\">Zuletzt aktualisiert am 16. Dezember 2025, 20:45<\/p>\n","protected":false},"excerpt":{"rendered":"Mannheim \/ Metropolregion Rhein-Neckar(red\/ak) \u2013 Am Donnerstag, 18. Dezember 2025, ist das vielfach ausgezeichnete Dokumentartheater \u201eAnd Now Hanau\u201c&hellip;\n","protected":false},"author":2,"featured_media":651863,"comment_status":"","ping_status":"","sticky":false,"template":"","format":"standard","meta":{"footnotes":""},"categories":[1845],"tags":[5587,1634,3364,29,26417,548,663,3934,30,13,259,5212,18046,2096,65291,25488,25489,14,14480,15,6989,19170,121,5206,28951,12,184,152789,1997,1441,2421],"class_list":{"0":"post-651862","1":"post","2":"type-post","3":"status-publish","4":"format-standard","5":"has-post-thumbnail","7":"category-mannheim","8":"tag-baden","9":"tag-baden-wuerttemberg","10":"tag-de","11":"tag-deutschland","12":"tag-donnerstag","13":"tag-eu","14":"tag-europa","15":"tag-europe","16":"tag-germany","17":"tag-headlines","18":"tag-informationen","19":"tag-kooperation","20":"tag-landtagsfraktion","21":"tag-mannheim","22":"tag-mdl","23":"tag-metropolregion","24":"tag-metropolregion-rhein-neckar","25":"tag-nachrichten","26":"tag-neckar","27":"tag-news","28":"tag-online","29":"tag-opfer","30":"tag-polizei","31":"tag-rhein","32":"tag-rhein-neckar","33":"tag-schlagzeilen","34":"tag-spd","35":"tag-spd-mannheim","36":"tag-staatsanwaltschaft","37":"tag-stuttgart","38":"tag-zusammenarbeit"},"share_on_mastodon":{"url":"https:\/\/pubeurope.com\/@de\/115733065239922688","error":""},"_links":{"self":[{"href":"https:\/\/www.europesays.com\/de\/wp-json\/wp\/v2\/posts\/651862","targetHints":{"allow":["GET"]}}],"collection":[{"href":"https:\/\/www.europesays.com\/de\/wp-json\/wp\/v2\/posts"}],"about":[{"href":"https:\/\/www.europesays.com\/de\/wp-json\/wp\/v2\/types\/post"}],"author":[{"embeddable":true,"href":"https:\/\/www.europesays.com\/de\/wp-json\/wp\/v2\/users\/2"}],"replies":[{"embeddable":true,"href":"https:\/\/www.europesays.com\/de\/wp-json\/wp\/v2\/comments?post=651862"}],"version-history":[{"count":0,"href":"https:\/\/www.europesays.com\/de\/wp-json\/wp\/v2\/posts\/651862\/revisions"}],"wp:featuredmedia":[{"embeddable":true,"href":"https:\/\/www.europesays.com\/de\/wp-json\/wp\/v2\/media\/651863"}],"wp:attachment":[{"href":"https:\/\/www.europesays.com\/de\/wp-json\/wp\/v2\/media?parent=651862"}],"wp:term":[{"taxonomy":"category","embeddable":true,"href":"https:\/\/www.europesays.com\/de\/wp-json\/wp\/v2\/categories?post=651862"},{"taxonomy":"post_tag","embeddable":true,"href":"https:\/\/www.europesays.com\/de\/wp-json\/wp\/v2\/tags?post=651862"}],"curies":[{"name":"wp","href":"https:\/\/api.w.org\/{rel}","templated":true}]}}