{"id":651866,"date":"2025-12-17T04:40:19","date_gmt":"2025-12-17T04:40:19","guid":{"rendered":"https:\/\/www.europesays.com\/de\/651866\/"},"modified":"2025-12-17T04:40:19","modified_gmt":"2025-12-17T04:40:19","slug":"an-manchen-tagen-fragt-man-sich-ob-es-sich-noch-lohnt","status":"publish","type":"post","link":"https:\/\/www.europesays.com\/de\/651866\/","title":{"rendered":"\u201eAn manchen Tagen fragt man sich, ob es sich noch lohnt\u201c"},"content":{"rendered":"<p class=\"intro\">\n  Einige Unverpackt-L\u00e4den haben in den vergangenen Jahren in Karlsruhe bereits geschlossen. Mittlerweile gibt es nur noch zwei. Stehen auch diese vor dem Aus?\n<\/p>\n<p>    <img fetchpriority=\"high\" decoding=\"async\" class=\"\" alt=\"Frau mit dunkler Jacke steht vor dem Eingang eines Eckhauses mit gelbem Klinkermauerwerk und mehreren Schildern.\" src=\"https:\/\/bnn.de\/img\/16432254\/WWZN3DxQJw0tXwvp7ZB6Tw\/Tante%20M%20Karlsruhe?size=1920&amp;format=jpeg&amp;variant=LANDSCAPE_16x9\" width=\"1920\" height=\"1080\" loading=\"eager\" data-upscaled=\"\"\/><\/p>\n<p>                Der Tante-M-Unverpackt-Laden in der Karlsruher Weststadt verzeichnet seit der Er\u00f6ffnung des ersten Ladens 2019 j\u00e4hrlich einen Umsatzr\u00fcckgang. Betreiberin Stefanie Meth rechnet auch in diesem Jahr damit.<\/p>\n<p>            Foto: Moritz Scherer<\/p>\n<p>Weiterlesen mit<\/p>\n<p>\n    Monatsabo\n  <\/p>\n<ul class=\"check-list--paywall check-list\">\n<li>14,90 \u20ac ab dem zweiten Monat<\/li>\n<li>Monatlich k\u00fcndbar<\/li>\n<li>Zugang zu allen BNN+ Artikeln<\/li>\n<\/ul>\n<p>        <a class=\"button--full button--offer button button--primary\" href=\"https:\/\/service.bnn.de\/kasse?add-to-cart=901958&amp;paywall_origin_url=https%3A%2F%2Fbnn.de%2Fkarlsruhe%2Fkarlsruhe-stadt%2Fbetreiber-von-karlsruher-unverpackt-laeden-kaempfen\" _keys=\"class href\" rel=\"nofollow noopener\" target=\"_blank\"><br \/>\n  Monatsabo abschlie\u00dfen<br \/>\n<\/a><\/p>\n<p>\n    Jahrespass\n  <\/p>\n<ul class=\"check-list--paywall check-list\">\n<li>49,80 \u20ac sparen<\/li>\n<li>Endet automatisch nach einem Jahr<\/li>\n<li>Zugang zu allen BNN+ Artikeln<\/li>\n<\/ul>\n<p>        <a class=\"button--full button--offer button button--primary\" href=\"https:\/\/service.bnn.de\/kasse?add-to-cart=659683&amp;paywall_origin_url=https%3A%2F%2Fbnn.de%2Fkarlsruhe%2Fkarlsruhe-stadt%2Fbetreiber-von-karlsruher-unverpackt-laeden-kaempfen\" _keys=\"class href\" rel=\"nofollow noopener\" target=\"_blank\"><br \/>\n  Jahrespass abschlie\u00dfen<br \/>\n<\/a><\/p>\n","protected":false},"excerpt":{"rendered":"Einige Unverpackt-L\u00e4den haben in den vergangenen Jahren in Karlsruhe bereits geschlossen. Mittlerweile gibt es nur noch zwei. Stehen&hellip;\n","protected":false},"author":2,"featured_media":651867,"comment_status":"","ping_status":"","sticky":false,"template":"","format":"standard","meta":{"footnotes":""},"categories":[1844],"tags":[1634,3364,29,30,8903],"class_list":{"0":"post-651866","1":"post","2":"type-post","3":"status-publish","4":"format-standard","5":"has-post-thumbnail","7":"category-karlsruhe","8":"tag-baden-wuerttemberg","9":"tag-de","10":"tag-deutschland","11":"tag-germany","12":"tag-karlsruhe"},"share_on_mastodon":{"url":"https:\/\/pubeurope.com\/@de\/115733072133588033","error":""},"_links":{"self":[{"href":"https:\/\/www.europesays.com\/de\/wp-json\/wp\/v2\/posts\/651866","targetHints":{"allow":["GET"]}}],"collection":[{"href":"https:\/\/www.europesays.com\/de\/wp-json\/wp\/v2\/posts"}],"about":[{"href":"https:\/\/www.europesays.com\/de\/wp-json\/wp\/v2\/types\/post"}],"author":[{"embeddable":true,"href":"https:\/\/www.europesays.com\/de\/wp-json\/wp\/v2\/users\/2"}],"replies":[{"embeddable":true,"href":"https:\/\/www.europesays.com\/de\/wp-json\/wp\/v2\/comments?post=651866"}],"version-history":[{"count":0,"href":"https:\/\/www.europesays.com\/de\/wp-json\/wp\/v2\/posts\/651866\/revisions"}],"wp:featuredmedia":[{"embeddable":true,"href":"https:\/\/www.europesays.com\/de\/wp-json\/wp\/v2\/media\/651867"}],"wp:attachment":[{"href":"https:\/\/www.europesays.com\/de\/wp-json\/wp\/v2\/media?parent=651866"}],"wp:term":[{"taxonomy":"category","embeddable":true,"href":"https:\/\/www.europesays.com\/de\/wp-json\/wp\/v2\/categories?post=651866"},{"taxonomy":"post_tag","embeddable":true,"href":"https:\/\/www.europesays.com\/de\/wp-json\/wp\/v2\/tags?post=651866"}],"curies":[{"name":"wp","href":"https:\/\/api.w.org\/{rel}","templated":true}]}}