{"id":651870,"date":"2025-12-17T04:43:15","date_gmt":"2025-12-17T04:43:15","guid":{"rendered":"https:\/\/www.europesays.com\/de\/651870\/"},"modified":"2025-12-17T04:43:15","modified_gmt":"2025-12-17T04:43:15","slug":"preussen-muenster-futsal-und-mehr","status":"publish","type":"post","link":"https:\/\/www.europesays.com\/de\/651870\/","title":{"rendered":"Preu\u00dfen M\u00fcnster Futsal und mehr"},"content":{"rendered":"<p>\t\tFortuna Gronau freut sich auf Hallenspektakel<br \/>\n\t\t\t\t\tPreu\u00dfen M\u00fcnster Futsal und mehr<\/p>\n<p>\t\t<img alt=\"\" src=\"https:\/\/www.europesays.com\/de\/wp-content\/uploads\/2025\/06\/630_0036_185593_.jpg\"  class=\"avatar avatar-36 photo avatar-default\" height=\"36\" width=\"36\" loading=\"eager\" decoding=\"async\"\/>\t\t<a class=\"article-author__name\" href=\"https:\/\/www.muensterlandzeitung.de\/author\/sascha-keirat\/\" rel=\"author noopener\" target=\"_blank\">Sascha Keirat<\/a><br \/>\n\t\tLeitender Redakteur, Sportredaktion Ahaus<\/p>\n<p>    <a href=\"https:\/\/www.muensterlandzeitung.de\/wp-content\/uploads\/2025\/12\/16\/10\/630_0900_5485053_-1648x824.jpg\" target=\"_blank\" rel=\"noopener\"><\/p>\n<p>            <img loading=\"lazy\" decoding=\"async\" src=\"https:\/\/www.europesays.com\/de\/wp-content\/uploads\/2025\/12\/630_0900_5485050_-640x428.jpg\" width=\"640\" height=\"428\"  alt=\"\"\/><\/p>\n<p>    <\/a><br \/>\n    Eine Spielszene vom Vorjahresturnier: Sasun \u00dcl\u00fctas (Vorw\u00e4rts Epe) gegen Fortunas Hasan Dikmen \u00a9 Angelika Hoof<\/p>\n<p class=\"article__teaser-text\">Nach der Premiere des Turniers im Vorjahr begr\u00fc\u00dft Fortuna Gronau diesmal namhafte G\u00e4ste, setzt aber auch auf Lokalkolorit.<\/p>\n<p>2 Min Lesezeit<\/p>\n<p>Finale gegen 20.30 Uhr<\/p>\n","protected":false},"excerpt":{"rendered":"Fortuna Gronau freut sich auf Hallenspektakel Preu\u00dfen M\u00fcnster Futsal und mehr Sascha Keirat Leitender Redakteur, Sportredaktion Ahaus Eine&hellip;\n","protected":false},"author":2,"featured_media":651871,"comment_status":"","ping_status":"","sticky":false,"template":"","format":"standard","meta":{"footnotes":""},"categories":[1843],"tags":[5580,3364,29,30,128291,8970,1209],"class_list":{"0":"post-651870","1":"post","2":"type-post","3":"status-publish","4":"format-standard","5":"has-post-thumbnail","7":"category-muenster","8":"tag-amateurfussball","9":"tag-de","10":"tag-deutschland","11":"tag-germany","12":"tag-hallenfussball","13":"tag-muenster","14":"tag-nordrhein-westfalen"},"share_on_mastodon":{"url":"https:\/\/pubeurope.com\/@de\/115733084970301003","error":""},"_links":{"self":[{"href":"https:\/\/www.europesays.com\/de\/wp-json\/wp\/v2\/posts\/651870","targetHints":{"allow":["GET"]}}],"collection":[{"href":"https:\/\/www.europesays.com\/de\/wp-json\/wp\/v2\/posts"}],"about":[{"href":"https:\/\/www.europesays.com\/de\/wp-json\/wp\/v2\/types\/post"}],"author":[{"embeddable":true,"href":"https:\/\/www.europesays.com\/de\/wp-json\/wp\/v2\/users\/2"}],"replies":[{"embeddable":true,"href":"https:\/\/www.europesays.com\/de\/wp-json\/wp\/v2\/comments?post=651870"}],"version-history":[{"count":0,"href":"https:\/\/www.europesays.com\/de\/wp-json\/wp\/v2\/posts\/651870\/revisions"}],"wp:featuredmedia":[{"embeddable":true,"href":"https:\/\/www.europesays.com\/de\/wp-json\/wp\/v2\/media\/651871"}],"wp:attachment":[{"href":"https:\/\/www.europesays.com\/de\/wp-json\/wp\/v2\/media?parent=651870"}],"wp:term":[{"taxonomy":"category","embeddable":true,"href":"https:\/\/www.europesays.com\/de\/wp-json\/wp\/v2\/categories?post=651870"},{"taxonomy":"post_tag","embeddable":true,"href":"https:\/\/www.europesays.com\/de\/wp-json\/wp\/v2\/tags?post=651870"}],"curies":[{"name":"wp","href":"https:\/\/api.w.org\/{rel}","templated":true}]}}