{"id":651872,"date":"2025-12-17T04:44:39","date_gmt":"2025-12-17T04:44:39","guid":{"rendered":"https:\/\/www.europesays.com\/de\/651872\/"},"modified":"2025-12-17T04:44:39","modified_gmt":"2025-12-17T04:44:39","slug":"herford-marilena-nolting-uebernimmt-feuerwehrleitung","status":"publish","type":"post","link":"https:\/\/www.europesays.com\/de\/651872\/","title":{"rendered":"Herford: Marilena Nolting \u00fcbernimmt Feuerwehrleitung"},"content":{"rendered":"<p>Marilena Nolting wird neue Leiterin der Feuerwehr Herford. Sie l\u00f6st am 1. November Lutz K\u00f6lling als Leiterin der Feuer- und Rettungswache ab. K\u00f6lling geht in den Ruhestand. Der Herforder Rat hatte die Personalie in seiner letzten Sitzung beschlossen.<\/p>\n<p class=\"h2\">Master in Katastrophenmanagement<\/p>\n<p>Nolting ist aktuell Dozentin im Dezernat Krisenmanagement und Forschung am Institut der Feuerwehr Nordrhein-Westfalen in M\u00fcnster. Die 32-J\u00e4hrige hat au\u00dferdem einen Master in Katastrophenvorsorge und -management. Zudem engagiert sie sich ehrenamtlich in der Freiwilligen Feuerwehr im Kreis Lippe.<\/p>\n","protected":false},"excerpt":{"rendered":"Marilena Nolting wird neue Leiterin der Feuerwehr Herford. Sie l\u00f6st am 1. November Lutz K\u00f6lling als Leiterin der&hellip;\n","protected":false},"author":2,"featured_media":651873,"comment_status":"","ping_status":"","sticky":false,"template":"","format":"standard","meta":{"footnotes":""},"categories":[1841],"tags":[1605,3364,29,985,30,16398,152791,152790,1209],"class_list":{"0":"post-651872","1":"post","2":"type-post","3":"status-publish","4":"format-standard","5":"has-post-thumbnail","7":"category-bielefeld","8":"tag-bielefeld","9":"tag-de","10":"tag-deutschland","11":"tag-feuerwehr","12":"tag-germany","13":"tag-herford","14":"tag-katastrophenmanagement","15":"tag-marilena-nolting","16":"tag-nordrhein-westfalen"},"share_on_mastodon":{"url":"https:\/\/pubeurope.com\/@de\/115733087136529436","error":""},"_links":{"self":[{"href":"https:\/\/www.europesays.com\/de\/wp-json\/wp\/v2\/posts\/651872","targetHints":{"allow":["GET"]}}],"collection":[{"href":"https:\/\/www.europesays.com\/de\/wp-json\/wp\/v2\/posts"}],"about":[{"href":"https:\/\/www.europesays.com\/de\/wp-json\/wp\/v2\/types\/post"}],"author":[{"embeddable":true,"href":"https:\/\/www.europesays.com\/de\/wp-json\/wp\/v2\/users\/2"}],"replies":[{"embeddable":true,"href":"https:\/\/www.europesays.com\/de\/wp-json\/wp\/v2\/comments?post=651872"}],"version-history":[{"count":0,"href":"https:\/\/www.europesays.com\/de\/wp-json\/wp\/v2\/posts\/651872\/revisions"}],"wp:featuredmedia":[{"embeddable":true,"href":"https:\/\/www.europesays.com\/de\/wp-json\/wp\/v2\/media\/651873"}],"wp:attachment":[{"href":"https:\/\/www.europesays.com\/de\/wp-json\/wp\/v2\/media?parent=651872"}],"wp:term":[{"taxonomy":"category","embeddable":true,"href":"https:\/\/www.europesays.com\/de\/wp-json\/wp\/v2\/categories?post=651872"},{"taxonomy":"post_tag","embeddable":true,"href":"https:\/\/www.europesays.com\/de\/wp-json\/wp\/v2\/tags?post=651872"}],"curies":[{"name":"wp","href":"https:\/\/api.w.org\/{rel}","templated":true}]}}