{"id":651885,"date":"2025-12-17T04:54:13","date_gmt":"2025-12-17T04:54:13","guid":{"rendered":"https:\/\/www.europesays.com\/de\/651885\/"},"modified":"2025-12-17T04:54:13","modified_gmt":"2025-12-17T04:54:13","slug":"berlin-ukraine-gipfel-offenbart-neue-macht-ordnung-in-europa-politik","status":"publish","type":"post","link":"https:\/\/www.europesays.com\/de\/651885\/","title":{"rendered":"Berlin: Ukraine-Gipfel offenbart neue Macht-Ordnung in Europa! | Politik"},"content":{"rendered":"<p><b>Es war ein historischer Moment in Berlin: Am Montagabend trat eine Allianz der Willigen vor die Kameras \u2013 an der Seite von Ukraine-Pr\u00e4sident Wolodymyr Selenskyj. Nicht nur EU-Staaten waren dabei, sondern auch Gro\u00dfbritannien und der gesamte Norden des Kontinents (mit dem Nicht-EU-Mitglied Norwegen)!<\/b><\/p>\n<p>Der Historiker Michael Wolffsohn (78) spricht in BILD von einer Z\u00e4sur: Erstmals seit dem Zweiten Weltkrieg \u00fcbernehme Europa f\u00fcr sich selbst Verantwortung. Das Gruppenbild aus dem Kanzleramt\u00a0\u2013 es zeigt auch die neue Macht-Ordnung in Europa. <\/p>\n<p><b>Lesen Sie mit BILDPlus, welche L\u00e4nder in dieser neuen Ordnung zu den Aufsteigern und welche zu den Absteigern z\u00e4hlen. Und warum besonders ein Land im Fokus steht. <\/b><\/p>\n","protected":false},"excerpt":{"rendered":"Es war ein historischer Moment in Berlin: Am Montagabend trat eine Allianz der Willigen vor die Kameras \u2013&hellip;\n","protected":false},"author":2,"featured_media":651886,"comment_status":"","ping_status":"","sticky":false,"template":"","format":"standard","meta":{"footnotes":""},"categories":[4012],"tags":[331,332,13,14,15,3082,307,12,45,1017,317,3081],"class_list":{"0":"post-651885","1":"post","2":"type-post","3":"status-publish","4":"format-standard","5":"has-post-thumbnail","7":"category-ukraine","8":"tag-aktuelle-nachrichten","9":"tag-aktuelle-news","10":"tag-headlines","11":"tag-nachrichten","12":"tag-news","13":"tag-putin-wladimir","14":"tag-russland","15":"tag-schlagzeilen","16":"tag-texttospeech","17":"tag-trump-donald","18":"tag-ukraine","19":"tag-ukraine-konflikt"},"share_on_mastodon":{"url":"https:\/\/pubeurope.com\/@de\/115733126740901842","error":""},"_links":{"self":[{"href":"https:\/\/www.europesays.com\/de\/wp-json\/wp\/v2\/posts\/651885","targetHints":{"allow":["GET"]}}],"collection":[{"href":"https:\/\/www.europesays.com\/de\/wp-json\/wp\/v2\/posts"}],"about":[{"href":"https:\/\/www.europesays.com\/de\/wp-json\/wp\/v2\/types\/post"}],"author":[{"embeddable":true,"href":"https:\/\/www.europesays.com\/de\/wp-json\/wp\/v2\/users\/2"}],"replies":[{"embeddable":true,"href":"https:\/\/www.europesays.com\/de\/wp-json\/wp\/v2\/comments?post=651885"}],"version-history":[{"count":0,"href":"https:\/\/www.europesays.com\/de\/wp-json\/wp\/v2\/posts\/651885\/revisions"}],"wp:featuredmedia":[{"embeddable":true,"href":"https:\/\/www.europesays.com\/de\/wp-json\/wp\/v2\/media\/651886"}],"wp:attachment":[{"href":"https:\/\/www.europesays.com\/de\/wp-json\/wp\/v2\/media?parent=651885"}],"wp:term":[{"taxonomy":"category","embeddable":true,"href":"https:\/\/www.europesays.com\/de\/wp-json\/wp\/v2\/categories?post=651885"},{"taxonomy":"post_tag","embeddable":true,"href":"https:\/\/www.europesays.com\/de\/wp-json\/wp\/v2\/tags?post=651885"}],"curies":[{"name":"wp","href":"https:\/\/api.w.org\/{rel}","templated":true}]}}