{"id":651892,"date":"2025-12-17T04:58:58","date_gmt":"2025-12-17T04:58:58","guid":{"rendered":"https:\/\/www.europesays.com\/de\/651892\/"},"modified":"2025-12-17T04:58:58","modified_gmt":"2025-12-17T04:58:58","slug":"zwei-deutschland-konzerte-rockband-europe-feiert-40-jahre-final-countdown-kultur","status":"publish","type":"post","link":"https:\/\/www.europesays.com\/de\/651892\/","title":{"rendered":"Zwei Deutschland-Konzerte &#8211; Rockband Europe feiert 40 Jahre \u201eFinal Countdown\u201c &#8211; Kultur"},"content":{"rendered":"<p data-manual=\"paragraph\" data-schema-org-speakable=\"true\" class=\"css-1eosz7k\">London (dpa) &#8211; Die schwedische Rockband Europe feiert im kommenden Jahr das 40. Jubil\u00e4um ihres Welthits \u201eThe Final Countdown\u201c und des gleichnamigen Erfolgsalbums von 1986 mit einer Welttournee, die auch zwei Konzerte in Deutschland umfasst. Am heutigen Donnerstag beginnt der Vorverkauf f\u00fcr zwei Konzerte in Stuttgart und in Berlin (16. und 19. Oktober 2026).<\/p>\n<p>In 25 L\u00e4ndern ein Nummer-Eins-Hit<\/p>\n<p data-manual=\"paragraph\" data-schema-org-speakable=\"true\" class=\"css-1eosz7k\">Bei den Shows werden Europe, die in derselben Besetzung wie damals auftreten, das Album \u201eThe Final Countdown\u201c in voller L\u00e4nge spielen. Die LP schaffte es damals bis auf Platz 6 der deutschen Albumcharts. Der Titelsong mit der ber\u00fchmten Keyboard-Melodie toppte damals in 25 L\u00e4ndern &#8211; darunter Deutschland &#8211; die Hitparaden und machte die <a href=\"https:\/\/www.sueddeutsche.de\/thema\/Schweden\" target=\"_blank\" rel=\"noopener\">Schweden<\/a> weltber\u00fchmt.<\/p>\n<p>YouTubeDie SZ-Redaktion hat diesen Artikel mit einem Inhalt von YouTube angereichert<\/p>\n<p class=\"css-kxe210\">Um Ihre Daten zu sch\u00fctzen, wurde er nicht ohne Ihre Zustimmung geladen.<\/p>\n<p>Inhalt jetzt laden<\/p>\n<p class=\"css-orh8zx\">Ich bin damit einverstanden, dass mir Inhalte von YouTube angezeigt werden. Damit werden personenbezogene Daten an den Betreiber des Portals zur Nutzungsanalyse \u00fcbermittelt. Mehr Informationen und eine Widerrufsm\u00f6glichkeit finden Sie unter\u00a0<a href=\"https:\/\/datenschutz.sueddeutsche.de\/sz\" class=\"css-lqefuc\" target=\"_blank\" rel=\"noopener\">sz.de\/datenschutz<\/a>.<\/p>\n<p data-manual=\"paragraph\" data-schema-org-speakable=\"true\" class=\"css-1eosz7k\">Im Internet- und Streaming-Zeitalter erlebte der Gassenhauer, der auch bei Sportveranstaltungen gern gespielt wird, eine Renaissance. 2022 erhielten Europa von der Online-Plattform Youtube eine Auszeichnung als erste schwedische Band, die eine Milliarde Aufrufe f\u00fcr einen einzelnen Song erzielt habe. Inzwischen liegt die Zahl bei fast 1,4 Milliarden Aufrufen.<\/p>\n<p>Kultalbum und Greatest Hits<\/p>\n<p data-manual=\"paragraph\" data-schema-org-speakable=\"true\" class=\"css-1eosz7k\">Neben den Songs des Kultalbums werden Joey Tempest (Gesang), John Norum (Gitarre), John Lev\u00e9n (Bass), Mic Michaeli (Keyboard) und Ian Haugland (Schlagzeug) auf ihrer \u201eThe Final Countdown 40th Anniversary\u201c-Tour zahlreiche andere Songs aus ihrer langen Karriere zum Besten geben.\u00a0<\/p>\n<p data-manual=\"paragraph\" data-schema-org-speakable=\"true\" class=\"css-1eosz7k\">Sp\u00e4tere Hits waren \u201eSuperstitious\u201c, \u201eOpen Your Heart\u201c und \u201eLet The Good Times Rock\u201c. Die Tour f\u00fchrt durch insgesamt zw\u00f6lf L\u00e4nder, darunter auch die Schweiz (zum Beispiel Z\u00fcrich am 13.10.) und \u00d6sterreich (Wien am 17.10.) sowie <a href=\"https:\/\/www.sueddeutsche.de\/thema\/Gro%C3%9Fbritannien\" target=\"_blank\" rel=\"noopener\">Gro\u00dfbritannien<\/a>.<\/p>\n<p data-manual=\"paragraph\" data-schema-org-speakable=\"true\" class=\"css-1eosz7k\">\u00a9 dpa-infocom, dpa:251127-930-346793\/1<\/p>\n","protected":false},"excerpt":{"rendered":"London (dpa) &#8211; Die schwedische Rockband Europe feiert im kommenden Jahr das 40. Jubil\u00e4um ihres Welthits \u201eThe Final&hellip;\n","protected":false},"author":2,"featured_media":651893,"comment_status":"","ping_status":"","sticky":false,"template":"","format":"standard","meta":{"footnotes":""},"categories":[3933],"tags":[331,332,147,548,663,158,3934,3935,551,29843,13,80,2549,810,14,15,1703,546,14683,12,1319,37142,149],"class_list":{"0":"post-651892","1":"post","2":"type-post","3":"status-publish","4":"format-standard","5":"has-post-thumbnail","7":"category-eu","8":"tag-aktuelle-nachrichten","9":"tag-aktuelle-news","10":"tag-ausland","11":"tag-eu","12":"tag-europa","13":"tag-europaeische-union","14":"tag-europe","15":"tag-european-union","16":"tag-grossbritannien","17":"tag-hardrock","18":"tag-headlines","19":"tag-kultur","20":"tag-leute","21":"tag-musik","22":"tag-nachrichten","23":"tag-news","24":"tag-pop","25":"tag-rock","26":"tag-rockmusik","27":"tag-schlagzeilen","28":"tag-schweden","29":"tag-skandinavien","30":"tag-sueddeutsche-zeitung"},"share_on_mastodon":{"url":"https:\/\/pubeurope.com\/@de\/115733146068837612","error":""},"_links":{"self":[{"href":"https:\/\/www.europesays.com\/de\/wp-json\/wp\/v2\/posts\/651892","targetHints":{"allow":["GET"]}}],"collection":[{"href":"https:\/\/www.europesays.com\/de\/wp-json\/wp\/v2\/posts"}],"about":[{"href":"https:\/\/www.europesays.com\/de\/wp-json\/wp\/v2\/types\/post"}],"author":[{"embeddable":true,"href":"https:\/\/www.europesays.com\/de\/wp-json\/wp\/v2\/users\/2"}],"replies":[{"embeddable":true,"href":"https:\/\/www.europesays.com\/de\/wp-json\/wp\/v2\/comments?post=651892"}],"version-history":[{"count":0,"href":"https:\/\/www.europesays.com\/de\/wp-json\/wp\/v2\/posts\/651892\/revisions"}],"wp:featuredmedia":[{"embeddable":true,"href":"https:\/\/www.europesays.com\/de\/wp-json\/wp\/v2\/media\/651893"}],"wp:attachment":[{"href":"https:\/\/www.europesays.com\/de\/wp-json\/wp\/v2\/media?parent=651892"}],"wp:term":[{"taxonomy":"category","embeddable":true,"href":"https:\/\/www.europesays.com\/de\/wp-json\/wp\/v2\/categories?post=651892"},{"taxonomy":"post_tag","embeddable":true,"href":"https:\/\/www.europesays.com\/de\/wp-json\/wp\/v2\/tags?post=651892"}],"curies":[{"name":"wp","href":"https:\/\/api.w.org\/{rel}","templated":true}]}}