{"id":651988,"date":"2025-12-17T05:55:14","date_gmt":"2025-12-17T05:55:14","guid":{"rendered":"https:\/\/www.europesays.com\/de\/651988\/"},"modified":"2025-12-17T05:55:14","modified_gmt":"2025-12-17T05:55:14","slug":"verhoer-startet-bald-bondi-beach-attentaeter-erwacht-aus-koma-erstes-opfer-beerdigt","status":"publish","type":"post","link":"https:\/\/www.europesays.com\/de\/651988\/","title":{"rendered":"Verh\u00f6r startet bald: Bondi-Beach-Attent\u00e4ter erwacht aus Koma \u2013 erstes Opfer beerdigt"},"content":{"rendered":"<p>Einer der islamistischen Terror-Sch\u00fctzen des Anschlags von Sonntag auf ein j\u00fcdisches Fest in Sydney ist aus seinem Koma erwacht. Vorher fand die erste Beerdigung eines seiner Opfer statt. Mehr Details zur Identit\u00e4t des T\u00e4ter-Duos kommen zudem ans Licht.<\/p>\n<p class=\"is-first-paragraph\" data-external=\"Article.FirstParagraph\">Der \u00fcberlebende Sch\u00fctze des Vater-Sohn-Duos, das w\u00e4hrend einer Chanukka-Feier 15 Menschen am <a class=\"is-link c-block-items__link c-link--rich-text-renderer\" href=\"https:\/\/www.welt.de\/politik\/ausland\/article693e8ea8f679420e000b4448\/angriff-am-bondi-beach-hoelle-auf-erden-der-terroranschlag-der-australien-erschuettert.html\" target=\"_blank\" rel=\"noopener nofollow\" data-internal-tracking-enabled=\"true\" data-internal-tracking=\"{&quot;action&quot;:&quot;click&quot;,&quot;label&quot;:&quot;link&quot;,&quot;name&quot;:&quot;Inline Element&quot;,&quot;data&quot;:{&quot;source&quot;:&quot;&quot;,&quot;target&quot;:&quot;https:\/\/www.welt.de\/politik\/ausland\/article693e8ea8f679420e000b4448\/angriff-am-bondi-beach-hoelle-auf-erden-der-terroranschlag-der-australien-erschuettert.html&quot;,&quot;trackingName&quot;:&quot;&quot;,&quot;trackingLabel&quot;:&quot;&quot;}}\">Bondi Beach <\/a>in Sydney get\u00f6tet hat, ist nach einem Koma wieder zu Bewusstsein gekommen.<\/p>\n<p>Die Polizei von New South Wales, wo sich Sydney befindet, werde voraussichtlich am Mittwoch mit der Befragung des 24-j\u00e4hrigen Naveed Akram beginnen, teilte Polizeichef Mal Lanyon am Morgen dem australischen Radiosender 2GB mit. Diese Entwicklung erfolgt, w\u00e4hrend weitere Details \u00fcber den Hintergrund des Duos und dessen Verbindungen zu terroristischen Gruppen bekannt werden. <\/p>\n<p>Am Mittwochmorgen wurde die Polizeipr\u00e4senz in Bondi verst\u00e4rkt, als sich Menschenmengen zur ersten Beerdigung der Opfer versammelten. Rabbi Eli Schlanger, ein 41-j\u00e4hriger Vater von f\u00fcnf Kindern, wurde bei einer gut besuchten Trauerfeier in einer Synagoge nur einen Kilometer vom Ort des Anschlags entfernt verabschiedet. <\/p>\n<p>\u201eEs ist unfassbar, dass wir in der Vergangenheitsform von dir sprechen\u201c, sagte Schlangers Schwiegervater, Rabbi Yehoram Ulman, bei der Trauerfeier. \u201eEli war der beste Ehemann, der beste Vater, der beste Sohn.\u201c<\/p>\n<p>Eine Online-Spendenaktion f\u00fcr Schlangers Familie hatte bis Mittwochmittag mehr als 570.000 australische Dollar (circa 320.000 Euro) eingebracht.<\/p>\n<p>Am sp\u00e4ten Dienstagabend best\u00e4tigte die indische Polizei, dass der verstorbene Sch\u00fctze Sajid Akram, 50, indischer Staatsb\u00fcrger war und seit seiner Auswanderung nach Australien vor 27 Jahren nur noch begrenzten Kontakt zu seiner Familie in seiner Heimat hatte. Er stammte urspr\u00fcnglich aus der Stadt Hyderabad, wo er ein Wirtschaftsstudium abgeschlossen hatte, bevor er 1998 nach Australien auswanderte, teilte die Polizei des Bundesstaates Telangana in einer Erkl\u00e4rung mit. <\/p>\n<p>Bloomberg\/jac<\/p>\n","protected":false},"excerpt":{"rendered":"Einer der islamistischen Terror-Sch\u00fctzen des Anschlags von Sonntag auf ein j\u00fcdisches Fest in Sydney ist aus seinem Koma&hellip;\n","protected":false},"author":2,"featured_media":651989,"comment_status":"","ping_status":"","sticky":false,"template":"","format":"standard","meta":{"footnotes":""},"categories":[3],"tags":[57014,13,14,15,110,12,120795,151563,10,8,9,11,103,104],"class_list":{"0":"post-651988","1":"post","2":"type-post","3":"status-publish","4":"format-standard","5":"has-post-thumbnail","7":"category-welt","8":"tag-antisemitismus-ks","9":"tag-headlines","10":"tag-nachrichten","11":"tag-news","12":"tag-newsteam","13":"tag-schlagzeilen","14":"tag-sydney","15":"tag-terroranschlaege-ks","16":"tag-top-news","17":"tag-top-meldungen","18":"tag-topmeldungen","19":"tag-topnews","20":"tag-welt","21":"tag-world"},"share_on_mastodon":{"url":"https:\/\/pubeurope.com\/@de\/115733366378991262","error":""},"_links":{"self":[{"href":"https:\/\/www.europesays.com\/de\/wp-json\/wp\/v2\/posts\/651988","targetHints":{"allow":["GET"]}}],"collection":[{"href":"https:\/\/www.europesays.com\/de\/wp-json\/wp\/v2\/posts"}],"about":[{"href":"https:\/\/www.europesays.com\/de\/wp-json\/wp\/v2\/types\/post"}],"author":[{"embeddable":true,"href":"https:\/\/www.europesays.com\/de\/wp-json\/wp\/v2\/users\/2"}],"replies":[{"embeddable":true,"href":"https:\/\/www.europesays.com\/de\/wp-json\/wp\/v2\/comments?post=651988"}],"version-history":[{"count":0,"href":"https:\/\/www.europesays.com\/de\/wp-json\/wp\/v2\/posts\/651988\/revisions"}],"wp:featuredmedia":[{"embeddable":true,"href":"https:\/\/www.europesays.com\/de\/wp-json\/wp\/v2\/media\/651989"}],"wp:attachment":[{"href":"https:\/\/www.europesays.com\/de\/wp-json\/wp\/v2\/media?parent=651988"}],"wp:term":[{"taxonomy":"category","embeddable":true,"href":"https:\/\/www.europesays.com\/de\/wp-json\/wp\/v2\/categories?post=651988"},{"taxonomy":"post_tag","embeddable":true,"href":"https:\/\/www.europesays.com\/de\/wp-json\/wp\/v2\/tags?post=651988"}],"curies":[{"name":"wp","href":"https:\/\/api.w.org\/{rel}","templated":true}]}}