{"id":652036,"date":"2025-12-17T06:23:14","date_gmt":"2025-12-17T06:23:14","guid":{"rendered":"https:\/\/www.europesays.com\/de\/652036\/"},"modified":"2025-12-17T06:23:14","modified_gmt":"2025-12-17T06:23:14","slug":"mercosur-viertgroesster-lebensmittelhaendler-frankreichs-droht-mit-boykott","status":"publish","type":"post","link":"https:\/\/www.europesays.com\/de\/652036\/","title":{"rendered":"Mercosur: Viertgr\u00f6\u00dfter Lebensmittelh\u00e4ndler Frankreichs droht mit Boykott"},"content":{"rendered":"<p>\n         Zuerst ver\u00f6ffentlicht am<br \/>\n            17\/12\/2025 &#8211; 7:15 MEZ\n            <\/p>\n<p>F\u00fcr Dominique Schelcher, Pr\u00e4sident und Generaldirektor von Coop\u00e9rative U, ist die Angelegenheit klar:_&#8220;_Wir werden diese Produkte aus S\u00fcdamerika nicht kaufen, solange es gleichwertige franz\u00f6sische Produkte gibt.&#8220;<\/p>\n<p>Im franz\u00f6sischen Fernsehen sprach sich der Gesch\u00e4ftsf\u00fchrer des viertgr\u00f6\u00dften Einzelhandelsunternehmens Frankreichs gegen ein<a href=\"https:\/\/de.euronews.com\/my-europe\/2025\/12\/16\/streit-mercosur-schutzklauseln\" target=\"_blank\" rel=\"noopener\"> <strong>k\u00fcnftiges Freihandelsabkommen<\/strong> <\/a>zwischen Europa und den s\u00fcdamerikanischen Mercosur-L\u00e4ndern aus.<\/p>\n<p>Das geplante Handelsabkommen wurde vor 25 Jahren ins Leben gerufen und ist in Frankreich immer auf heftigen Widerstand gesto\u00dfen, seitens der politischen Klasse, aber vor allem seitens der Landwirte und ihrer m\u00e4chtigen Gewerkschaften. Die franz\u00f6sischen Landwirtschaftsbetriebe produzieren <a href=\"https:\/\/www.insee.fr\/fr\/statistiques\/7728839?sommaire=7728903\" target=\"_blank\" rel=\"noreferrer noopener\"><strong>im Jahr 2022 Agrarprodukte im Wert von 88,2 Milliarden Euro<\/strong><\/a>, womit Frankreich der gr\u00f6\u00dfte Agrarproduzent Europas ist.<\/p>\n<p>Vorwurf &#8222;unlauterer Wettbewerb&#8220;<\/p>\n<p>Hinter den gegnerischen Stimmen aus der Landwirtschaft steht die Frage des Wettbewerbs und der Vorschriften. Dominique Schelcher greift diese Rhetorik auf: &#8222;Wenn man die Landwirte zwingt, nach bestimmten Normen zu produzieren, die schwer wiegen, aber Produkte mit geringeren Auflagen auf den Markt kommen, ist das unlauterer Wettbewerb.&#8220;<\/p>\n<p>Man muss zugeben, dass die Diskussion um das Mercosur-Abkommen zu einer ung\u00fcnstigen Zeit kommt. Die franz\u00f6sischen Landwirte sind bereits ver\u00e4rgert und blockieren deshalb Verkehrsachsen im Land. Grund daf\u00fcr sind die Gesundheitsvorschriften im Zusammenhang mit dem Umgang mit Lumpy Skin Disease (LSD), die seit dem Sommer zur Schlachtung mehrerer Rinderherden gef\u00fchrt haben.<\/p>\n<p>Regulierungen, von denen viele Viehz\u00fcchter glauben, dass sie nicht f\u00fcr ihre argentinischen, bolivianischen oder brasilianischen Kollegen im Rahmen eines Freihandelsabkommens mit dem Mercosur gelten werden.<\/p>\n<p>Hinzu kommt eine protektionistische Bewegung in der franz\u00f6sischen Landwirtschaft, die sich in den letzten Jahren verst\u00e4rkt hat. Noch bevor das Thema Mercosur aufkam, als er \u00fcber die Stellung der Einzelh\u00e4ndler w\u00e4hrend der Weihnachtszeit befragt wurde, betonte der Vorstandsvorsitzende von Coop\u00e9rative U die Notwendigkeit, franz\u00f6sisch zu konsumieren.<\/p>\n<p>&#8222;Die wahre Sache, die die Franzosen tun m\u00fcssen, ist, f\u00fcr die Feiertage franz\u00f6sisch zu kaufen. Es ist unsere Verantwortung als Gesch\u00e4ft, so viele franz\u00f6sische Produkte wie m\u00f6glich anzubieten&#8220;, argumentiert er. &#8222;Jetzt m\u00fcssen die K\u00e4ufer das haben, was ich den Reflex &#8222;origine France&#8220; nenne. Wenn Sie das Produkt in die Hand nehmen, drehen Sie es um, und wenn da nicht &#8222;origine France&#8220; draufsteht, legen Sie es zur\u00fcck.&#8220;<\/p>\n<p>Eine Abstimmung im Rat ist kommende Woche geplant<\/p>\n<p>Die franz\u00f6sische Opposition reicht derzeit nicht aus, um die Kommission zum Einlenken zu bewegen. Sie k\u00fcndigte diese Woche an, <a href=\"https:\/\/de.euronews.com\/my-europe\/2025\/12\/16\/mercosur-abkommen-eu\" target=\"_blank\" rel=\"noopener\"><strong>bis Ende des Jahres eine Einigung<\/strong><\/a> erzielen zu wollen. <\/p>\n<p>F\u00fcr die Unterst\u00fctzer des Freihandelsabkommens wird die Unterzeichnung des Vertrags dringend notwendig. Angef\u00fchrt von Deutschland und Spanien hoffen sie, dass dieses Abkommen der EU Zugang zu wichtigen strategischen M\u00e4rkten in einem komplizierten globalen Wirtschaftsumfeld verschaffen wird.<\/p>\n<p>Auf der Zielgeraden dr\u00e4ngte Paris auf _&#8220;_Gegenseitigkeitsklauseln&#8220;, die die Umwelt- und Agrarstandards des Mercosur an die der EU angleichen. Diese umstrittenen Bedingungen k\u00f6nnten die Unterzeichnung des Abkommens in Frage stellen. Frankreich fordert au\u00dferdem strengere Gesundheits- und Pflanzenschutzkontrollen seitens der EU.<\/p>\n<p>Die Kritiker des Abkommens, zu denen auch Dominique Schelcher geh\u00f6rt, geben die Hoffnung nicht auf. &#8222;Ich hoffe, dass am Donnerstag die Forderungen Frankreichs zum Schutz unserer Landwirtschaft ber\u00fccksichtigt werden&#8220;,forderte er in seinem Interview.<\/p>\n<p>&#8222;Dass es Vertr\u00e4ge gibt, dass es internationalen Handel gibt, ja. Aber man kann das nicht tun, wenn die Gefahr besteht, dass unsere Produzenten und unsere Wirtschaft geschw\u00e4cht werden&#8220;, schloss er.<\/p>\n","protected":false},"excerpt":{"rendered":"Zuerst ver\u00f6ffentlicht am 17\/12\/2025 &#8211; 7:15 MEZ F\u00fcr Dominique Schelcher, Pr\u00e4sident und Generaldirektor von Coop\u00e9rative U, ist die&hellip;\n","protected":false},"author":2,"featured_media":652037,"comment_status":"","ping_status":"","sticky":false,"template":"","format":"standard","meta":{"footnotes":""},"categories":[3974],"tags":[331,332,548,663,3934,3980,156,13,111981,44036,76235,14,15,12],"class_list":{"0":"post-652036","1":"post","2":"type-post","3":"status-publish","4":"format-standard","5":"has-post-thumbnail","7":"category-frankreich","8":"tag-aktuelle-nachrichten","9":"tag-aktuelle-news","10":"tag-eu","11":"tag-europa","12":"tag-europe","13":"tag-france","14":"tag-frankreich","15":"tag-headlines","16":"tag-internationale-handelsabkommen","17":"tag-internationaler-handel","18":"tag-mercosur","19":"tag-nachrichten","20":"tag-news","21":"tag-schlagzeilen"},"share_on_mastodon":{"url":"https:\/\/pubeurope.com\/@de\/115733476353102909","error":""},"_links":{"self":[{"href":"https:\/\/www.europesays.com\/de\/wp-json\/wp\/v2\/posts\/652036","targetHints":{"allow":["GET"]}}],"collection":[{"href":"https:\/\/www.europesays.com\/de\/wp-json\/wp\/v2\/posts"}],"about":[{"href":"https:\/\/www.europesays.com\/de\/wp-json\/wp\/v2\/types\/post"}],"author":[{"embeddable":true,"href":"https:\/\/www.europesays.com\/de\/wp-json\/wp\/v2\/users\/2"}],"replies":[{"embeddable":true,"href":"https:\/\/www.europesays.com\/de\/wp-json\/wp\/v2\/comments?post=652036"}],"version-history":[{"count":0,"href":"https:\/\/www.europesays.com\/de\/wp-json\/wp\/v2\/posts\/652036\/revisions"}],"wp:featuredmedia":[{"embeddable":true,"href":"https:\/\/www.europesays.com\/de\/wp-json\/wp\/v2\/media\/652037"}],"wp:attachment":[{"href":"https:\/\/www.europesays.com\/de\/wp-json\/wp\/v2\/media?parent=652036"}],"wp:term":[{"taxonomy":"category","embeddable":true,"href":"https:\/\/www.europesays.com\/de\/wp-json\/wp\/v2\/categories?post=652036"},{"taxonomy":"post_tag","embeddable":true,"href":"https:\/\/www.europesays.com\/de\/wp-json\/wp\/v2\/tags?post=652036"}],"curies":[{"name":"wp","href":"https:\/\/api.w.org\/{rel}","templated":true}]}}