{"id":652421,"date":"2025-12-17T10:14:20","date_gmt":"2025-12-17T10:14:20","guid":{"rendered":"https:\/\/www.europesays.com\/de\/652421\/"},"modified":"2025-12-17T10:14:20","modified_gmt":"2025-12-17T10:14:20","slug":"ddr-garagen-in-sassnitz-stadtvertreter-stimmen-fuer-neue-miet-regelung","status":"publish","type":"post","link":"https:\/\/www.europesays.com\/de\/652421\/","title":{"rendered":"DDR-Garagen in Sassnitz: Stadtvertreter stimmen f\u00fcr neue Miet-Regelung"},"content":{"rendered":"<p>        <img decoding=\"async\" src=\"https:\/\/www.europesays.com\/de\/wp-content\/uploads\/2025\/12\/ddrgaragen-102.webp\" alt=\"Blick auf einen Komplex von Garagen aus DDR-Zeiten. \" title=\"Blick auf einen Komplex von Garagen aus DDR-Zeiten.  | Screenshot\/NDR\" class=\"responsive\"\/><\/p>\n<p>AUDIO: DDR-Garagen in Sassnitz:  B\u00fcrgermeister Leon Kr\u00e4usche nach Kompromiss (1 Min)<\/p>\n<p>\n            Stand: 17.12.2025 07:07 Uhr<\/p>\n<p class=\"preface\">Die Stadtvertretung in Sassnitz hat im Garagenstreit mit gro\u00dfer Mehrheit f\u00fcr einen Kompromiss gestimmt. F\u00fcr die 1.200 betroffenen P\u00e4chter ist eine schnelle R\u00e4umung der Garagen damit vorerst abgewendet.<\/p>\n<p class=\"\">Mit 15 Ja-Stimmen, einer Gegenstimme und einer Enthaltung haben die Stadtvertreter in Sassnitz am Dienstagabend f\u00fcr einen Kompromiss gestimmt. Sie einigten sich darauf, dass die K\u00fcndigungen der Pachtvertr\u00e4ge rechtens sind, es aber einen v\u00f6llig neuen Vertrag geben solle. Dieser werde gemeinsam von der Verwaltung und den P\u00e4chtern erarbeitet. Der Beschluss bedeute f\u00fcr die Garagenbesitzer zun\u00e4chst Rechtssicherheit, sagte Sassnitz\u2019 B\u00fcrgermeister Leon Kr\u00e4usche (parteilos).<\/p>\n<p>        <img decoding=\"async\" src=\"https:\/\/www.europesays.com\/de\/wp-content\/uploads\/2025\/12\/screenshot-96192.webp\" alt=\"Viele Garagen mit farbigen T\u00fcren, die nebeneinander stehen.\" title=\"Viele Garagen mit farbigen T\u00fcren, die nebeneinander stehen. | Screenshot\" class=\"responsive\" loading=\"lazy\"\/><\/p>\n<p>Die Stadtvertreter stimmten mit gro\u00dfer Mehrheit f\u00fcr den Entwurf &#8211; stattdessen sollen nun Mietvertr\u00e4ge unterzeichnet werden. <\/p>\n<p class=\"\">Bislang zahlten die P\u00e4chter 30 Euro pro Jahr, vorgesehen war jedoch eine Erh\u00f6hung auf 35 Euro pro Monat, dann allerdings als Miete. Die Stadtvertreter schlugen nun vor, langj\u00e4hrige Garagennutzer g\u00fcnstiger zu stellen: Sie sollen k\u00fcnftig 120 Euro pro Jahr zahlen und damit weniger als Neumieter.<\/p>\n<p>    Garagen gingen 2017 auf Grundst\u00fcckseigent\u00fcmer \u00fcber<\/p>\n<p class=\"\">Hintergrund ist, dass \u00dcbergangsfristen aus dem deutsch-deutschen Einigungsvertrag abgelaufen sind. Bis 2017 konnten die Garagen mit Einverst\u00e4ndnis des Landeigent\u00fcmers noch von Besitzer zu Besitzer als Eigentum verkauft werden. Seitdem sind die Garagen als fester Teil des Grundst\u00fccks definiert, also Eigentum des Landbesitzers, in dem Fall der Gemeinde.<\/p>\n<p>    Neue Einnahmen f\u00fcr die klamme Stadtkasse<\/p>\n<p class=\"\">B\u00fcrgermeister und Stadtverwaltung hatten schon im November einen Antrag gestellt, dass die P\u00e4chter rausm\u00fcssen. Das hatten die Stadtvertreter jedoch abgelehnt. Nun ist im zweiten Anlauf der Antrag durchgegangen. Die Stadt Sassnitz hat Schulden und sucht nach neuen Einnahmequellen. Die Garagen k\u00f6nnten einen Teil zur L\u00f6sung des Finanzproblems beitragen. Auch wenn es eine schnelle R\u00e4umung der 1.200 Garagen nicht geben solle, <a href=\"https:\/\/www.ndr.de\/nachrichten\/mecklenburg-vorpommern\/ddr-garagen-sassnitzer-fuehlen-sich-von-stadt-ueberrumpelt,ddrgaragen-100.html\" title=\"DDR-Garagen: Sassnitzer f\u00fchlen sich von Stadt \u00fcberrumpelt\u00a0\" rel=\"nofollow noopener\" target=\"_blank\">sind viele Altp\u00e4chter emp\u00f6rt<\/a>. Sie haben angek\u00fcndigt, gegen die Entscheidung der Stadt gerichtlich vorzugehen. Sie kritisierten unter anderem, dass der neue Vertrag den Vermieter von den meisten Pflichten ausnehme und auf die Mieter \u00fcbertrage, obwohl denen die Garagen dann nicht mehr geh\u00f6ren.<\/p>\n<p>    Stadt f\u00fchrt un\u00fcbersichtliche Mietverh\u00e4ltnisse und Grundsteuerreform an<\/p>\n<p class=\"\">Schon im Sommer hatte die Stadt 1.200 Garagennutzern zum Jahresende gek\u00fcndigt und ihnen einen neuen Vertrag mit neuen Bedingungen zugeschickt.\u00a0<a href=\"https:\/\/www.ndr.de\/nachrichten\/mecklenburg-vorpommern\/vorpommern\/garagen-streit-in-sassnitz-geht-vorerst-weiter,mvregiogreifswald-1818.html\" title=\"Garagen-Streit in Sassnitz geht vorerst weiter\" rel=\"nofollow noopener\" target=\"_blank\">Die Stadt begr\u00fcndet den Schritt mit der fehlenden \u00dcbersicht \u00fcber genutzte Garagen<\/a>, deren Mieter sowie die dazugeh\u00f6rigen Vertr\u00e4ge. Zudem seien gesetzliche \u00c4nderungen &#8211; etwa wie die zum Jahresanfang angepasste Grundsteuer &#8211; in den bestehenden Altvertr\u00e4gen bislang nicht ber\u00fccksichtigt worden.<\/p>\n<p>        <img decoding=\"async\" src=\"https:\/\/www.europesays.com\/de\/wp-content\/uploads\/2025\/12\/screenshot-95454.webp\" alt=\"Eine Reihe DDR-Garagen\" title=\"Eine Reihe DDR-Garagen | Screenshot\" class=\"responsive\" loading=\"lazy\"\/><\/p>\n<p>Sie wurden in der DDR auf Gemeindeland in Eigenleistung gebaut. Jetzt sollen sie Eigentum der Stadt sein und vermietet werden. <\/p>\n<p>        <img decoding=\"async\" src=\"https:\/\/www.europesays.com\/de\/wp-content\/uploads\/2025\/12\/screenshot-95736.webp\" alt=\"T\u00fcr an T\u00fcr: Garagen in typischer DDR-Manier befinden sich direkt nebeneinander\" title=\"T\u00fcr an T\u00fcr: Garagen in typischer DDR-Manier befinden sich direkt nebeneinander | Screenshot\" class=\"responsive\" loading=\"lazy\"\/><\/p>\n<p>Eigent\u00fcmer bangen um ihre angestammten Stellpl\u00e4tze oder sollen deutlich mehr Pacht f\u00fcr die Grundst\u00fccke zahlen.<\/p>\n","protected":false},"excerpt":{"rendered":"AUDIO: DDR-Garagen in Sassnitz: B\u00fcrgermeister Leon Kr\u00e4usche nach Kompromiss (1 Min) Stand: 17.12.2025 07:07 Uhr Die Stadtvertretung in&hellip;\n","protected":false},"author":2,"featured_media":652422,"comment_status":"","ping_status":"","sticky":false,"template":"","format":"standard","meta":{"footnotes":""},"categories":[2],"tags":[129,29,2306,40937,30,13,1026,66055,1351,152871,14,15,65307,66642,12,39106,10,8,9,11],"class_list":{"0":"post-652421","1":"post","2":"type-post","3":"status-publish","4":"format-standard","5":"has-post-thumbnail","7":"category-deutschland","8":"tag-ddr","9":"tag-deutschland","10":"tag-entscheidung","11":"tag-garagen","12":"tag-germany","13":"tag-headlines","14":"tag-kuendigung","15":"tag-landkreis-vorpommern-ruegen","16":"tag-mecklenburg-vorpommern","17":"tag-mietvertraege","18":"tag-nachrichten","19":"tag-news","20":"tag-pacht","21":"tag-sassnitz","22":"tag-schlagzeilen","23":"tag-stadtvertretung","24":"tag-top-news","25":"tag-top-meldungen","26":"tag-topmeldungen","27":"tag-topnews"},"share_on_mastodon":{"url":"https:\/\/pubeurope.com\/@de\/115734386481711370","error":""},"_links":{"self":[{"href":"https:\/\/www.europesays.com\/de\/wp-json\/wp\/v2\/posts\/652421","targetHints":{"allow":["GET"]}}],"collection":[{"href":"https:\/\/www.europesays.com\/de\/wp-json\/wp\/v2\/posts"}],"about":[{"href":"https:\/\/www.europesays.com\/de\/wp-json\/wp\/v2\/types\/post"}],"author":[{"embeddable":true,"href":"https:\/\/www.europesays.com\/de\/wp-json\/wp\/v2\/users\/2"}],"replies":[{"embeddable":true,"href":"https:\/\/www.europesays.com\/de\/wp-json\/wp\/v2\/comments?post=652421"}],"version-history":[{"count":0,"href":"https:\/\/www.europesays.com\/de\/wp-json\/wp\/v2\/posts\/652421\/revisions"}],"wp:featuredmedia":[{"embeddable":true,"href":"https:\/\/www.europesays.com\/de\/wp-json\/wp\/v2\/media\/652422"}],"wp:attachment":[{"href":"https:\/\/www.europesays.com\/de\/wp-json\/wp\/v2\/media?parent=652421"}],"wp:term":[{"taxonomy":"category","embeddable":true,"href":"https:\/\/www.europesays.com\/de\/wp-json\/wp\/v2\/categories?post=652421"},{"taxonomy":"post_tag","embeddable":true,"href":"https:\/\/www.europesays.com\/de\/wp-json\/wp\/v2\/tags?post=652421"}],"curies":[{"name":"wp","href":"https:\/\/api.w.org\/{rel}","templated":true}]}}