{"id":652538,"date":"2025-12-17T11:20:19","date_gmt":"2025-12-17T11:20:19","guid":{"rendered":"https:\/\/www.europesays.com\/de\/652538\/"},"modified":"2025-12-17T11:20:19","modified_gmt":"2025-12-17T11:20:19","slug":"charme-des-briefeschreibens-wird-von-kindern-sehr-geschaetzt","status":"publish","type":"post","link":"https:\/\/www.europesays.com\/de\/652538\/","title":{"rendered":"\u201eCharme des Briefeschreibens wird von Kindern sehr gesch\u00e4tzt\u201c"},"content":{"rendered":"<p class=\"tspAGen tspAGeo\">Was haben Alina, ein j\u00fcdisches M\u00e4dchen aus Osteuropa, und Mahta, ein afghanisches M\u00e4dchen, gemeinsam? Beide w\u00fcnschen sich ein Haustier \u2013 und sto\u00dfen bei ihren Eltern auf wenig Begeisterung. Die beiden leben in unterschiedlichen Berliner Bezirken und haben sich noch nie pers\u00f6nlich getroffen. In den vergangenen Wochen haben sie sich dennoch \u00fcber eine Brieffreundschaft kennengelernt. Wie lange diese noch bestehen wird, ist allerdings ungewiss.<\/p>\n<p class=\"tspAGen\">Denn das dahinterstehende Projekt \u201eBriefwechsel \u2013 von Kiez zu Kiez\u201c, ins Leben gerufen vom j\u00fcdisch-muslimischen Begegnungsprogramm <a href=\"https:\/\/www.tagesspiegel.de\/nachhilfe-fur-mitmenschlichkeit-ein-team-von-juden-und-muslimen-13294108.html?icid=in-text-link_15057879\" class=\"link link--internal\" data-gtm-class=\"article-text-link\" data-gtm-val=\"internal\" target=\"_blank\" rel=\"noopener\">\u201eShalom Rollberg\u201c<\/a> des Neuk\u00f6llner Bildungsvereins Morus 14 e.\u00a0V., steht vor dem Aus. Die Finanzierung ist derzeit nur bis zum Ende des Schulhalbjahres gesichert.<\/p>\n<p><a href=\"https:\/\/www.tagesspiegel.de\/berlin\/bezirke\/neukoelln\/fruhstuck-uber-den-dachern-neukolln-tafeln-und-baden-in-schornsteinhohe-kalle-neukolln-setzt-auf-rooftop-trend-14692808.html?icid=single-topic_15057879___\" data-gtm-class=\"article-mzt-link\" class=\"tspBTll\" target=\"_blank\" rel=\"noopener\">Fr\u00fchst\u00fcck \u00fcber den D\u00e4chern Berlins Essen und baden in Schornsteinh\u00f6he \u2013 Kalle Neuk\u00f6lln setzt auf Rooftop-Trend <\/a><\/p>\n<p class=\"tspAGen\">\u201eDas Projekt erm\u00f6glicht einen interkulturellen Austausch zwischen den Kiezen\u201c, sagt Susanne Wei\u00df, Gesch\u00e4ftsf\u00fchrerin von Morus 14 e.\u00a0V. Ziel sei es, Begegnung und Dialog zu f\u00f6rdern und Vorurteile gar nicht erst entstehen zu lassen.<\/p>\n<p> Berliner Briefprojekt braucht Hilfe <\/p>\n<p class=\"tspAGen\">Bislang sind \u00fcber das Projekt 20 Brieffreundschaften entstanden. Kinder aus Neuk\u00f6lln, Mitte, Zehlendorf, Charlottenburg und Sch\u00f6neberg der vierten und f\u00fcnften Klassen nehmen daran teil. Sie bringen unterschiedliche religi\u00f6se Hintergr\u00fcnde mit \u2013 darunter j\u00fcdische, muslimische, ukrainisch-orthodoxe und katholische sowie atheistische. In Neuk\u00f6lln beteiligen sich vorwiegend Kinder der Regenbogen-Grundschule im Rollbergkiez. <\/p>\n<blockquote class=\"tspAYhp\">\n<p>Das Projekt erm\u00f6glicht einen interkulturellen Austausch zwischen den Kiezen.<\/p>\n<\/blockquote>\n<p class=\"tspAYhq\"><strong>Susanne Wei\u00df<\/strong>, Gesch\u00e4ftsf\u00fchrerin von Morus 14 e.\u00a0V.<\/p>\n<p class=\"tspAGen\">\u201eDer Charme des Briefeschreibens wird von den Kindern sehr gesch\u00e4tzt\u201c, sagt Wei\u00df. Der Austausch sei jedoch mit hohem logistischem Aufwand verbunden. \u201eGerade auf Seiten j\u00fcdischer Eltern gab es gro\u00dfe Sicherheitsbedenken. Deshalb tr\u00e4gt unsere Projektverantwortliche die Briefe pers\u00f6nlich von Schule zu Schule\u201c, erkl\u00e4rt Wei\u00df.<\/p>\n<p><img decoding=\"async\" src=\"https:\/\/www.europesays.com\/de\/wp-content\/uploads\/2025\/12\/bearbeitet.jpeg\"   alt=\"\" aria-labelledby=\"caption-15059516\" width=\"440\" height=\"330\" loading=\"lazy\" class=\"tspAMgd\"\/> Eine Sch\u00fclerin liest den Brief, den sie von ihrer Brieffreundin im Rahmen des Projekts \u201eBriefwechsel \u2013 von Kiez zu Kiez\u201c erhalten hat. <\/p>\n<p class=\"tspACdz\"> \u00a9 Letizia Morgenstern <\/p>\n<p class=\"tspAGen\">Pro Schulhalbjahr kostet das Projekt rund 6500 Euro. Die Personalkosten wurden bislang von der Losito Kressmann-Zschach Foundation finanziert. Zus\u00e4tzlich wird der Verein in diesem und im kommenden Jahr durch die <a href=\"https:\/\/www.tagesspiegel.de\/berlin\/gala-des-tagesspiegel-leser-spenden-303000-euro-fur-die-aktion-menschen-helfen-11554418.html?icid=in-text-link_15057879\" class=\"link link--internal\" data-gtm-class=\"article-text-link\" data-gtm-val=\"internal\" target=\"_blank\" rel=\"noopener\">Tagesspiegel-Spendenaktion \u201eMenschen helfen!\u201c<\/a> unterst\u00fctzt \u2013 diese Mittel sind jedoch f\u00fcr Sachkosten vorgesehen. Der Verein <a href=\"https:\/\/www.morus14.de\/spenden\/\" target=\"_blank\" rel=\"noopener\" class=\"link link--external\" data-gtm-class=\"article-text-link\" data-gtm-val=\"external\" aria-describedby=\"message-target-blank\">bittet daher um Spenden<\/a>, auch um das Projekt perspektivisch ausbauen zu k\u00f6nnen.<\/p>\n<p> Weitere Nachrichten aus Berlin-Neuk\u00f6lln: <a href=\"https:\/\/www.tagesspiegel.de\/berlin\/mitten-in-neukolln-streit-in-grosser-gruppe-eskaliert--zwei-manner-schwer-verletzt-15050550.html?icid=topic-list_15057879___\" data-gtm-class=\"article-mzt-link\" data-hydrate-fingerprint=\"09740a54944caac75fd2c0c63fd5c5df\" data-hydrate-props=\"{&amp;escapedquot;element&amp;escapedquot;:{&amp;escapedquot;type&amp;escapedquot;:&amp;escapedquot;relatedContent&amp;escapedquot;,&amp;escapedquot;fieldMap&amp;escapedquot;:{},&amp;escapedquot;relation&amp;escapedquot;:{&amp;escapedquot;fields&amp;escapedquot;:{&amp;escapedquot;isPaid&amp;escapedquot;:null},&amp;escapedquot;href&amp;escapedquot;:&amp;escapedquot;\/berlin\/mitten-in-neukolln-streit-in-grosser-gruppe-eskaliert--zwei-manner-schwer-verletzt-15050550.html&amp;escapedquot;,&amp;escapedquot;teaserTitle&amp;escapedquot;:{&amp;escapedquot;kicker&amp;escapedquot;:&amp;escapedquot;Mitten in Neuk\u00f6lln&amp;escapedquot;,&amp;escapedquot;headline&amp;escapedquot;:&amp;escapedquot;Streit in gro\u00dfer Gruppe eskaliert \u2013 Zwei M\u00e4nner schwer verletzt&amp;escapedquot;},&amp;escapedquot;id&amp;escapedquot;:&amp;escapedquot;15050550&amp;escapedquot;,&amp;escapedquot;type&amp;escapedquot;:&amp;escapedquot;story&amp;escapedquot;},&amp;escapedquot;isPartOfList&amp;escapedquot;:true,&amp;escapedquot;topicListType&amp;escapedquot;:&amp;escapedquot;topic-list&amp;escapedquot;},&amp;escapedquot;showArrow&amp;escapedquot;:true}\" data-hydrate-slots=\"{&#039;default&#039;:[]}\" class=\"tspBTll\" target=\"_blank\" rel=\"noopener\">Mitten in Neuk\u00f6lln Streit in gro\u00dfer Gruppe eskaliert \u2013 Zwei M\u00e4nner schwer verletzt <\/a><a href=\"https:\/\/www.tagesspiegel.de\/berlin\/bezirke\/neukoelln\/neukolln-will-durchfahrtsverkehr-stoppen-jetzt-baut-der-bezirk-den-schillerkiez-um-15046290.html?icid=topic-list_15057879___\" data-gtm-class=\"article-mzt-link\" data-hydrate-fingerprint=\"09740a54944caac75fd2c0c63fd5c5df\" data-hydrate-props=\"{&amp;escapedquot;element&amp;escapedquot;:{&amp;escapedquot;type&amp;escapedquot;:&amp;escapedquot;relatedContent&amp;escapedquot;,&amp;escapedquot;fieldMap&amp;escapedquot;:{},&amp;escapedquot;relation&amp;escapedquot;:{&amp;escapedquot;fields&amp;escapedquot;:{&amp;escapedquot;isPaid&amp;escapedquot;:false},&amp;escapedquot;href&amp;escapedquot;:&amp;escapedquot;\/berlin\/bezirke\/neukoelln\/neukolln-will-durchfahrtsverkehr-stoppen-jetzt-baut-der-bezirk-den-schillerkiez-um-15046290.html&amp;escapedquot;,&amp;escapedquot;teaserTitle&amp;escapedquot;:{&amp;escapedquot;kicker&amp;escapedquot;:&amp;escapedquot;Neuk\u00f6lln will Durchfahrtsverkehr stoppen&amp;escapedquot;,&amp;escapedquot;headline&amp;escapedquot;:&amp;escapedquot;Jetzt baut der Bezirk den Schillerkiez um&amp;escapedquot;},&amp;escapedquot;id&amp;escapedquot;:&amp;escapedquot;15046290&amp;escapedquot;,&amp;escapedquot;type&amp;escapedquot;:&amp;escapedquot;story&amp;escapedquot;},&amp;escapedquot;isPartOfList&amp;escapedquot;:true,&amp;escapedquot;topicListType&amp;escapedquot;:&amp;escapedquot;topic-list&amp;escapedquot;},&amp;escapedquot;showArrow&amp;escapedquot;:true}\" data-hydrate-slots=\"{&#039;default&#039;:[]}\" class=\"tspBTll\" target=\"_blank\" rel=\"noopener\">Neuk\u00f6lln will Durchfahrtsverkehr stoppen Jetzt baut der Bezirk den Schillerkiez um <\/a><a href=\"https:\/\/www.tagesspiegel.de\/berlin\/nachfolger-furs-schwuz-gesucht-zieht-bald-ein-neuer-club-in-die-ehemalige-kindl-brauerei-in-berlin-neukolln-15040157.html?icid=topic-list_15057879___\" data-gtm-class=\"article-mzt-link\" data-hydrate-fingerprint=\"09740a54944caac75fd2c0c63fd5c5df\" data-hydrate-props=\"{&amp;escapedquot;element&amp;escapedquot;:{&amp;escapedquot;type&amp;escapedquot;:&amp;escapedquot;relatedContent&amp;escapedquot;,&amp;escapedquot;fieldMap&amp;escapedquot;:{},&amp;escapedquot;relation&amp;escapedquot;:{&amp;escapedquot;fields&amp;escapedquot;:{&amp;escapedquot;isPaid&amp;escapedquot;:true},&amp;escapedquot;href&amp;escapedquot;:&amp;escapedquot;\/berlin\/nachfolger-furs-schwuz-gesucht-zieht-bald-ein-neuer-club-in-die-ehemalige-kindl-brauerei-in-berlin-neukolln-15040157.html&amp;escapedquot;,&amp;escapedquot;teaserTitle&amp;escapedquot;:{&amp;escapedquot;kicker&amp;escapedquot;:&amp;escapedquot;Nachfolger f\u00fcrs Schwuz gesucht&amp;escapedquot;,&amp;escapedquot;headline&amp;escapedquot;:&amp;escapedquot;Zieht bald ein neuer Club in die ehemalige Kindl-Brauerei in Berlin-Neuk\u00f6lln?&amp;escapedquot;},&amp;escapedquot;id&amp;escapedquot;:&amp;escapedquot;15040157&amp;escapedquot;,&amp;escapedquot;type&amp;escapedquot;:&amp;escapedquot;story&amp;escapedquot;},&amp;escapedquot;isPartOfList&amp;escapedquot;:true,&amp;escapedquot;topicListType&amp;escapedquot;:&amp;escapedquot;topic-list&amp;escapedquot;},&amp;escapedquot;showArrow&amp;escapedquot;:true}\" data-hydrate-slots=\"{&#039;default&#039;:[]}\" class=\"tspBTll\" target=\"_blank\" rel=\"noopener\">Nachfolger f\u00fcrs Schwuz gesucht Zieht bald ein neuer Club in die ehemalige Kindl-Brauerei in Berlin-Neuk\u00f6lln? <\/a><\/p>\n<p class=\"tspAGen\">Seit 2013 engagieren sich bei \u201e<a href=\"https:\/\/www.tagesspiegel.de\/berlin\/judisch-muslimisches-projekt-in-berlin-shalom-rollberg-gibt-zuwendung-und-zeigt-klare-grenzen-10658998.html?icid=in-text-link_15057879\" class=\"link link--internal\" data-gtm-class=\"article-text-link\" data-gtm-val=\"internal\" target=\"_blank\" rel=\"noopener\">Shalom Rollberg<\/a>\u201c J\u00fcdinnen und Juden f\u00fcr bessere Bildungschancen von Jugendlichen aus der Rollbergsiedlung, von denen viele einen muslimischen Hintergrund haben. Mit ihrer Arbeit wollen sie gegenseitiges Verst\u00e4ndnis und Akzeptanz f\u00f6rdern. Die aktuellen Zeiten, in denen Menschen aufgrund ihres kulturellen Hintergrunds um ihr Leben f\u00fcrchten m\u00fcssen, unterstreichen, wie wichtig ihre Arbeit ist.<\/p>\n","protected":false},"excerpt":{"rendered":"Was haben Alina, ein j\u00fcdisches M\u00e4dchen aus Osteuropa, und Mahta, ein afghanisches M\u00e4dchen, gemeinsam? Beide w\u00fcnschen sich ein&hellip;\n","protected":false},"author":2,"featured_media":652539,"comment_status":"","ping_status":"","sticky":false,"template":"","format":"standard","meta":{"footnotes":""},"categories":[1825],"tags":[296,5006,29,30,1635,526,966],"class_list":{"0":"post-652538","1":"post","2":"type-post","3":"status-publish","4":"format-standard","5":"has-post-thumbnail","7":"category-berlin","8":"tag-berlin","9":"tag-bezirke","10":"tag-deutschland","11":"tag-germany","12":"tag-jugend","13":"tag-neukoelln","14":"tag-schule"},"share_on_mastodon":{"url":"https:\/\/pubeurope.com\/@de\/115734645805369931","error":""},"_links":{"self":[{"href":"https:\/\/www.europesays.com\/de\/wp-json\/wp\/v2\/posts\/652538","targetHints":{"allow":["GET"]}}],"collection":[{"href":"https:\/\/www.europesays.com\/de\/wp-json\/wp\/v2\/posts"}],"about":[{"href":"https:\/\/www.europesays.com\/de\/wp-json\/wp\/v2\/types\/post"}],"author":[{"embeddable":true,"href":"https:\/\/www.europesays.com\/de\/wp-json\/wp\/v2\/users\/2"}],"replies":[{"embeddable":true,"href":"https:\/\/www.europesays.com\/de\/wp-json\/wp\/v2\/comments?post=652538"}],"version-history":[{"count":0,"href":"https:\/\/www.europesays.com\/de\/wp-json\/wp\/v2\/posts\/652538\/revisions"}],"wp:featuredmedia":[{"embeddable":true,"href":"https:\/\/www.europesays.com\/de\/wp-json\/wp\/v2\/media\/652539"}],"wp:attachment":[{"href":"https:\/\/www.europesays.com\/de\/wp-json\/wp\/v2\/media?parent=652538"}],"wp:term":[{"taxonomy":"category","embeddable":true,"href":"https:\/\/www.europesays.com\/de\/wp-json\/wp\/v2\/categories?post=652538"},{"taxonomy":"post_tag","embeddable":true,"href":"https:\/\/www.europesays.com\/de\/wp-json\/wp\/v2\/tags?post=652538"}],"curies":[{"name":"wp","href":"https:\/\/api.w.org\/{rel}","templated":true}]}}