{"id":652751,"date":"2025-12-17T13:18:18","date_gmt":"2025-12-17T13:18:18","guid":{"rendered":"https:\/\/www.europesays.com\/de\/652751\/"},"modified":"2025-12-17T13:18:18","modified_gmt":"2025-12-17T13:18:18","slug":"zwei-menschen-bei-vorfall-in-wuppertal-verletzt","status":"publish","type":"post","link":"https:\/\/www.europesays.com\/de\/652751\/","title":{"rendered":"Zwei Menschen bei Vorfall in Wuppertal verletzt"},"content":{"rendered":"<p class=\"text_ohne_einzug richtext text-em-55 !leading-serif mx-6 desktop:mx-0\">Bei einem Brand in einer Autowerkstatt an der Linderhauser Stra\u00dfe in H\u00f6he der Hausnummer 53 hat am Mittwoch, 17. Dezember, sind zwei Menschen leicht verletzt worden. Laut Polizeisprecher hat ein Auto auf einer Hebeb\u00fchne gebrannt. Bei dem Vorfall sind ein 24-j\u00e4hriger und ein 30-j\u00e4hriger Mann leicht verletzt worden. Sie kamen zur Behandlung ins Krankenhaus.<\/p>\n<p class=\"richtext text-em-55 !leading-serif mx-6 desktop:mx-0\"> Alarmiert wurden die Einsatzkr\u00e4fte gegen 11.30 Uhr. Die Linderhauser Stra\u00dfe war in dem Bereich f\u00fcr rund anderthalb Stunden komplett gesperrt. Die Ermittlungen zur Brandursache dauern an.<\/p>\n","protected":false},"excerpt":{"rendered":"Bei einem Brand in einer Autowerkstatt an der Linderhauser Stra\u00dfe in H\u00f6he der Hausnummer 53 hat am Mittwoch,&hellip;\n","protected":false},"author":2,"featured_media":652752,"comment_status":"","ping_status":"","sticky":false,"template":"","format":"standard","meta":{"footnotes":""},"categories":[1840],"tags":[81066,3364,29,588,9032,64324,30,1209,14733,4418],"class_list":{"0":"post-652751","1":"post","2":"type-post","3":"status-publish","4":"format-standard","5":"has-post-thumbnail","7":"category-wuppertal","8":"tag-autowerkstatt","9":"tag-de","10":"tag-deutschland","11":"tag-einsatz","12":"tag-einsatzkraefte","13":"tag-ereignete","14":"tag-germany","15":"tag-nordrhein-westfalen","16":"tag-vorfall","17":"tag-wuppertal"},"share_on_mastodon":{"url":"https:\/\/pubeurope.com\/@de\/115735108340150602","error":""},"_links":{"self":[{"href":"https:\/\/www.europesays.com\/de\/wp-json\/wp\/v2\/posts\/652751","targetHints":{"allow":["GET"]}}],"collection":[{"href":"https:\/\/www.europesays.com\/de\/wp-json\/wp\/v2\/posts"}],"about":[{"href":"https:\/\/www.europesays.com\/de\/wp-json\/wp\/v2\/types\/post"}],"author":[{"embeddable":true,"href":"https:\/\/www.europesays.com\/de\/wp-json\/wp\/v2\/users\/2"}],"replies":[{"embeddable":true,"href":"https:\/\/www.europesays.com\/de\/wp-json\/wp\/v2\/comments?post=652751"}],"version-history":[{"count":0,"href":"https:\/\/www.europesays.com\/de\/wp-json\/wp\/v2\/posts\/652751\/revisions"}],"wp:featuredmedia":[{"embeddable":true,"href":"https:\/\/www.europesays.com\/de\/wp-json\/wp\/v2\/media\/652752"}],"wp:attachment":[{"href":"https:\/\/www.europesays.com\/de\/wp-json\/wp\/v2\/media?parent=652751"}],"wp:term":[{"taxonomy":"category","embeddable":true,"href":"https:\/\/www.europesays.com\/de\/wp-json\/wp\/v2\/categories?post=652751"},{"taxonomy":"post_tag","embeddable":true,"href":"https:\/\/www.europesays.com\/de\/wp-json\/wp\/v2\/tags?post=652751"}],"curies":[{"name":"wp","href":"https:\/\/api.w.org\/{rel}","templated":true}]}}