{"id":652868,"date":"2025-12-17T14:22:14","date_gmt":"2025-12-17T14:22:14","guid":{"rendered":"https:\/\/www.europesays.com\/de\/652868\/"},"modified":"2025-12-17T14:22:14","modified_gmt":"2025-12-17T14:22:14","slug":"hza-ac-zoll-warnt-vor-gefaehrlichem-feuerwerk-aus-dem-ausland","status":"publish","type":"post","link":"https:\/\/www.europesays.com\/de\/652868\/","title":{"rendered":"HZA-AC: Zoll warnt vor gef\u00e4hrlichem Feuerwerk aus dem Ausland"},"content":{"rendered":"<p class=\"date\">17.12.2025 \u2013 15:15<\/p>\n<p class=\"customer\">\n                        <a class=\"story-customer\" title=\"weiter zum newsroom von Hauptzollamt Aachen\" href=\"https:\/\/www.presseportal.de\/blaulicht\/nr\/121239\" rel=\"nofollow noopener\" target=\"_blank\">Hauptzollamt Aachen<\/a>\n                    <\/p>\n<p><a class=\"glightbox event-trigger\" href=\"https:\/\/cache.pressmailing.net\/thumbnail\/story_hires\/ec4f3947-91d4-48eb-8829-12f2974e03a0\/dienstfahrzeug_blau_04.jpg.jpg\" data-description=\"Zoll\" data-category=\"medialightbox\" data-action=\"click\" data-label=\"single\" data-value=\"6942bb20270000fd2c4690ab\" rel=\"nofollow noopener\" target=\"_blank\"><img decoding=\"async\" height=\"540\" with=\"720\" src=\"https:\/\/www.europesays.com\/de\/wp-content\/uploads\/2025\/12\/hza-ac-zoll-warnt-vor-gef-hrlichem-feuerwerk-aus-dem-ausland.jpeg\"   alt=\"HZA-AC: Zoll warnt vor gef\u00e4hrlichem Feuerwerk aus dem Ausland\" class=\"single\"\/><\/a><\/p>\n<p><a data-category=\"citylink-story-view\" data-action=\"click\" data-label=\"Citylink in Meldungsansicht\" class=\"story-city event-trigger\" href=\"https:\/\/www.presseportal.de\/regional\/Aachen\" title=\"News aus Aachen \" rel=\"nofollow noopener\" target=\"_blank\">Aachen<\/a> (ots)<\/p>\n<p>Der Jahreswechsel r\u00fcckt n\u00e4her &#8211; und damit auch die Zeit, in der vielerorts Feuerwerk gekauft wird. Doch Vorsicht: Einige Produkte, die in benachbarten L\u00e4ndern oder online angeboten werden, entsprechen nicht den deutschen Sicherheitsstandards und k\u00f6nnen beim Z\u00fcnden unberechenbare und schwere Folgen haben. Zollbeamtinnen und Zollbeamte stellen jedes Jahr bei Kontrollen und in Paketsendungen unter anderem nicht konforme und teils extrem gef\u00e4hrliche Pyrotechnik sicher &#8211; allein 2024 waren es \u00fcber sieben Tonnen. Deshalb ist es wichtig, beim Kauf genau hinzuschauen und sich vorab zu informieren.<\/p>\n<p>Alle im Handel erh\u00e4ltlichen Feuerwerksk\u00f6rper m\u00fcssen getestet und mit dem CE-Zeichen versehen werden. Die Einfuhr von nicht konformen Feuerwerk ohne CE-Kennzeichen nach Deutschland ist nach dem Sprengstoffgesetz verboten. Es ist m\u00f6glich, dass Feuerwerk aus dem Ausland diese geltenden Kriterien nicht erf\u00fcllt oder sogar gef\u00e4lschte Zulassungszeichen verwendet werden. Derartige Pyrotechnik wird daher bei Kontrollen durch den Zoll konsequent beschlagnahmt und wer versucht, nicht zugelassene Feuerwerksk\u00f6rper nach Deutschland zu bringen, macht sich strafbar.<\/p>\n<p>&#8222;F\u00fcr die eigene Sicherheit sollte man auf Feuerwerksk\u00f6rper verzichten, deren Herkunft man nicht klar nachvollziehen kann oder die keine vorgeschriebene CE-Kennzeichnung haben&#8220;, betont die Pressesprecherin des Hauptzollamts Aachen. &#8222;Nicht auf ihre Sicherheit getestete B\u00f6ller sind sehr problematisch und unberechenbar. Sie zu nutzen, kann extrem gef\u00e4hrlich werden &#8211; im schlimmsten Fall kann es zu Verbrennungen, Ver\u00e4tzungen oder dem Verlust von Gliedma\u00dfen und Augenlicht kommen.&#8220;<\/p>\n<p>F\u00fcr bestimmte Kategorien und Arten von Feuerwerksk\u00f6rpern ist au\u00dferdem eine Erlaubnis der zust\u00e4ndigen Beh\u00f6rde erforderlich. Die \u00dcberwachung der Einhaltung der sprengstoffrechtlichen Vorschriften obliegt in Deutschland den f\u00fcr das Sprengstoffrecht zust\u00e4ndigen Beh\u00f6rden der Bundesl\u00e4nder sowie der Bundesanstalt f\u00fcr Materialforschung und -pr\u00fcfung (BAM). Der Zoll unterst\u00fctzt diese Beh\u00f6rden bei der \u00dcberwachung der Einhaltung der Bestimmungen zu explosionsgef\u00e4hrlichen Stoffen.<\/p>\n<p>Weitere Informationen zu den Bestimmungen und der konkreten Kategorisierung von Feuerwerk finden Sie auf der Internetseite der BAM und unter zoll.de:<br \/>\n<a target=\"_blank\" class=\"uri-ext outbound\" rel=\"noopener nofollow\" href=\"https:\/\/www.zoll.de\/DE\/Privatpersonen\/Reisen\/Reisen-innerhalb-der-EU\/Einschraenkungen\/Feuerwerkskoerper\/feuerwerkskoerper_node.html#vt-sprg-2\">https:\/\/www.zoll.de\/DE\/Privatpersonen\/Reisen\/Reisen-innerhalb-der-EU\/Einschraenkungen\/Feuerwerkskoerper\/feuerwerkskoerper_node.html#vt-sprg-2<\/a><\/p>\n<p class=\"contact-headline\">R\u00fcckfragen bitte an:<\/p>\n<p class=\"contact-text\">Hauptzollamt Aachen<br \/>Pressesprecherin<br \/>Elke Willsch<br \/>Telefon: 0241\/9091-4770<br \/>E-Mail: <a href=\"https:\/\/www.presseportal.de\/blaulicht\/pm\/121239\/mailto: presse.hza-aachen@zoll.bund.de\" class=\"uri-mailto\" rel=\"nofollow noopener\" target=\"_blank\"> presse.hza-aachen@zoll.bund.de<\/a><br \/><a target=\"_blank\" class=\"uri-ext outbound\" rel=\"noopener nofollow\" href=\"https:\/\/www.zoll.de\">www.zoll.de<\/a><\/p>\n<p class=\"originator\">Original-Content von: Hauptzollamt Aachen, \u00fcbermittelt durch news aktuell<\/p>\n","protected":false},"excerpt":{"rendered":"17.12.2025 \u2013 15:15 Hauptzollamt Aachen Aachen (ots) Der Jahreswechsel r\u00fcckt n\u00e4her &#8211; und damit auch die Zeit, in&hellip;\n","protected":false},"author":2,"featured_media":652869,"comment_status":"","ping_status":"","sticky":false,"template":"","format":"standard","meta":{"footnotes":""},"categories":[1853],"tags":[1424,3364,29,548,663,3934,30,13,14,15,1209,176,178,180,179,181,12,615],"class_list":{"0":"post-652868","1":"post","2":"type-post","3":"status-publish","4":"format-standard","5":"has-post-thumbnail","7":"category-aachen","8":"tag-aachen","9":"tag-de","10":"tag-deutschland","11":"tag-eu","12":"tag-europa","13":"tag-europe","14":"tag-germany","15":"tag-headlines","16":"tag-nachrichten","17":"tag-news","18":"tag-nordrhein-westfalen","19":"tag-nrw","20":"tag-presse","21":"tag-pressemeldung","22":"tag-pressemitteilung","23":"tag-pressemitteilungen","24":"tag-schlagzeilen","25":"tag-zoll"},"share_on_mastodon":{"url":"https:\/\/pubeurope.com\/@de\/115735360149269968","error":""},"_links":{"self":[{"href":"https:\/\/www.europesays.com\/de\/wp-json\/wp\/v2\/posts\/652868","targetHints":{"allow":["GET"]}}],"collection":[{"href":"https:\/\/www.europesays.com\/de\/wp-json\/wp\/v2\/posts"}],"about":[{"href":"https:\/\/www.europesays.com\/de\/wp-json\/wp\/v2\/types\/post"}],"author":[{"embeddable":true,"href":"https:\/\/www.europesays.com\/de\/wp-json\/wp\/v2\/users\/2"}],"replies":[{"embeddable":true,"href":"https:\/\/www.europesays.com\/de\/wp-json\/wp\/v2\/comments?post=652868"}],"version-history":[{"count":0,"href":"https:\/\/www.europesays.com\/de\/wp-json\/wp\/v2\/posts\/652868\/revisions"}],"wp:featuredmedia":[{"embeddable":true,"href":"https:\/\/www.europesays.com\/de\/wp-json\/wp\/v2\/media\/652869"}],"wp:attachment":[{"href":"https:\/\/www.europesays.com\/de\/wp-json\/wp\/v2\/media?parent=652868"}],"wp:term":[{"taxonomy":"category","embeddable":true,"href":"https:\/\/www.europesays.com\/de\/wp-json\/wp\/v2\/categories?post=652868"},{"taxonomy":"post_tag","embeddable":true,"href":"https:\/\/www.europesays.com\/de\/wp-json\/wp\/v2\/tags?post=652868"}],"curies":[{"name":"wp","href":"https:\/\/api.w.org\/{rel}","templated":true}]}}