{"id":653332,"date":"2025-12-17T18:39:14","date_gmt":"2025-12-17T18:39:14","guid":{"rendered":"https:\/\/www.europesays.com\/de\/653332\/"},"modified":"2025-12-17T18:39:14","modified_gmt":"2025-12-17T18:39:14","slug":"der-karlsruher-noah-schoen-ist-mit-17-jahren-schon-kirchenaeltester","status":"publish","type":"post","link":"https:\/\/www.europesays.com\/de\/653332\/","title":{"rendered":"Der Karlsruher Noah Sch\u00f6n ist mit 17 Jahren schon Kirchen\u00e4ltester"},"content":{"rendered":"<p class=\"intro\">\n  Noah Sch\u00f6n aus Karlsruhe schwimmt gerne oder spielt am Computer. Und ihn zeichnet etwas aus, was f\u00fcr viele Gleichaltrigen nicht gilt: Er ist Kirchen\u00e4ltester.\n<\/p>\n<p>    <img fetchpriority=\"high\" decoding=\"async\" class=\"\" alt=\"Noah Sch\u00f6n vor der Kirche in Knielingen\" src=\"https:\/\/bnn.de\/img\/16425422\/VqQxbqjAdHOGkxTh6fLlkw\/DO_Schoen121225_2?size=1920&amp;format=jpeg&amp;variant=LANDSCAPE_16x9\" width=\"1920\" height=\"1080\" loading=\"eager\" data-upscaled=\"\"\/><\/p>\n<p>                Mit 17 Jahren ist Noah Sch\u00f6n jetzt Kirchen\u00e4ltester. Er wurde in das Gremium der evangelischen Pfarrgemeinde Knielingen gew\u00e4hlt. <\/p>\n<p>            Foto: J\u00f6rg Donecker<\/p>\n<p>\u201eKlar f\u00e4llt auch mir das Aufstehen sonntags mal schwer\u201c, sagt Noah Sch\u00f6n mit einem Lachen. Der 17-J\u00e4hrige macht das, was viele Gleichaltrige so machen. Neben der Schule schwimmt er gerne oder zockt am PC. <\/p>\n<p>Doch k\u00fcnftig wird der Sch\u00fcler aus Neureut sonntagsmorgens h\u00e4ufiger aufstehen m\u00fcssen als manch anderer Altersgenosse. Denn mit 17 Jahren ist Sch\u00f6n zum Kirchen\u00e4ltesten in der evangelischen Pfarrgemeinde Knielingen gew\u00e4hlt worden. <\/p>\n<p>Durchschnittlicher Kirchen\u00e4ltester ist deutlich \u00e4lter<\/p>\n<p>Beim Wort Kirchen\u00e4ltester hat vermutlich jeder ein anderes Bild vor Augen. Die meisten denken vermutlich an \u00e4ltere Menschen, die sich bei diesem Amt kirchlich engagieren. Das ist nicht verwunderlich, immerhin liegt das Durchschnittsalter der Kirchen\u00e4ltesten in der Evangelischen Landeskirche in Baden bei \u00fcber 50 Jahren. <\/p>\n<p>Eine Eigenschaft, die Noah Sch\u00f6n nicht erf\u00fcllt. Denn bis vor wenigen Jahren hatte der Sch\u00fcler mit Kirche so rein gar nichts am Hut. \u201eIch war zwar ab und zu in der Schule in den Schulgottesdiensten, aber mehr auch nicht\u201c, erinnert er sich. <\/p>\n<p>Noah Sch\u00f6n wird zur Konfirmation auch getauft<\/p>\n<p>Doch 2021 \u00e4ndert sich das. Sch\u00f6n wird von seiner Patentante gefragt, ob er im Technikteam der Gemeinde in Knielingen mitwirken will. Das Team ist unter anderem f\u00fcr die \u00dcbertragung der Gottesdienste zust\u00e4ndig. \u201eDas habe ich gemacht und es hat mir sofort Spa\u00df gemacht\u201c, erinnert sich Sch\u00f6n. Durch die Arbeit findet er Anschluss an die Gemeinde und an den Glauben. Im selben Jahr wird er dann in Knielingen zuerst getauft und anschlie\u00dfend konfirmiert. <\/p>\n<p>Nach und nach w\u00e4chst Sch\u00f6n immer tiefer in die Glaubensgemeinschaft hinein. Dabei helfen ihm auch seine Tante und seine Patentante, die sich beide seit Jahren in der evangelischen Gemeinde engagieren. <\/p>\n<p>Anfang des Jahres dann kommt Pfarrer Siegfried Weber auf Sch\u00f6n zu. \u201eEr hat mich gefragt, ob ich mir vorstellen k\u00f6nnte, Kirchen\u00e4ltester zu werden\u201c, so Sch\u00f6n. Der Sch\u00fcler \u00fcberlegt sich das reiflich, spricht mit Eltern und Verwandten. Doch viel Zeit zur Entscheidungsfindung braucht er nicht. \u201eIch habe mich dazu bereit gef\u00fchlt und zugesagt.\u201c <\/p>\n<blockquote class=\"quote\">\n<p>Es war nat\u00fcrlich schon ein Daraufhinfiebern, bis das Ergebnis da war.<\/p>\n<p>      Noah Sch\u00f6n<br \/>\n      <br \/>Kirchen\u00e4ltester mit 17 Jahren\n  <\/p><\/blockquote>\n<p>Bei der Wahl am Ersten Advent ist Sch\u00f6n dann einer der insgesamt neun Kandidaten, die sich aufstellen lie\u00dfen. Wie in ganz Baden finden an diesem Termin auch in Knielingen die sogenannten Kirchenwahlen statt. \u201eEs war nat\u00fcrlich schon ein Daraufhinfiebern, bis das Ergebnis da war\u201c, erinnert sich Sch\u00f6n. Auch, wenn es relativ klar war, dass er in das Gremium gew\u00e4hlt wird, da es in der Gemeinde genau so viele Kandidaten wie \u00c4ltestenpl\u00e4tze gab. <\/p>\n<p>Eine ganz genaue Vorstellung, was ihn in den kommenden sechs Jahren erwartet \u2013 so lange dauert die Legislaturperiode eines Kirchen\u00e4ltesten \u2013 hat Sch\u00f6n noch nicht. <\/p>\n<blockquote class=\"quote\">\n<p>Ich will Impulse aus Sicht der Jugend setzen, denn wir sind ja die Zukunft der Kirche.<\/p>\n<p>      Noah Sch\u00f6n<br \/>\n      <br \/>Kirchen\u00e4ltester\n  <\/p><\/blockquote>\n<p>\u201eMir ist aber wichtig, dass auch junge Stimmen mehr geh\u00f6rt werden. Ich will Impulse aus Sicht der Jugend setzen, denn wir sind ja die Zukunft der Kirche\u201c, so Sch\u00f6n. Wie die Kirche attraktiver f\u00fcr junge Leute werden kann? \u201eEine schwierige Frage\u201c, sagt der Sch\u00fcler. Einen Weg sieht Sch\u00f6n jedoch in der Social-Media-Pr\u00e4senz. <\/p>\n<p>\u201eIch habe gemerkt, dass mir die Kirche einen Ort der Gemeinschaft bietet, nicht nur des Glaubens, sondern auch der Gemeinschaft mit anderen Menschen. Uns verbindet der Glaube.\u201c Und daf\u00fcr will sich Sch\u00f6n die kommenden sechs Jahre in Knielingen einsetzen. <\/p>\n<p>          <a href=\"https:\/\/bnn.link\/55g\" target=\"_blank\" class=\"link-acquire\" rel=\"nofollow noopener\">Rechte am Artikel erwerben<\/a><\/p>\n<p>    <a class=\"button--full button--home button button--primary\" href=\"https:\/\/bnn.de\/\" _keys=\"class href\" rel=\"nofollow noopener\" target=\"_blank\"><br \/>\n  Zur \u00dcbersicht<br \/>\n<\/a><\/p>\n","protected":false},"excerpt":{"rendered":"Noah Sch\u00f6n aus Karlsruhe schwimmt gerne oder spielt am Computer. Und ihn zeichnet etwas aus, was f\u00fcr viele&hellip;\n","protected":false},"author":2,"featured_media":653333,"comment_status":"","ping_status":"","sticky":false,"template":"","format":"standard","meta":{"footnotes":""},"categories":[1844],"tags":[1634,3364,29,30,8903],"class_list":{"0":"post-653332","1":"post","2":"type-post","3":"status-publish","4":"format-standard","5":"has-post-thumbnail","7":"category-karlsruhe","8":"tag-baden-wuerttemberg","9":"tag-de","10":"tag-deutschland","11":"tag-germany","12":"tag-karlsruhe"},"share_on_mastodon":{"url":"https:\/\/pubeurope.com\/@de\/115736371720092113","error":""},"_links":{"self":[{"href":"https:\/\/www.europesays.com\/de\/wp-json\/wp\/v2\/posts\/653332","targetHints":{"allow":["GET"]}}],"collection":[{"href":"https:\/\/www.europesays.com\/de\/wp-json\/wp\/v2\/posts"}],"about":[{"href":"https:\/\/www.europesays.com\/de\/wp-json\/wp\/v2\/types\/post"}],"author":[{"embeddable":true,"href":"https:\/\/www.europesays.com\/de\/wp-json\/wp\/v2\/users\/2"}],"replies":[{"embeddable":true,"href":"https:\/\/www.europesays.com\/de\/wp-json\/wp\/v2\/comments?post=653332"}],"version-history":[{"count":0,"href":"https:\/\/www.europesays.com\/de\/wp-json\/wp\/v2\/posts\/653332\/revisions"}],"wp:featuredmedia":[{"embeddable":true,"href":"https:\/\/www.europesays.com\/de\/wp-json\/wp\/v2\/media\/653333"}],"wp:attachment":[{"href":"https:\/\/www.europesays.com\/de\/wp-json\/wp\/v2\/media?parent=653332"}],"wp:term":[{"taxonomy":"category","embeddable":true,"href":"https:\/\/www.europesays.com\/de\/wp-json\/wp\/v2\/categories?post=653332"},{"taxonomy":"post_tag","embeddable":true,"href":"https:\/\/www.europesays.com\/de\/wp-json\/wp\/v2\/tags?post=653332"}],"curies":[{"name":"wp","href":"https:\/\/api.w.org\/{rel}","templated":true}]}}