{"id":653859,"date":"2025-12-17T23:27:16","date_gmt":"2025-12-17T23:27:16","guid":{"rendered":"https:\/\/www.europesays.com\/de\/653859\/"},"modified":"2025-12-17T23:27:16","modified_gmt":"2025-12-17T23:27:16","slug":"mislintat-glaubt-an-rasmussen-durchbruch-bei-f95","status":"publish","type":"post","link":"https:\/\/www.europesays.com\/de\/653859\/","title":{"rendered":"Mislintat glaubt an Rasmussen-Durchbruch bei F95"},"content":{"rendered":"<p class=\"text_ohne_einzug richtext text-em-55 !leading-serif mx-6 desktop:mx-0\">Die Begr\u00fc\u00dfung am Trainingsplatz wirkt fast schon herzlich. Sven Mislintat und Christian Rasmussen belassen es nach der ersten Einheit der Woche am Mittwoch n\u00e4mlich nicht bei einem blo\u00dfen, fl\u00fcchtigen Handschlag: Der neue Sportvorstand von Zweitligist Fortuna legt dem Rechtsau\u00dfen seinen linken Arm \u00fcber die Schulter, und der in den vergangenen Wochen so gl\u00fccklose D\u00e4ne erwidert diese Geste mit einem beherzten Griff nach dem R\u00fccken seines neuen, alten Wegbegleiters. Mislintat und Rasmussen haben schlie\u00dflich eine gemeinsame Vergangenheit \u2013 bei <a href=\"https:\/\/rp-online.de\/thema\/ajax-amsterdam\/\" rel=\"nofollow noopener\" target=\"_blank\">Ajax Amsterdam<\/a>.<\/p>\n","protected":false},"excerpt":{"rendered":"Die Begr\u00fc\u00dfung am Trainingsplatz wirkt fast schon herzlich. Sven Mislintat und Christian Rasmussen belassen es nach der ersten&hellip;\n","protected":false},"author":2,"featured_media":653860,"comment_status":"","ping_status":"","sticky":false,"template":"","format":"standard","meta":{"footnotes":""},"categories":[1831],"tags":[3364,29,3405,30,152504,1209],"class_list":{"0":"post-653859","1":"post","2":"type-post","3":"status-publish","4":"format-standard","5":"has-post-thumbnail","7":"category-duesseldorf","8":"tag-de","9":"tag-deutschland","10":"tag-duesseldorf","11":"tag-germany","12":"tag-mislintat","13":"tag-nordrhein-westfalen"},"share_on_mastodon":{"url":"https:\/\/pubeurope.com\/@de\/115737503034882840","error":""},"_links":{"self":[{"href":"https:\/\/www.europesays.com\/de\/wp-json\/wp\/v2\/posts\/653859","targetHints":{"allow":["GET"]}}],"collection":[{"href":"https:\/\/www.europesays.com\/de\/wp-json\/wp\/v2\/posts"}],"about":[{"href":"https:\/\/www.europesays.com\/de\/wp-json\/wp\/v2\/types\/post"}],"author":[{"embeddable":true,"href":"https:\/\/www.europesays.com\/de\/wp-json\/wp\/v2\/users\/2"}],"replies":[{"embeddable":true,"href":"https:\/\/www.europesays.com\/de\/wp-json\/wp\/v2\/comments?post=653859"}],"version-history":[{"count":0,"href":"https:\/\/www.europesays.com\/de\/wp-json\/wp\/v2\/posts\/653859\/revisions"}],"wp:featuredmedia":[{"embeddable":true,"href":"https:\/\/www.europesays.com\/de\/wp-json\/wp\/v2\/media\/653860"}],"wp:attachment":[{"href":"https:\/\/www.europesays.com\/de\/wp-json\/wp\/v2\/media?parent=653859"}],"wp:term":[{"taxonomy":"category","embeddable":true,"href":"https:\/\/www.europesays.com\/de\/wp-json\/wp\/v2\/categories?post=653859"},{"taxonomy":"post_tag","embeddable":true,"href":"https:\/\/www.europesays.com\/de\/wp-json\/wp\/v2\/tags?post=653859"}],"curies":[{"name":"wp","href":"https:\/\/api.w.org\/{rel}","templated":true}]}}