{"id":653861,"date":"2025-12-17T23:28:13","date_gmt":"2025-12-17T23:28:13","guid":{"rendered":"https:\/\/www.europesays.com\/de\/653861\/"},"modified":"2025-12-17T23:28:13","modified_gmt":"2025-12-17T23:28:13","slug":"so-praezise-war-der-ueberfall-auf-den-geldtransporter-geplant","status":"publish","type":"post","link":"https:\/\/www.europesays.com\/de\/653861\/","title":{"rendered":"So pr\u00e4zise war der \u00dcberfall auf den Geldtransporter geplant"},"content":{"rendered":"<p><a href=\"https:\/\/www.swr.de\/swraktuell\/baden-wuerttemberg\/stuttgart\/werttransporter-ueberfallen-filderstadt-100.html\" class=\"link link-inline inline-link\" title=\"Geldtransporter gestoppt und ausgeraubt - Nach Raub\u00fcberfall in Filderstadt sucht Polizei bewaffnete T\u00e4ter\" rel=\"nofollow noopener\" target=\"_blank\">Nach dem \u00dcberfall auf einen Geldtransporter in Filderstadt-Plattenhardt (Kreis Esslingen) hat die Polizei weitere Details bekannt gegeben.<\/a> Beamte haben die Fahrzeuge, die die T\u00e4ter oder T\u00e4terinnen vermutlich benutzt haben, in einer Scheune gefunden. Zuvor haben die Unbekannten die Scheune aufgebrochen und ausger\u00e4umt, um die Autos dort abzustellen.<br \/>Sie erbeuteten laut Polizei Bargeld in sechsstelliger H\u00f6he. <\/p>\n<p>Blockade-Taktik mit drei Autos<\/p>\n<p>Nach bisherigen Erkenntnissen setzten die R\u00e4uber auf eine Blockade-Taktik: Ein Fahrzeug fuhr dem Geldtransporter frontal entgegen und zwang ihn zum Anhalten, w\u00e4hrend zwei weitere Autos das Fahrzeug von hinten einkesselten. Eine der maskierten Personen bedrohte den Fahrer mit einer Schusswaffe, w\u00e4hrend die anderen den Laderaum des Transporters \u00f6ffneten und das Geld entwendeten. Die beiden Fahrer des Transporters wurden mit einer Schusswaffe bedroht, blieben den Angaben zufolge unverletzt und kamen mit dem Schrecken davon. <\/p>\n<p>Fluchtfahrzeug in Filderstadt angez\u00fcndet<\/p>\n<p>Nach dem \u00dcberfall setzten die Kriminellen eines ihrer Fluchtautos, einen BMW X5, in Brand. Die Staatsanwaltschaft geht davon aus, dass sie dadurch ihre Spuren verwischen wollten. Mit den anderen verbliebenen Autos fl\u00fcchteten sie. <\/p>\n<p>Ermittler der Kriminalpolizei suchen nun nach Hinweisen auf die T\u00e4ter oder T\u00e4terinnen. Sie trugen demnach dunkle Kleidung und waren w\u00e4hrend der Tat maskiert. <\/p>\n","protected":false},"excerpt":{"rendered":"Nach dem \u00dcberfall auf einen Geldtransporter in Filderstadt-Plattenhardt (Kreis Esslingen) hat die Polizei weitere Details bekannt gegeben. Beamte&hellip;\n","protected":false},"author":2,"featured_media":653862,"comment_status":"","ping_status":"","sticky":false,"template":"","format":"standard","meta":{"footnotes":""},"categories":[1830],"tags":[1634,3364,29,30,1441],"class_list":{"0":"post-653861","1":"post","2":"type-post","3":"status-publish","4":"format-standard","5":"has-post-thumbnail","7":"category-stuttgart","8":"tag-baden-wuerttemberg","9":"tag-de","10":"tag-deutschland","11":"tag-germany","12":"tag-stuttgart"},"share_on_mastodon":{"url":"https:\/\/pubeurope.com\/@de\/115737507115836877","error":""},"_links":{"self":[{"href":"https:\/\/www.europesays.com\/de\/wp-json\/wp\/v2\/posts\/653861","targetHints":{"allow":["GET"]}}],"collection":[{"href":"https:\/\/www.europesays.com\/de\/wp-json\/wp\/v2\/posts"}],"about":[{"href":"https:\/\/www.europesays.com\/de\/wp-json\/wp\/v2\/types\/post"}],"author":[{"embeddable":true,"href":"https:\/\/www.europesays.com\/de\/wp-json\/wp\/v2\/users\/2"}],"replies":[{"embeddable":true,"href":"https:\/\/www.europesays.com\/de\/wp-json\/wp\/v2\/comments?post=653861"}],"version-history":[{"count":0,"href":"https:\/\/www.europesays.com\/de\/wp-json\/wp\/v2\/posts\/653861\/revisions"}],"wp:featuredmedia":[{"embeddable":true,"href":"https:\/\/www.europesays.com\/de\/wp-json\/wp\/v2\/media\/653862"}],"wp:attachment":[{"href":"https:\/\/www.europesays.com\/de\/wp-json\/wp\/v2\/media?parent=653861"}],"wp:term":[{"taxonomy":"category","embeddable":true,"href":"https:\/\/www.europesays.com\/de\/wp-json\/wp\/v2\/categories?post=653861"},{"taxonomy":"post_tag","embeddable":true,"href":"https:\/\/www.europesays.com\/de\/wp-json\/wp\/v2\/tags?post=653861"}],"curies":[{"name":"wp","href":"https:\/\/api.w.org\/{rel}","templated":true}]}}