{"id":653925,"date":"2025-12-18T00:06:17","date_gmt":"2025-12-18T00:06:17","guid":{"rendered":"https:\/\/www.europesays.com\/de\/653925\/"},"modified":"2025-12-18T00:06:17","modified_gmt":"2025-12-18T00:06:17","slug":"hattinger-strasse-in-gelsenkirchen-wieder-frei","status":"publish","type":"post","link":"https:\/\/www.europesays.com\/de\/653925\/","title":{"rendered":"Hattinger Stra\u00dfe in Gelsenkirchen wieder frei"},"content":{"rendered":"<p>            <a href=\"https:\/\/supertipp-online.de\/wp-content\/uploads\/2022\/02\/Strasse.jpg\" data-caption=\"Die Fahrbahnmarkierung auf einer Stra\u00dfe ist zu sehen. Foto: pixabay\/Symbolbild\" rel=\"nofollow noopener\" target=\"_blank\"><img loading=\"lazy\" decoding=\"async\" width=\"696\" height=\"392\" class=\"entry-thumb td-modal-image\" src=\"data:image\/svg+xml,%3Csvg%20xmlns=\" http:=\"\" data-lazy- data-lazy- alt=\"Die Fahrbahnmarkierung auf einer Stra\u00dfe ist zu sehen. Foto: pixabay\/Symbolbild\" title=\"Stra\u00dfe\" data-lazy-src=\"https:\/\/www.europesays.com\/de\/wp-content\/uploads\/2025\/12\/Strasse-696x392.jpg\"\/><\/a>Die Fahrbahnmarkierung auf einer Stra\u00dfe ist zu sehen. Foto: pixabay\/Symbolbild<\/p>\n<p><strong>Gelsenkirchen. Die Stra\u00dfen NRW-Regionalniederlassung Ruhr hat einen besch\u00e4digten Durchlass unterhalb der B227 (Hattinger Stra\u00dfe) in Gelsenkirchen ersetzt. <\/strong><\/p>\n<p>Seit Mittwochnachmittag, 17. Dezember, ist die Sperrung zwischen Krayer Stra\u00dfe und Wetterstra\u00dfe aufgehoben und die B227 wieder in beide Richtungen befahrbar. Die A40-Anschlussstelle Gelsenkirchen-S\u00fcd wird im Laufe der Nacht wieder freigegeben.<\/p>\n<p><a href=\"https:\/\/supertipp-online.de\/author\/avolkmann\" rel=\"nofollow noopener\" target=\"_blank\"><img loading=\"lazy\" decoding=\"async\" src=\"data:image\/svg+xml,%3Csvg%20xmlns=\" http:=\"\" width=\"200\" height=\"200\" alt=\"\" itemprop=\"image\" data-lazy-src=\"https:\/\/www.europesays.com\/de\/wp-content\/uploads\/2025\/04\/AndreVolkmann.jpg\"\/><\/a><\/p>\n<p>\u2026knipst oft Fotos in Schr\u00e4glage, um die Lokalnachrichten aus dem Kreis Mettmann zu bebildern und nennt das dann \u201cFotokunst\u201d. Spezialgebiete sind Rechtsthemen, Internet, Technik und Unterhaltung. Er ist mit der Kamera oft in Neviges unterwegs. Spielt Brettspiele und Videogames.<\/p>\n<p><strong>Motto<\/strong>: \u201cOnline ist f\u00fcr alles Platz\u201d<\/p>\n<p><strong>Mag<\/strong>: <a href=\"http:\/\/spielpunkt.net\" rel=\"noopener nofollow\" target=\"_blank\">Spiele<\/a>| <a href=\"https:\/\/supertipp-online.de\/tag\/oepnv\" rel=\"noopener nofollow\" target=\"_blank\">\u00d6PNV<\/a> | <a href=\"https:\/\/supertipp-online.de\/tag\/wetter\" rel=\"noopener nofollow\" target=\"_blank\">Wetter<\/a> | <a href=\"https:\/\/supertipp-online.de\/tag\/natur\" rel=\"nofollow noopener\" target=\"_blank\">Natur<\/a><\/p>\n<p>Sie m\u00f6chten w\u00f6chentlich den Gru\u00df aus der Redaktion erhalten? Abonnieren Sie unseren Newsletter: <a href=\"https:\/\/supertipp-online.de\/newsletter\" rel=\"noopener nofollow\" target=\"_blank\">Kostenlos dabei sein<\/a>.<\/p>\n","protected":false},"excerpt":{"rendered":"Die Fahrbahnmarkierung auf einer Stra\u00dfe ist zu sehen. Foto: pixabay\/Symbolbild Gelsenkirchen. Die Stra\u00dfen NRW-Regionalniederlassung Ruhr hat einen besch\u00e4digten&hellip;\n","protected":false},"author":2,"featured_media":653926,"comment_status":"","ping_status":"","sticky":false,"template":"","format":"standard","meta":{"footnotes":""},"categories":[1848],"tags":[3364,29,548,663,3934,3658,30,13,14,15,1209,12],"class_list":{"0":"post-653925","1":"post","2":"type-post","3":"status-publish","4":"format-standard","5":"has-post-thumbnail","7":"category-gelsenkirchen","8":"tag-de","9":"tag-deutschland","10":"tag-eu","11":"tag-europa","12":"tag-europe","13":"tag-gelsenkirchen","14":"tag-germany","15":"tag-headlines","16":"tag-nachrichten","17":"tag-news","18":"tag-nordrhein-westfalen","19":"tag-schlagzeilen"},"share_on_mastodon":{"url":"https:\/\/pubeurope.com\/@de\/115737656362520142","error":""},"_links":{"self":[{"href":"https:\/\/www.europesays.com\/de\/wp-json\/wp\/v2\/posts\/653925","targetHints":{"allow":["GET"]}}],"collection":[{"href":"https:\/\/www.europesays.com\/de\/wp-json\/wp\/v2\/posts"}],"about":[{"href":"https:\/\/www.europesays.com\/de\/wp-json\/wp\/v2\/types\/post"}],"author":[{"embeddable":true,"href":"https:\/\/www.europesays.com\/de\/wp-json\/wp\/v2\/users\/2"}],"replies":[{"embeddable":true,"href":"https:\/\/www.europesays.com\/de\/wp-json\/wp\/v2\/comments?post=653925"}],"version-history":[{"count":0,"href":"https:\/\/www.europesays.com\/de\/wp-json\/wp\/v2\/posts\/653925\/revisions"}],"wp:featuredmedia":[{"embeddable":true,"href":"https:\/\/www.europesays.com\/de\/wp-json\/wp\/v2\/media\/653926"}],"wp:attachment":[{"href":"https:\/\/www.europesays.com\/de\/wp-json\/wp\/v2\/media?parent=653925"}],"wp:term":[{"taxonomy":"category","embeddable":true,"href":"https:\/\/www.europesays.com\/de\/wp-json\/wp\/v2\/categories?post=653925"},{"taxonomy":"post_tag","embeddable":true,"href":"https:\/\/www.europesays.com\/de\/wp-json\/wp\/v2\/tags?post=653925"}],"curies":[{"name":"wp","href":"https:\/\/api.w.org\/{rel}","templated":true}]}}